{"id":661646,"date":"2026-01-13T23:07:11","date_gmt":"2026-01-13T23:07:11","guid":{"rendered":"https:\/\/www.europesays.com\/fr\/661646\/"},"modified":"2026-01-13T23:07:11","modified_gmt":"2026-01-13T23:07:11","slug":"marseille-deroule-face-a-bayeux","status":"publish","type":"post","link":"https:\/\/www.europesays.com\/fr\/661646\/","title":{"rendered":"Marseille d\u00e9roule face \u00e0 Bayeux"},"content":{"rendered":"<p>Appliqu\u00e9 et sans fioritures, Marseille a logiquement \u00e9cras\u00e9 Bayeux (9-0), \u00e9quipe de R\u00e9gional 1 (6e division), mardi en cl\u00f4ture des 16es de finale de la Coupe de France pour s&rsquo;offrir un 8e \u00e0 domicile contre Rennes, d\u00e9but f\u00e9vrier. La comp\u00e9tition semble d\u00e9sormais ouverte comme jamais avec l&rsquo;\u00e9limination du Paris SG lundi par le Paris FC (0-1).<\/p>\n<p>En attendant, comme au tour pr\u00e9c\u00e9dent face \u00e0 Bourg-P\u00e9ronnas (D3, 6-0), les hommes de <a href=\"https:\/\/www.ledauphine.com\/p\/roberto-de-zerbi\" target=\"_blank\" rel=\"noopener\">Roberto De Zerbi<\/a> ont fait preuve du plus grand s\u00e9rieux dans un Stade Michel-d&rsquo;Ornano de Caen \u00e0 guichets ferm\u00e9s et largement acquis \u00e0 la cause des bleu et jaune.<\/p>\n<p><strong>&gt;&gt; LIRE AUSSI\u00a0: <a href=\"https:\/\/www.ledauphine.com\/sport\/2026\/01\/13\/coupe-de-france-deux-oppositions-entre-clubs-de-ligue-1-lyon-epargne\" target=\"_blank\" rel=\"noopener\">Trois oppositions entre clubs de Ligue 1, Lyon \u00e9pargn\u00e9&#8230; le tirage au sort des huiti\u00e8mes de finale de la Coupe de France<\/a><\/strong><\/p>\n<p>Devant le millier de leurs supporters qui avait fait le d\u00e9placement avec une banderole en hommage \u00e0 leur ancien joueur et entra\u00eeneur <a href=\"https:\/\/www.ledauphine.com\/p\/roland-courbis\" target=\"_blank\" rel=\"noopener\">Rolland Courbis<\/a> &#8211; \u00ab Repose en paix Rolland, ton passage marseillais restera \u00e0 jamais grav\u00e9 \u00bb -, l&rsquo;OM a rapidement \u00e9limin\u00e9 tout suspense.<\/p>\n<p>Apr\u00e8s deux coups de semonce d&rsquo;Amir Murillo (2e) et Emerson Palmieri (3e), une belle ouverture de Mason Greenwod a permis au Panam\u00e9en de trouver Angel Gomes en retrait pour l&rsquo;ouverture du score d\u00e8s la 13e minute.<\/p>\n<p>Six minutes plus tard, Hamed Traor\u00e9, \u00e0 l&rsquo;aff\u00fbt au point de penalty a profit\u00e9 d&rsquo;une sortie a\u00e9rienne un peu courte d&rsquo;Oscar Lecanu pour doubler la mise malgr\u00e9 deux d\u00e9fenseurs entre le but et lui (0-2, 19e).<\/p>\n<p>La bonne entente entre Gouiri et Greenwood<\/p>\n<p>Jouant cr\u00e2nement leur chance, les Normands se sont ensuite faits punir apr\u00e8s un pressing \u00e0 6 dans les 20 m\u00e8tres marseillais, Greenwood \u00e9tant trouv\u00e9 sur la droite \u00e0 la conclusion d&rsquo;un contre \u00e9clair pour le 0-3 (26e).<\/p>\n<p>Gouiri, qui avait rat\u00e9 le 0-4 \u00e0 la 30e face au but, s&rsquo;est rattrap\u00e9 deux minutes plus tard sur une occasion pratiquement identique, offrant un large avantage de quatre buts au retour aux vestiaires.<\/p>\n<p>En seconde p\u00e9riode, Gouiri et Greenwood se sont fait des politesses, le premier servant le second \u00e0 quelques centim\u00e8tres du but pour le 0-5 (49e) avant que l&rsquo;Anglais ne lui rendre la pareille six minutes plus tard (0-6, 55e).<\/p>\n<p>Toujours pas rassasi\u00e9s, les Phoc\u00e9ens ont aggrav\u00e9 la marque par Conrad Egan-Riley (0-7, 80e), Neal Maupay (0-8, 86e) et Greenwood, pour son tripl\u00e9 (0-9, 90e).<\/p>\n","protected":false},"excerpt":{"rendered":"Appliqu\u00e9 et sans fioritures, Marseille a logiquement \u00e9cras\u00e9 Bayeux (9-0), \u00e9quipe de R\u00e9gional 1 (6e division), mardi en&hellip;\n","protected":false},"author":2,"featured_media":661647,"comment_status":"","ping_status":"","sticky":false,"template":"","format":"standard","meta":{"footnotes":""},"categories":[2814],"tags":[1111,11,1777,674,107,63,1011,27,884,12,882,25,517,1947],"class_list":{"0":"post-661646","1":"post","2":"type-post","3":"status-publish","4":"format-standard","5":"has-post-thumbnail","7":"category-marseille","8":"tag-actu","9":"tag-actualites","10":"tag-eu","11":"tag-europe","12":"tag-fil-info","13":"tag-football","14":"tag-fr","15":"tag-france","16":"tag-marseille","17":"tag-news","18":"tag-provence-alpes-cote-dazur","19":"tag-republique-francaise","20":"tag-sport","21":"tag-sport-national"},"share_on_mastodon":{"url":"https:\/\/pubeurope.com\/@fr\/115890306642836979","error":""},"_links":{"self":[{"href":"https:\/\/www.europesays.com\/fr\/wp-json\/wp\/v2\/posts\/661646","targetHints":{"allow":["GET"]}}],"collection":[{"href":"https:\/\/www.europesays.com\/fr\/wp-json\/wp\/v2\/posts"}],"about":[{"href":"https:\/\/www.europesays.com\/fr\/wp-json\/wp\/v2\/types\/post"}],"author":[{"embeddable":true,"href":"https:\/\/www.europesays.com\/fr\/wp-json\/wp\/v2\/users\/2"}],"replies":[{"embeddable":true,"href":"https:\/\/www.europesays.com\/fr\/wp-json\/wp\/v2\/comments?post=661646"}],"version-history":[{"count":0,"href":"https:\/\/www.europesays.com\/fr\/wp-json\/wp\/v2\/posts\/661646\/revisions"}],"wp:featuredmedia":[{"embeddable":true,"href":"https:\/\/www.europesays.com\/fr\/wp-json\/wp\/v2\/media\/661647"}],"wp:attachment":[{"href":"https:\/\/www.europesays.com\/fr\/wp-json\/wp\/v2\/media?parent=661646"}],"wp:term":[{"taxonomy":"category","embeddable":true,"href":"https:\/\/www.europesays.com\/fr\/wp-json\/wp\/v2\/categories?post=661646"},{"taxonomy":"post_tag","embeddable":true,"href":"https:\/\/www.europesays.com\/fr\/wp-json\/wp\/v2\/tags?post=661646"}],"curies":[{"name":"wp","href":"https:\/\/api.w.org\/{rel}","templated":true}]}}