{"id":661648,"date":"2026-01-13T23:08:10","date_gmt":"2026-01-13T23:08:10","guid":{"rendered":"https:\/\/www.europesays.com\/fr\/661648\/"},"modified":"2026-01-13T23:08:10","modified_gmt":"2026-01-13T23:08:10","slug":"gregory-doucet-fait-une-promesse-ferme-face-aux-incivilites","status":"publish","type":"post","link":"https:\/\/www.europesays.com\/fr\/661648\/","title":{"rendered":"Gr\u00e9gory Doucet fait une promesse \u00ab\u00a0ferme\u00a0\u00bb face aux incivilit\u00e9s"},"content":{"rendered":"<p>                    Par<br \/>\n        <strong><br \/>\n            <a href=\"https:\/\/actu.fr\/auteur\/nicolas-zaugra\" title=\"Consulter tous les articles de Nicolas Zaugra\" target=\"_blank\" rel=\"noopener\">Nicolas Zaugra<\/a><br \/>\n                    <\/strong><\/p>\n<p>        Publi\u00e9 le<\/p>\n<p>            13 janv. 2026 \u00e0 21h03        <\/p>\n<p><strong>Gr\u00e9gory Doucet<\/strong> poursuit sa campagne des <a href=\"https:\/\/actu.fr\/tag\/municipales-2026\" target=\"_blank\" rel=\"noopener\">municipales<\/a> en pr\u00e9sentant ses mesures en cas de r\u00e9\u00e9lection pour un deuxi\u00e8me mandat. Le maire sortant \u00e9cologiste, candidat de l\u2019union de la gauche, d\u00e9fend d\u00e9sormais la cr\u00e9ation d\u2019une brigade \u00ab\u00a0anti-incivilit\u00e9s pour assurer le vivre ensemble\u00a0\u00bb dans la ville.\u00a0<\/p>\n<p>Une nouvelle brigade de 50 agents<\/p>\n<p class=\" wall-content\">La brigade de <strong>50 agents municipaux<\/strong> doit lutter contre \u00ab\u00a0des infractions \u00e0 la circulation, des abandons de d\u00e9chets ou la cr\u00e9ation de tags\u00a0\u00bb, selon son \u00e9quipe de campagne. Le maire a d\u00fb faire face \u00e0 de <a href=\"https:\/\/actu.fr\/auvergne-rhone-alpes\/lyon_69123\/lyon-trop-de-tags-sous-pression-face-a-l-explosion-du-phenomene-une-operation-nettoyage-lancee_62475564.html\" target=\"_blank\" rel=\"noopener\">nombreux reproches d\u2019habitants et de son opposition pendant six ans sur le sujet de la salet\u00e9 et des incivilit\u00e9s<\/a> du quotidien dans <a href=\"https:\/\/actu.fr\/auvergne-rhone-alpes\/lyon_69123\" target=\"_blank\" rel=\"noopener\">Lyon<\/a>. Sur BFM Lyon, il a d\u00e9fendu sa mesure.<\/p>\n<p class=\" wall-content\">\u00ab\u00a0C\u2019est d\u2019abord les incivilit\u00e9s du quotidien, les d\u00e9p\u00f4ts d\u2019ordures, les tags, les gens qui vont uriner n\u2019importe o\u00f9 : tout \u00e7a il faut le relever et le sanctionner. Un d\u00e9p\u00f4t sauvage d\u2019ordures ce n\u2019est pas acceptable\u00a0\u00bb, a expliqu\u00e9 le maire lors d\u2019une \u00e9mission tourn\u00e9e dans le 3e arrondissement.\u00a0<\/p>\n<p class=\" wall-content\">\n<p>\u00ab\u00a0Des patrouilles en bin\u00f4me dans la rue\u00a0\u00bb<\/p>\n<p class=\" wall-content\">Ces agents seront cens\u00e9s patrouiller dans les rues \u00ab\u00a0le plus souvent en bin\u00f4me\u00a0\u00bb, \u00ab\u00a0c\u2019est aussi une pr\u00e9sence de proximit\u00e9, c\u2019est fondamental. Ils seront l\u00e0 aussi bien pour pr\u00e9venir que sanctionner mais aussi pour signaler, pour faire en sorte que les services qui nettoient ou ceux qui enl\u00e8vent les tags puissent agir le plus vite possible.<\/p>\n<p class=\" wall-content\">\u00ab\u00a0Compos\u00e9es d\u2019environ 50 nouveaux agents, policiers municipaux et ASVP, cette brigade patrouillera \u00e0 pied et \u00e0 v\u00e9lo pour garantir une pr\u00e9sence visible et identifiable dans l\u2019ensemble des quartiers\u00a0\u00bb, ajoute le communiqu\u00e9 de la campagne \u00ab\u00a0Vivre Lyon\u00a0\u00bb, le nom de la liste du maire sortant.<\/p>\n<p class=\" wall-content\">Le maire promet une \u00ab\u00a0action ferme contre les incivilit\u00e9s\u00a0\u00bb gr\u00e2ce \u00e0 ces 50 agents en plus de la police municipale existante. Ils arriveront \u00ab\u00a0rapidement\u00a0\u00bb apr\u00e8s la r\u00e9\u00e9lection de <a href=\"https:\/\/actu.fr\/tag\/gregory-doucet\" target=\"_blank\" rel=\"noopener\">Gr\u00e9gory Doucet<\/a> en cas de victoire, a-t-il dit.\u00a0<\/p>\n<p class=\" wall-content\">Personnalisez votre actualit\u00e9 en ajoutant vos villes et m\u00e9dias en favori avec <a href=\"https:\/\/moncompte.actu.fr\" title=\"D\u00e9couvez Mon Actu\" rel=\"nofollow noopener\" data-trk=\"{&quot;cta&quot;:{&quot;action&quot;:&quot;https:\\\/\\\/moncompte.actu.fr&quot;,&quot;category&quot;:&quot;mon compte&quot;,&quot;from&quot;:&quot;article footer&quot;,&quot;name&quot;:&quot;Mon actu&quot;,&quot;type&quot;:&quot;cta&quot;}}\" target=\"_blank\">Mon Actu<\/a>.<\/p>\n","protected":false},"excerpt":{"rendered":"Par Nicolas Zaugra Publi\u00e9 le 13 janv. 2026 \u00e0 21h03 Gr\u00e9gory Doucet poursuit sa campagne des municipales en&hellip;\n","protected":false},"author":2,"featured_media":661649,"comment_status":"","ping_status":"","sticky":false,"template":"","format":"standard","meta":{"footnotes":""},"categories":[1889],"tags":[1111,11,2430,4188,1777,674,1011,27,5226,2428,3434,12,316,25],"class_list":{"0":"post-661648","1":"post","2":"type-post","3":"status-publish","4":"format-standard","5":"has-post-thumbnail","7":"category-lyon","8":"tag-actu","9":"tag-actualites","10":"tag-auvergne-rhone-alpes","11":"tag-elections-municipales","12":"tag-eu","13":"tag-europe","14":"tag-fr","15":"tag-france","16":"tag-gregory-doucet","17":"tag-lyon","18":"tag-municipales-2026","19":"tag-news","20":"tag-politique","21":"tag-republique-francaise"},"share_on_mastodon":{"url":"https:\/\/pubeurope.com\/@fr\/115890310630728926","error":""},"_links":{"self":[{"href":"https:\/\/www.europesays.com\/fr\/wp-json\/wp\/v2\/posts\/661648","targetHints":{"allow":["GET"]}}],"collection":[{"href":"https:\/\/www.europesays.com\/fr\/wp-json\/wp\/v2\/posts"}],"about":[{"href":"https:\/\/www.europesays.com\/fr\/wp-json\/wp\/v2\/types\/post"}],"author":[{"embeddable":true,"href":"https:\/\/www.europesays.com\/fr\/wp-json\/wp\/v2\/users\/2"}],"replies":[{"embeddable":true,"href":"https:\/\/www.europesays.com\/fr\/wp-json\/wp\/v2\/comments?post=661648"}],"version-history":[{"count":0,"href":"https:\/\/www.europesays.com\/fr\/wp-json\/wp\/v2\/posts\/661648\/revisions"}],"wp:featuredmedia":[{"embeddable":true,"href":"https:\/\/www.europesays.com\/fr\/wp-json\/wp\/v2\/media\/661649"}],"wp:attachment":[{"href":"https:\/\/www.europesays.com\/fr\/wp-json\/wp\/v2\/media?parent=661648"}],"wp:term":[{"taxonomy":"category","embeddable":true,"href":"https:\/\/www.europesays.com\/fr\/wp-json\/wp\/v2\/categories?post=661648"},{"taxonomy":"post_tag","embeddable":true,"href":"https:\/\/www.europesays.com\/fr\/wp-json\/wp\/v2\/tags?post=661648"}],"curies":[{"name":"wp","href":"https:\/\/api.w.org\/{rel}","templated":true}]}}