{"id":661660,"date":"2026-01-13T23:15:29","date_gmt":"2026-01-13T23:15:29","guid":{"rendered":"https:\/\/www.europesays.com\/fr\/661660\/"},"modified":"2026-01-13T23:15:29","modified_gmt":"2026-01-13T23:15:29","slug":"le-gouvernement-annonce-un-projet-de-loi-durgence-agricole-apres-une-nouvelle-manifestation-des-syndicats-a-paris","status":"publish","type":"post","link":"https:\/\/www.europesays.com\/fr\/661660\/","title":{"rendered":"le gouvernement annonce un \u00ab\u00a0projet de loi d\u2019urgence\u00a0\u00bb agricole apr\u00e8s une nouvelle manifestation des syndicats \u00e0 Paris"},"content":{"rendered":"<p>   C\u2019est \u00ab\u00a0un coup dur pour le Salon\u00a0\u00bb de l\u2019agriculture, dit son pr\u00e9sident, J\u00e9r\u00f4me Despey, o\u00f9 aucun bovin ne sera pr\u00e9sent             <\/p>\n<p class=\"post__live-container--answer-text post__space-node\">C\u2019est une premi\u00e8re dans l\u2019histoire de la manifestation, cr\u00e9\u00e9e en\u00a01964\u00a0: les organismes de s\u00e9lection des races bovines ont d\u00e9cid\u00e9 de ne pas pr\u00e9senter de bovins au concours g\u00e9n\u00e9ral agricole et refus\u00e9 la pr\u00e9sence, m\u00eame symbolique, de quelques vaches, dont Biguine, l\u2019\u00e9g\u00e9rie brahman venue de la Martinique.<\/p>\n<p class=\"post__live-container--answer-text post__space-node\">C\u2019est \u00ab\u00a0un coup dur pour le salon\u00a0\u00bb, qui laisse ses organisateurs \u00ab\u00a0profond\u00e9ment attrist\u00e9s\u00a0\u00bb, a d\u00e9clar\u00e9 mardi \u00e0 la presse son pr\u00e9sident, J\u00e9r\u00f4me Despey, ajoutant respecter le choix des \u00e9leveurs. Cette d\u00e9cision intervient alors m\u00eame que \u00ab\u00a085\u00a0% des bovins\u00a0\u00bb parmi les 500\u00a0\u00e0 600\u00a0qui devaient concourir venaient de zones indemnes de la dermatose nodulaire contagieuse (DNC).<\/p>\n<p class=\"post__live-container--answer-text post__space-node\">Mais le protocole sanitaire pourtant strict du salon \u2013 qui s\u2019ouvre cette ann\u00e9e le 21\u00a0f\u00e9vrier \u2013 n\u2019a pas convaincu\u00a0: \u00ab\u00a0quand on \u00e9l\u00e8ve pendant plusieurs ann\u00e9es des b\u00eates de concours, on peut comprendre la peur des \u00e9leveurs\u00a0\u00bb qui ont choisi de ne pas transporter leurs meilleurs animaux, a expliqu\u00e9 Arnaud Lemoine, directeur du Ceneca, organisateur du salon.<\/p>\n<p class=\"post__live-container--answer-text post__space-node\">Les autres animaux (cochons, ovins, chiens, chats, chevaux et \u00e2nes) seront bien pr\u00e9sents, ainsi que les milliers d\u2019exposants de produits de diff\u00e9rentes r\u00e9gions.<\/p>\n","protected":false},"excerpt":{"rendered":"C\u2019est \u00ab\u00a0un coup dur pour le Salon\u00a0\u00bb de l\u2019agriculture, dit son pr\u00e9sident, J\u00e9r\u00f4me Despey, o\u00f9 aucun bovin ne&hellip;\n","protected":false},"author":2,"featured_media":661661,"comment_status":"","ping_status":"","sticky":false,"template":"","format":"standard","meta":{"footnotes":""},"categories":[1888],"tags":[11,1777,674,1011,27,12,626,25],"class_list":{"0":"post-661660","1":"post","2":"type-post","3":"status-publish","4":"format-standard","5":"has-post-thumbnail","7":"category-paris","8":"tag-actualites","9":"tag-eu","10":"tag-europe","11":"tag-fr","12":"tag-france","13":"tag-news","14":"tag-paris","15":"tag-republique-francaise"},"share_on_mastodon":{"url":"https:\/\/pubeurope.com\/@fr\/115890338586376559","error":""},"_links":{"self":[{"href":"https:\/\/www.europesays.com\/fr\/wp-json\/wp\/v2\/posts\/661660","targetHints":{"allow":["GET"]}}],"collection":[{"href":"https:\/\/www.europesays.com\/fr\/wp-json\/wp\/v2\/posts"}],"about":[{"href":"https:\/\/www.europesays.com\/fr\/wp-json\/wp\/v2\/types\/post"}],"author":[{"embeddable":true,"href":"https:\/\/www.europesays.com\/fr\/wp-json\/wp\/v2\/users\/2"}],"replies":[{"embeddable":true,"href":"https:\/\/www.europesays.com\/fr\/wp-json\/wp\/v2\/comments?post=661660"}],"version-history":[{"count":0,"href":"https:\/\/www.europesays.com\/fr\/wp-json\/wp\/v2\/posts\/661660\/revisions"}],"wp:featuredmedia":[{"embeddable":true,"href":"https:\/\/www.europesays.com\/fr\/wp-json\/wp\/v2\/media\/661661"}],"wp:attachment":[{"href":"https:\/\/www.europesays.com\/fr\/wp-json\/wp\/v2\/media?parent=661660"}],"wp:term":[{"taxonomy":"category","embeddable":true,"href":"https:\/\/www.europesays.com\/fr\/wp-json\/wp\/v2\/categories?post=661660"},{"taxonomy":"post_tag","embeddable":true,"href":"https:\/\/www.europesays.com\/fr\/wp-json\/wp\/v2\/tags?post=661660"}],"curies":[{"name":"wp","href":"https:\/\/api.w.org\/{rel}","templated":true}]}}