{"id":661664,"date":"2026-01-13T23:17:14","date_gmt":"2026-01-13T23:17:14","guid":{"rendered":"https:\/\/www.europesays.com\/fr\/661664\/"},"modified":"2026-01-13T23:17:14","modified_gmt":"2026-01-13T23:17:14","slug":"le-parlement-soppose-a-la-nomination-du-candidat-de-zelensky-a-lenergie","status":"publish","type":"post","link":"https:\/\/www.europesays.com\/fr\/661664\/","title":{"rendered":"Le Parlement s&rsquo;oppose \u00e0 la nomination du candidat de Zelensky \u00e0 l&rsquo;Energie"},"content":{"rendered":"<p class=\"upper-letter\">par \u200cYuliia Dysa et Dan Peleschuk<\/p>\n<p>KYIV, 13 janvier (Reuters) &#8211;     Le Parlement ukrainien n&rsquo;a pas approuv\u00e9 mardi la nomination de l&rsquo;ancien ministre \u200dde la D\u00e9fense, Denys Chmyhal, au poste de ministre de l&rsquo;Energie, une d\u00e9cision surprise qui vient contrarier les projets du pr\u00e9sident Volodimir Zelensky, qui avait propos\u00e9 son nom pour \u200dce portefeuille.<\/p>\n<p>Volodimir Zelensky avait propos\u00e9 au d\u00e9but \u200ddu mois \u00e0 Denys Chmyhal, qui a occup\u00e9 les fonctions de Premier ministre pendant \u2060cinq ans avant d&rsquo;\u00eatre nomm\u00e9 ministre de la D\u00e9fense l&rsquo;an \u200bdernier, de devenir ministre de l&rsquo;Energie.<\/p>\n<p>Le pr\u00e9sident ukrainien avait demand\u00e9 aux parlementaires de soutenir cette candidature, \u200baffirmant que l&rsquo;exp\u00e9rience de Denys Chmyhal \u00e9tait essentielle pour garantir la stabilit\u00e9 du secteur \u00e9nerg\u00e9tique \u2060face \u00e0 l&rsquo;intensification des attaques russes.<\/p>\n<p>Un \u2060scandale de corruption portant sur le d\u00e9tournement pr\u00e9sum\u00e9 de 100 millions de dollars a entra\u00een\u00e9 au mois de novembre la \u200cdestitution de l&rsquo;ancienne ministre de l&rsquo;Energie, Svitlana Hryntchouk.<\/p>\n<p>Le poste est depuis vacant alors \u200dque la Russie a fortement augment\u00e9 le nombre et l&rsquo;intensit\u00e9 de ses attaques contre le syst\u00e8me \u00e9nerg\u00e9tique \u2060et logistique ukrainien, privant des millions de personnes d&rsquo;\u00e9lectricit\u00e9 et de chauffage dans des temp\u00e9ratures glaciales.<\/p>\n<p>La candidature de Denys Chmyhal n&rsquo;a recueilli que 210 voix, sur les 226 n\u00e9cessaires pour \u00eatre approuv\u00e9e. Trois partis d&rsquo;opposition se sont \u200dabstenus et une vingtaine de d\u00e9put\u00e9s du parti de \u200bVolodimir Zelensky n&rsquo;ont pas pris part au vote.<\/p>\n<p>Un nouveau vote \u200bsur la nomination de Denys Chmyhal interviendra mercredi, ont \u200ddit des d\u00e9put\u00e9s.<\/p>\n<p> (version fran\u00e7aise Camille Raynaud, \u00e9dit\u00e9 par Zhifan Liu)<\/p>\n","protected":false},"excerpt":{"rendered":"par \u200cYuliia Dysa et Dan Peleschuk KYIV, 13 janvier (Reuters) &#8211; Le Parlement ukrainien n&rsquo;a pas approuv\u00e9 mardi&hellip;\n","protected":false},"author":2,"featured_media":661665,"comment_status":"","ping_status":"","sticky":false,"template":"","format":"standard","meta":{"footnotes":""},"categories":[1590],"tags":[11,1777,674,12,220],"class_list":{"0":"post-661664","1":"post","2":"type-post","3":"status-publish","4":"format-standard","5":"has-post-thumbnail","7":"category-ukraine","8":"tag-actualites","9":"tag-eu","10":"tag-europe","11":"tag-news","12":"tag-ukraine"},"share_on_mastodon":{"url":"https:\/\/pubeurope.com\/@fr\/115890345959211493","error":""},"_links":{"self":[{"href":"https:\/\/www.europesays.com\/fr\/wp-json\/wp\/v2\/posts\/661664","targetHints":{"allow":["GET"]}}],"collection":[{"href":"https:\/\/www.europesays.com\/fr\/wp-json\/wp\/v2\/posts"}],"about":[{"href":"https:\/\/www.europesays.com\/fr\/wp-json\/wp\/v2\/types\/post"}],"author":[{"embeddable":true,"href":"https:\/\/www.europesays.com\/fr\/wp-json\/wp\/v2\/users\/2"}],"replies":[{"embeddable":true,"href":"https:\/\/www.europesays.com\/fr\/wp-json\/wp\/v2\/comments?post=661664"}],"version-history":[{"count":0,"href":"https:\/\/www.europesays.com\/fr\/wp-json\/wp\/v2\/posts\/661664\/revisions"}],"wp:featuredmedia":[{"embeddable":true,"href":"https:\/\/www.europesays.com\/fr\/wp-json\/wp\/v2\/media\/661665"}],"wp:attachment":[{"href":"https:\/\/www.europesays.com\/fr\/wp-json\/wp\/v2\/media?parent=661664"}],"wp:term":[{"taxonomy":"category","embeddable":true,"href":"https:\/\/www.europesays.com\/fr\/wp-json\/wp\/v2\/categories?post=661664"},{"taxonomy":"post_tag","embeddable":true,"href":"https:\/\/www.europesays.com\/fr\/wp-json\/wp\/v2\/tags?post=661664"}],"curies":[{"name":"wp","href":"https:\/\/api.w.org\/{rel}","templated":true}]}}