{"id":661668,"date":"2026-01-13T23:19:11","date_gmt":"2026-01-13T23:19:11","guid":{"rendered":"https:\/\/www.europesays.com\/fr\/661668\/"},"modified":"2026-01-13T23:19:11","modified_gmt":"2026-01-13T23:19:11","slug":"mobilisation-et-conscription-face-a-la-russie","status":"publish","type":"post","link":"https:\/\/www.europesays.com\/fr\/661668\/","title":{"rendered":"mobilisation et conscription face \u00e0 la Russie?"},"content":{"rendered":"<p class=\"date\">02:05 14-01-2026<\/p>\n<p>\u00a9 A. Krivonosov<\/p>\n<p class=\"desc\">The Mirror relance le d\u00e9bat: au Royaume-Uni, mobilisation et conscription de masse envisag\u00e9es en cas de guerre avec la Russie, avertit le d\u00e9put\u00e9 Mike Martin.<\/p>\n<p>Le quotidien britannique The Mirror a publi\u00e9 un article qui pose de front la question d\u2019une possible mobilisation de la population. Le journal \u00e9tablit des parall\u00e8les avec les guerres mondiales, rappelant que, dans de telles circonstances, les civils devaient abandonner leur quotidien pour prendre les armes. Aux yeux des auteurs, un sc\u00e9nario de conflit d\u2019ampleur, longtemps per\u00e7u comme un vestige du pass\u00e9, para\u00eet d\u00e9sormais de plus en plus plausible et inqui\u00e9tant.<\/p>\n<p>L\u2019article invite ensuite les lecteurs \u00e0 s\u2019interroger sur leur propre r\u00f4le en cas d\u2019escalade, se demandant si certaines professions pourraient \u00eatre jug\u00e9es si indispensables qu\u2019une exemption du service militaire s\u2019en trouverait justifi\u00e9e. La publication convoque l\u2019histoire \u00e0 l\u2019appui: fin 1941, au Royaume\u2011Uni, les femmes et les veuves sans enfants \u00e2g\u00e9es de 20 \u00e0 30 ans \u00e9taient appel\u00e9es sous les drapeaux; les hommes \u00e9taient mobilis\u00e9s jusqu\u2019\u00e0 51 ans, et ceux de 52 \u00e0 60 ans devaient accomplir une forme de service militaire. \u00c0 l\u2019\u00e9poque, le pays souffrait d\u2019un manque aigu de volontaires pour la police, la d\u00e9fense civile et les unit\u00e9s auxiliaires des forces arm\u00e9es.<\/p>\n<p>Les cons\u00e9quences possibles d\u2019une conscription moderne sont \u00e9voqu\u00e9es par le d\u00e9put\u00e9 britannique Mike Martin, v\u00e9t\u00e9ran de la guerre en Afghanistan. Il estime qu\u2019une guerre avec la Russie ne peut \u00eatre exclue et qu\u2019il faut donc s\u2019y pr\u00e9parer. Selon lui, si le Royaume\u2011Uni \u00e9tait entra\u00een\u00e9 dans un conflit de grande ampleur avec la Russie, le gouvernement serait in\u00e9vitablement amen\u00e9 \u00e0 instaurer une conscription de masse, sans laisser place au doute.<\/p>\n","protected":false},"excerpt":{"rendered":"02:05 14-01-2026 \u00a9 A. Krivonosov The Mirror relance le d\u00e9bat: au Royaume-Uni, mobilisation et conscription de masse envisag\u00e9es&hellip;\n","protected":false},"author":2,"featured_media":661669,"comment_status":"","ping_status":"","sticky":false,"template":"","format":"standard","meta":{"footnotes":""},"categories":[1588],"tags":[11,1777,674,12,473,1853,1851,1850,1852],"class_list":{"0":"post-661668","1":"post","2":"type-post","3":"status-publish","4":"format-standard","5":"has-post-thumbnail","7":"category-royaume-uni","8":"tag-actualites","9":"tag-eu","10":"tag-europe","11":"tag-news","12":"tag-royaume-uni","13":"tag-royaume-uni-de-grande-bretagne-et-dirlande-du-nord","14":"tag-uk","15":"tag-united-kingdom","16":"tag-united-kingdom-of-great-britain-and-northern-ireland"},"share_on_mastodon":{"url":"https:\/\/pubeurope.com\/@fr\/115890353933487710","error":""},"_links":{"self":[{"href":"https:\/\/www.europesays.com\/fr\/wp-json\/wp\/v2\/posts\/661668","targetHints":{"allow":["GET"]}}],"collection":[{"href":"https:\/\/www.europesays.com\/fr\/wp-json\/wp\/v2\/posts"}],"about":[{"href":"https:\/\/www.europesays.com\/fr\/wp-json\/wp\/v2\/types\/post"}],"author":[{"embeddable":true,"href":"https:\/\/www.europesays.com\/fr\/wp-json\/wp\/v2\/users\/2"}],"replies":[{"embeddable":true,"href":"https:\/\/www.europesays.com\/fr\/wp-json\/wp\/v2\/comments?post=661668"}],"version-history":[{"count":0,"href":"https:\/\/www.europesays.com\/fr\/wp-json\/wp\/v2\/posts\/661668\/revisions"}],"wp:featuredmedia":[{"embeddable":true,"href":"https:\/\/www.europesays.com\/fr\/wp-json\/wp\/v2\/media\/661669"}],"wp:attachment":[{"href":"https:\/\/www.europesays.com\/fr\/wp-json\/wp\/v2\/media?parent=661668"}],"wp:term":[{"taxonomy":"category","embeddable":true,"href":"https:\/\/www.europesays.com\/fr\/wp-json\/wp\/v2\/categories?post=661668"},{"taxonomy":"post_tag","embeddable":true,"href":"https:\/\/www.europesays.com\/fr\/wp-json\/wp\/v2\/tags?post=661668"}],"curies":[{"name":"wp","href":"https:\/\/api.w.org\/{rel}","templated":true}]}}