{"id":661672,"date":"2026-01-13T23:21:12","date_gmt":"2026-01-13T23:21:12","guid":{"rendered":"https:\/\/www.europesays.com\/fr\/661672\/"},"modified":"2026-01-13T23:21:12","modified_gmt":"2026-01-13T23:21:12","slug":"real-madrid-leurope-sarrache-deja-xabi-alonso","status":"publish","type":"post","link":"https:\/\/www.europesays.com\/fr\/661672\/","title":{"rendered":"Real Madrid, l&rsquo;Europe s&rsquo;arrache d\u00e9j\u00e0 Xabi Alonso"},"content":{"rendered":"<p>Parmi les \u00e9curies cit\u00e9es par le journal espagnol <a href=\"https:\/\/as.com\/futbol\/internacional\/xabi-y-ahora-que-f202601-n\/\" target=\"_self\" rel=\"noopener\">AS<\/a>, Manchester City appara\u00eet comme l\u2019une des plus attentives au profil de Xabi Alonso. L\u2019avenir de Pep Guardiola, r\u00e9guli\u00e8rement sujet \u00e0 sp\u00e9culations, demeure incertain \u00e0 moyen terme. Dans cette perspective, Xabi Alonso est vu comme une option cr\u00e9dible pour assurer une succession coh\u00e9rente, tant sur le plan du jeu que de la philosophie. En interne, son nom circule d\u00e9j\u00e0 comme une alternative s\u00e9rieuse, capable de s\u2019inscrire dans la continuit\u00e9 du projet actuel.<\/p>\n<p>Liverpool suit \u00e9galement de pr\u00e8s l\u2019\u00e9volution de Xabi Alonso. Ancien joueur tr\u00e8s appr\u00e9ci\u00e9 \u00e0 Anfield, Xabi Alonso conserve une image forte sur les bords de la Mersey. La situation de l\u2019actuel entra\u00eeneur Arne Slot, r\u00e9guli\u00e8rement critiqu\u00e9 ces derni\u00e8res semaines, alimente les r\u00e9flexions autour d\u2019un possible changement. Dans ce contexte, l\u2019id\u00e9e de confier le banc \u00e0 Xabi Alonso s\u00e9duit tant pour son pass\u00e9 au club que pour sa vision moderne du jeu.<\/p>\n","protected":false},"excerpt":{"rendered":"Parmi les \u00e9curies cit\u00e9es par le journal espagnol AS, Manchester City appara\u00eet comme l\u2019une des plus attentives au&hellip;\n","protected":false},"author":2,"featured_media":661673,"comment_status":"","ping_status":"","sticky":false,"template":"","format":"standard","meta":{"footnotes":""},"categories":[1586],"tags":[11,76290,4782,76291,1777,674,43432,1011,27,19317,3490,16663,19739,48067,12,4790,25,36229],"class_list":{"0":"post-661672","1":"post","2":"type-post","3":"status-publish","4":"format-standard","5":"has-post-thumbnail","7":"category-europe","8":"tag-actualites","9":"tag-albacete","10":"tag-bayern-munich","11":"tag-burnley","12":"tag-eu","13":"tag-europe","14":"tag-fc-koeln","15":"tag-fr","16":"tag-france","17":"tag-laliga","18":"tag-liverpool","19":"tag-manchester-city","20":"tag-newcastle","21":"tag-newcastle-united","22":"tag-news","23":"tag-real-madrid","24":"tag-republique-francaise","25":"tag-x-alonso"},"share_on_mastodon":{"url":"https:\/\/pubeurope.com\/@fr\/115890361671451502","error":""},"_links":{"self":[{"href":"https:\/\/www.europesays.com\/fr\/wp-json\/wp\/v2\/posts\/661672","targetHints":{"allow":["GET"]}}],"collection":[{"href":"https:\/\/www.europesays.com\/fr\/wp-json\/wp\/v2\/posts"}],"about":[{"href":"https:\/\/www.europesays.com\/fr\/wp-json\/wp\/v2\/types\/post"}],"author":[{"embeddable":true,"href":"https:\/\/www.europesays.com\/fr\/wp-json\/wp\/v2\/users\/2"}],"replies":[{"embeddable":true,"href":"https:\/\/www.europesays.com\/fr\/wp-json\/wp\/v2\/comments?post=661672"}],"version-history":[{"count":0,"href":"https:\/\/www.europesays.com\/fr\/wp-json\/wp\/v2\/posts\/661672\/revisions"}],"wp:featuredmedia":[{"embeddable":true,"href":"https:\/\/www.europesays.com\/fr\/wp-json\/wp\/v2\/media\/661673"}],"wp:attachment":[{"href":"https:\/\/www.europesays.com\/fr\/wp-json\/wp\/v2\/media?parent=661672"}],"wp:term":[{"taxonomy":"category","embeddable":true,"href":"https:\/\/www.europesays.com\/fr\/wp-json\/wp\/v2\/categories?post=661672"},{"taxonomy":"post_tag","embeddable":true,"href":"https:\/\/www.europesays.com\/fr\/wp-json\/wp\/v2\/tags?post=661672"}],"curies":[{"name":"wp","href":"https:\/\/api.w.org\/{rel}","templated":true}]}}