{"id":661674,"date":"2026-01-13T23:22:11","date_gmt":"2026-01-13T23:22:11","guid":{"rendered":"https:\/\/www.europesays.com\/fr\/661674\/"},"modified":"2026-01-13T23:22:11","modified_gmt":"2026-01-13T23:22:11","slug":"en-france-des-agriculteurs-passent-la-nuit-dans-les-rues-de-paris-pour-mettre-la-pression-au-gouvernement","status":"publish","type":"post","link":"https:\/\/www.europesays.com\/fr\/661674\/","title":{"rendered":"En France, des agriculteurs passent la nuit dans les rues de Paris pour mettre la pression au gouvernement"},"content":{"rendered":"<p>Des agriculteurs passeront la nuit mardi devant l\u2019Assembl\u00e9e nationale \u00e0 Paris, pour exprimer la \u00ab r\u00e9volte \u00bb d\u2019une profession mobilis\u00e9e \u00e0 travers la France depuis d\u00e9but d\u00e9cembre, notamment contre la signature du trait\u00e9 Union europ\u00e9enne-Mercosur, et malgr\u00e9 une \u00ab loi d\u2019urgence agricole \u00bb annonc\u00e9e par le premier ministre pour calmer leur col\u00e8re.<\/p>\n<p>Cette nouvelle action, entam\u00e9e mardi \u00e0 l\u2019aube avec l\u2019arriv\u00e9e de tracteurs au c\u0153ur de la capitale, est men\u00e9e par le premier syndicat agricole, la FNSEA, et son alli\u00e9 des Jeunes Agriculteurs. Elle suit de quelques jours \u00e0 peine les actions coup de poing d\u2019autres syndicats, la Coordination rurale et la Conf\u00e9d\u00e9ration paysanne, eux aussi entr\u00e9s dans Paris.<\/p>\n<p>\u00ab On a d\u00e9cid\u00e9, apr\u00e8s consultation des d\u00e9l\u00e9gations, de rester ici pour la nuit \u00bb, a d\u00e9clar\u00e9 Damien Greffin, l\u2019un des vice-pr\u00e9sidents de la FNSEA, afin de \u00ab mener un dernier combat \u00bb.<\/p>\n<p>Plus t\u00f4t dans la journ\u00e9e, le premier ministre S\u00e9bastien Lecornu a pourtant annonc\u00e9 \u00ab une loi d\u2019urgence agricole \u00bb portant sur \u00ab plusieurs priorit\u00e9s : eau, pr\u00e9dation, moyens de production \u00bb. En promettant que le texte sera \u00ab examin\u00e9 par le Parlement avant l\u2019\u00e9t\u00e9 \u00bb.<\/p>\n<p>Des annonces dans un premier temps en partie salu\u00e9es par Damien Greffin, avant que beaucoup parmi la base des d\u00e9l\u00e9gations agricoles n\u2019expriment leur volont\u00e9 de rester pour poursuivre les n\u00e9gociations et maintenir le rapport de force.<\/p>\n<p>Devant ses troupes, le vice-pr\u00e9sident de la FNSEA a affirm\u00e9 mardi soir vouloir \u00ab remonter au cr\u00e9neau \u00bb sur le \u00ab sujet de tr\u00e9sorerie, actuellement en discussion \u00bb.<\/p>\n<p>\u00ab On est au bout du bout \u00bb<\/p>\n<p>\u00ab On est au bout du bout, \u00e7a fait trois ans qu\u2019on ne d\u00e9gage pas de revenu sur nos exploitations. Les politiques sont incapables de nous donner un cap \u00bb, a d\u00e9clar\u00e9 devant l\u2019Assembl\u00e9e Guillaume Moret, 56 ans, responsable FNSEA en \u00cele-de-France (la r\u00e9gion de la capitale).<\/p>\n<p>Raviv\u00e9e par la gestion gouvernementale de l\u2019\u00e9pizootie de dermatose bovine dans le Sud-Ouest, la contestation est nourrie par la signature imminente de l\u2019accord de libre-\u00e9change UE-Mercosur et, plus largement, par un ras-le-bol g\u00e9n\u00e9ral d\u2019une profession confront\u00e9e directement aux al\u00e9as climatiques et \u00e9conomiques.<\/p>\n<p>Pour ses d\u00e9tracteurs, le trait\u00e9 commercial avec l\u2019Argentine, le Br\u00e9sil, le Paraguay et l\u2019Uruguay va bousculer l\u2019agriculture europ\u00e9enne avec des produits import\u00e9s moins chers et pas forc\u00e9ment respectueux des normes de l\u2019Union europ\u00e9enne, faute de contr\u00f4les suffisants.<\/p>\n<p>Outre la France, des manifestations ont eu lieu en Italie, Pologne ou Irlande.<\/p>\n<p>La ratification du trait\u00e9 UE-Mercosur d\u00e9pend encore d\u2019un vote qui s\u2019annonce serr\u00e9 au Parlement europ\u00e9en, pas avant f\u00e9vrier. Un grand rassemblement d\u2019agriculteurs est pr\u00e9vu devant son si\u00e8ge strasbourgeois le 20 janvier.<\/p>\n<p>Un \u00ab cap clair \u00bb<\/p>\n<p>Mardi, le premier ministre S\u00e9bastien Lecornu a \u00e9galement affirm\u00e9 qu\u2019un \u00ab cap clair \u00bb sur la politique de l\u2019eau serait par ailleurs \u00ab fix\u00e9 d\u2019ici le Salon \u00bb de l\u2019agriculture, qui se tiendra du 21 f\u00e9vrier au 1er mars, et a demand\u00e9, avant la pr\u00e9sentation du projet de loi, un \u00ab moratoire sur toutes les d\u00e9cisions relatives \u00bb \u00e0 cette question de l\u2019eau et la suspension des \u00ab textes fixant les volumes d\u2019eau pr\u00e9levables [\u2026] jusqu\u2019\u00e0 septembre \u00bb.<\/p>\n<p>Le chef du gouvernement a enfin \u00e9voqu\u00e9 des r\u00e9unions pour \u00e9tudier \u00ab les possibilit\u00e9s de d\u00e9rogation \u00bb \u00e0 la directive europ\u00e9enne sur les nitrates, qui encadre notamment les \u00e9pandages d\u2019engrais par les agriculteurs.<\/p>\n<p>Cela s\u2019ajoute \u00e0 un paquet de \u00ab 300 millions d\u2019euros \u00bb (485 millions $CA) annonc\u00e9 vendredi et qui contient des mesures pr\u00e9vues \u00e0 la fois dans le budget, et donc soumises au vote des parlementaires, et d\u2019autres d\u00e9j\u00e0 \u00e9grain\u00e9es ces derni\u00e8res semaines par le gouvernement pour r\u00e9pondre \u00e0 la crise agricole.<\/p>\n<p>Les annonces de mardi r\u00e9pondent quasiment point par point \u00e0 des demandes de la FNSEA et des Jeunes agriculteurs, alliance qui domine le syndicalisme agricole et dont les sections locales du grand bassin parisien \u2014 qui va jusqu\u2019au Pas-de-Calais au nord \u2014 ont lanc\u00e9 leurs tracteurs sur Paris.<\/p>\n<p>Entr\u00e9s \u00e0 l\u2019aube dans Paris, les tracteurs ont descendu les Champs-\u00c9lys\u00e9es avant de s\u2019\u00e9tablir devant l\u2019Assembl\u00e9e nationale, avec duvets et matelas.<\/p>\n<p>Mardi, plus de 350 tracteurs selon les autorit\u00e9s, 500 selon les manifestants, ont stationn\u00e9 aux abords de l\u2019Assembl\u00e9e nationale. Les agriculteurs pr\u00e9sents ont aussi d\u00e9vers\u00e9 plusieurs tonnes de pommes de terre sur le pont de la Concorde : cadeau aux Parisiens.<\/p>\n<p>\u00c0 quelques jours de la signature de l\u2019accord UE-Mercosur, les agriculteurs ont aussi multipli\u00e9 leurs op\u00e9rations ailleurs en France. Au total, le minist\u00e8re de l\u2019Int\u00e9rieur a recens\u00e9 mardi 37 actions dans 25 d\u00e9partements avec 1300 personnes et 650 engins.<\/p>\n","protected":false},"excerpt":{"rendered":"Des agriculteurs passeront la nuit mardi devant l\u2019Assembl\u00e9e nationale \u00e0 Paris, pour exprimer la \u00ab r\u00e9volte \u00bb d\u2019une&hellip;\n","protected":false},"author":2,"featured_media":661675,"comment_status":"","ping_status":"","sticky":false,"template":"","format":"standard","meta":{"footnotes":""},"categories":[1586],"tags":[11,1777,674,1779,1011,27,12,25,1778,364],"class_list":{"0":"post-661674","1":"post","2":"type-post","3":"status-publish","4":"format-standard","5":"has-post-thumbnail","7":"category-europe","8":"tag-actualites","9":"tag-eu","10":"tag-europe","11":"tag-european-union","12":"tag-fr","13":"tag-france","14":"tag-news","15":"tag-republique-francaise","16":"tag-ue","17":"tag-union-europeenne"},"share_on_mastodon":{"url":"https:\/\/pubeurope.com\/@fr\/115890365679493720","error":""},"_links":{"self":[{"href":"https:\/\/www.europesays.com\/fr\/wp-json\/wp\/v2\/posts\/661674","targetHints":{"allow":["GET"]}}],"collection":[{"href":"https:\/\/www.europesays.com\/fr\/wp-json\/wp\/v2\/posts"}],"about":[{"href":"https:\/\/www.europesays.com\/fr\/wp-json\/wp\/v2\/types\/post"}],"author":[{"embeddable":true,"href":"https:\/\/www.europesays.com\/fr\/wp-json\/wp\/v2\/users\/2"}],"replies":[{"embeddable":true,"href":"https:\/\/www.europesays.com\/fr\/wp-json\/wp\/v2\/comments?post=661674"}],"version-history":[{"count":0,"href":"https:\/\/www.europesays.com\/fr\/wp-json\/wp\/v2\/posts\/661674\/revisions"}],"wp:featuredmedia":[{"embeddable":true,"href":"https:\/\/www.europesays.com\/fr\/wp-json\/wp\/v2\/media\/661675"}],"wp:attachment":[{"href":"https:\/\/www.europesays.com\/fr\/wp-json\/wp\/v2\/media?parent=661674"}],"wp:term":[{"taxonomy":"category","embeddable":true,"href":"https:\/\/www.europesays.com\/fr\/wp-json\/wp\/v2\/categories?post=661674"},{"taxonomy":"post_tag","embeddable":true,"href":"https:\/\/www.europesays.com\/fr\/wp-json\/wp\/v2\/tags?post=661674"}],"curies":[{"name":"wp","href":"https:\/\/api.w.org\/{rel}","templated":true}]}}