{"id":661676,"date":"2026-01-13T23:23:20","date_gmt":"2026-01-13T23:23:20","guid":{"rendered":"https:\/\/www.europesays.com\/fr\/661676\/"},"modified":"2026-01-13T23:23:20","modified_gmt":"2026-01-13T23:23:20","slug":"la-justice-accorde-une-liberte-conditionnelle-a-patrick-balkany-condamne-pour-plusieurs-delits-financiers","status":"publish","type":"post","link":"https:\/\/www.europesays.com\/fr\/661676\/","title":{"rendered":"La justice accorde une libert\u00e9 conditionnelle \u00e0 Patrick Balkany, condamn\u00e9 pour plusieurs d\u00e9lits financiers"},"content":{"rendered":"\n<p class=\"c-chapo \">\n  L&rsquo;ex-maire de Levallois-Perret a notamment \u00e9t\u00e9 condamn\u00e9 en 2023 \u00e0 quatre ans et demi de prison pour avoir dissimul\u00e9 avec son \u00e9pouse, Isabelle Balkany, quelque 13 millions d&rsquo;euros d&rsquo;avoirs au fisc de 2007 \u00e0 2014.\n<\/p>\n<p>      lire plus tard<\/p>\n<p id=\"dialog__title\" class=\"dialog__title\">Pour sauvegarder cet article, connectez-vous ou cr\u00e9ez un compte franceinfo<\/p>\n<p class=\"dialog__description\">Sans paiement. Sans abonnement.<\/p>\n<p>        Fermer la fen\u00eatre d\u2019activation des notifications France Info<\/p>\n<p>      cr\u00e9er votre compte<\/p>\n<p>      se connecter<\/p>\n<p>      :<\/p>\n<p>        Fermer la fen\u00eatre de pr\u00e9sentation<\/p>\n<p>    <img loading=\"lazy\" decoding=\"async\" class=\"signature__image lazyload\" width=\"100\" height=\"100\" data- alt=\"\" src=\"https:\/\/www.europesays.com\/fr\/wp-content\/uploads\/2025\/05\/64a68815cd1a7_placeholder-36b69ec8.png\"\/><\/p>\n<p>    Publi\u00e9 le 13\/01\/2026 22:38<\/p>\n<p>        Temps de lecture : 3min<\/p>\n<p>    <img decoding=\"async\"  alt=\"L'ex-maire de Levallois-Perret, Patrick Balkany, le 4 avril 2023 \u00e0 Nanterre (Hauts-de-Seine). (EMMANUEL DUNAND \/ AFP)\" width=\"432\" height=\"243\" src=\"https:\/\/www.europesays.com\/fr\/wp-content\/uploads\/2026\/01\/000-33cl9q9-6966b80a296c8906208324.jpg\" fetchpriority=\"high\"\/><\/p>\n<p>      L&rsquo;ex-maire de Levallois-Perret, Patrick Balkany, le 4 avril 2023 \u00e0 Nanterre (Hauts-de-Seine). (EMMANUEL DUNAND \/ AFP)<\/p>\n<p>Le tribunal d&rsquo;application des peines d&rsquo;Evreux a accord\u00e9 lundi 12 janvier \u00e0 l&rsquo;ex-maire de Levallois-Perret, Patrick Balkany, la lib\u00e9ration conditionnelle pour les dix-huit mois de prison qu&rsquo;il lui reste \u00e0 purger apr\u00e8s sa condamnation en 2023 pour plusieurs d\u00e9lits financiers. Ag\u00e9 de 77 ans, l&rsquo;ancien d\u00e9put\u00e9 LR des Hauts-de-Seine pourra purger le reliquat de sa peine \u00e0 son domicile actuel \u00e0 Giverny (Eure). Il avait \u00e9t\u00e9 condamn\u00e9 en 2023 \u00e0 quatre ans et demi de prison pour avoir dissimul\u00e9 avec son \u00e9pouse, Isabelle Balkany, <a href=\"https:\/\/www.franceinfo.fr\/politique\/affaire\/affaire-balkany\/blanchiment-de-fraude-fiscale-patrick-et-isabelle-balkany-condamnes-en-appel-a-quatre-ans-et-demi-et-trois-ans-et-demi-de-prison_5592030.html\" target=\"_blank\" rel=\"noopener\">quelque 13 millions d&rsquo;euros d&rsquo;avoirs au fisc de 2007 \u00e0 2014.<\/a><\/p>\n<p>Egalement reconnu coupable de d\u00e9claration incompl\u00e8te ou mensong\u00e8re de sa situation patrimoniale et prise ill\u00e9gale d&rsquo;int\u00e9r\u00eats, il avait en outre \u00e9t\u00e9 condamn\u00e9 \u00e0 une amende de 100 000 euros et d\u00e9clar\u00e9 in\u00e9ligible pendant 10 ans. De cette condamnation, enti\u00e8rement confondue avec une autre de mars 2020 \u00e0 quatre ans de prison dont un avec sursis, il ne restait que 18 mois \u00e0 purger apr\u00e8s plusieurs p\u00e9riodes d&rsquo;incarc\u00e9ration, de d\u00e9tention sous bracelet \u00e9lectronique et de libert\u00e9 conditionnelle.<\/p>\n<p>\u00ab\u00a0Cette d\u00e9cision marque la fin d&rsquo;une d\u00e9cennie de calvaire judiciaire pour Patrick Balkany\u00a0\u00bb, a r\u00e9agi aupr\u00e8s de l&rsquo;AFP son avocat, Robin Binsard. Lors de l&rsquo;audience, le parquet avait requis que Patrick Balkany soit plac\u00e9 sous bracelet \u00e9lectronique \u00e0 domicile pendant huit mois, pr\u00e9alablement \u00e0 dix mois de lib\u00e9ration conditionnelle. Ces r\u00e9quisitions tenaient notamment compte \u00ab\u00a0des ant\u00e9c\u00e9dents de M. Balkany\u00a0\u00bb.<\/p>\n<p>Le tribunal a lui jug\u00e9 que cette lib\u00e9ration conditionnelle pouvait lui \u00eatre accord\u00e9e d\u00e8s \u00e0 pr\u00e9sent en raison des motifs pr\u00e9c\u00e9demment invoqu\u00e9s dans une d\u00e9cision en 2022. Ces motifs sont \u00ab\u00a0d&rsquo;autant plus caract\u00e9ris\u00e9s aujourd&rsquo;hui notamment s&rsquo;agissant de son \u00e2ge, de son \u00e9tat de sant\u00e9 et du faible risque de r\u00e9cidive, du respect de la mesure par l&rsquo;int\u00e9ress\u00e9 [et] de l&rsquo;effort financier\u00a0\u00bb fourni, d\u00e9taille encore la d\u00e9cision. Le tribunal a n\u00e9anmoins d\u00e9cid\u00e9 d&rsquo;allonger la dur\u00e9e de probation d&rsquo;un an, soit jusqu&rsquo;au 12 juillet 2028, \u00ab\u00a0compte tenu de l&rsquo;importance des sommes dues\u00a0\u00bb et pour s&rsquo;assurer de leur remboursement, comme demand\u00e9 par le minist\u00e8re public.<\/p>\n<p>S&rsquo;il a \u00e9t\u00e9 d\u00e9finitivement <a href=\"https:\/\/www.franceinfo.fr\/politique\/affaire\/affaire-balkany\/patrick-balkany-reste-ineligible-et-ne-pourra-pas-se-presenter-aux-elections-municipales-2026-tranche-la-cour-d-appel-de-paris_7596962.html\" target=\"_blank\" rel=\"noopener\">d\u00e9clar\u00e9 in\u00e9ligible<\/a> par la cour d&rsquo;appel de Paris en 2023, l&rsquo;ancien baron des Hauts-de-Seine reste tr\u00e8s impliqu\u00e9 dans la politique locale, \u00e0 quelques mois des \u00e9lections municipales. Lundi, il s&rsquo;est d\u00e9solidaris\u00e9 de J\u00e9r\u00f4me Gauliard, le candidat de droite qu&rsquo;il soutenait dans la course \u00e0 la mairie de Levallois-Perret, selon un communiqu\u00e9 de ce dernier.<\/p>\n","protected":false},"excerpt":{"rendered":"L&rsquo;ex-maire de Levallois-Perret a notamment \u00e9t\u00e9 condamn\u00e9 en 2023 \u00e0 quatre ans et demi de prison pour avoir&hellip;\n","protected":false},"author":2,"featured_media":661677,"comment_status":"","ping_status":"","sticky":false,"template":"","format":"standard","meta":{"footnotes":""},"categories":[2],"tags":[11,1011,27,12,25],"class_list":{"0":"post-661676","1":"post","2":"type-post","3":"status-publish","4":"format-standard","5":"has-post-thumbnail","7":"category-actualites","8":"tag-actualites","9":"tag-fr","10":"tag-france","11":"tag-news","12":"tag-republique-francaise"},"share_on_mastodon":{"url":"https:\/\/pubeurope.com\/@fr\/115890369662033915","error":""},"_links":{"self":[{"href":"https:\/\/www.europesays.com\/fr\/wp-json\/wp\/v2\/posts\/661676","targetHints":{"allow":["GET"]}}],"collection":[{"href":"https:\/\/www.europesays.com\/fr\/wp-json\/wp\/v2\/posts"}],"about":[{"href":"https:\/\/www.europesays.com\/fr\/wp-json\/wp\/v2\/types\/post"}],"author":[{"embeddable":true,"href":"https:\/\/www.europesays.com\/fr\/wp-json\/wp\/v2\/users\/2"}],"replies":[{"embeddable":true,"href":"https:\/\/www.europesays.com\/fr\/wp-json\/wp\/v2\/comments?post=661676"}],"version-history":[{"count":0,"href":"https:\/\/www.europesays.com\/fr\/wp-json\/wp\/v2\/posts\/661676\/revisions"}],"wp:featuredmedia":[{"embeddable":true,"href":"https:\/\/www.europesays.com\/fr\/wp-json\/wp\/v2\/media\/661677"}],"wp:attachment":[{"href":"https:\/\/www.europesays.com\/fr\/wp-json\/wp\/v2\/media?parent=661676"}],"wp:term":[{"taxonomy":"category","embeddable":true,"href":"https:\/\/www.europesays.com\/fr\/wp-json\/wp\/v2\/categories?post=661676"},{"taxonomy":"post_tag","embeddable":true,"href":"https:\/\/www.europesays.com\/fr\/wp-json\/wp\/v2\/tags?post=661676"}],"curies":[{"name":"wp","href":"https:\/\/api.w.org\/{rel}","templated":true}]}}