{"id":661682,"date":"2026-01-13T23:28:10","date_gmt":"2026-01-13T23:28:10","guid":{"rendered":"https:\/\/www.europesays.com\/fr\/661682\/"},"modified":"2026-01-13T23:28:10","modified_gmt":"2026-01-13T23:28:10","slug":"gael-drean-peut-il-esperer-jouer-pour-le-xv-de-france-et-concurrencer-louis-bielle-biarrey-et-damian-penaud","status":"publish","type":"post","link":"https:\/\/www.europesays.com\/fr\/661682\/","title":{"rendered":"Ga\u00ebl Dr\u00e9an peut-il esp\u00e9rer jouer pour le XV de France et concurrencer Louis Bielle-Biarrey et Damian Penaud ?"},"content":{"rendered":"<p data-start=\"423\" data-end=\"877\">Dans des conditions id\u00e9ales, un ailier peut esp\u00e9rer recevoir beaucoup de ballons. Mais le match de dimanche \u00e0 Mayol face au Munster a \u00e9t\u00e9 tout l\u2019inverse pour l\u2019ailier Toulonnais Ga\u00ebl Dr\u00e9an.<\/p>\n<p data-start=\"423\" data-end=\"877\">Les mont\u00e9es d\u00e9fensives irlandaises ont emp\u00each\u00e9 les Toulonnais de d\u00e9ployer leur jeu, et les centres comme les ouvreurs ont rarement pu d\u00e9caler leurs pointes.<\/p>\n<p data-start=\"423\" data-end=\"877\">Fert\u00e9 et Dr\u00e9an ont donc d\u00fb patienter avant d\u2019avoir de l\u2019espace. Le deuxi\u00e8me a finalement trouv\u00e9 une br\u00e8che au retour des vestiaires.<\/p>\n<p data-start=\"879\" data-end=\"1432\">Dix minutes apr\u00e8s la reprise, Dr\u00e9an a \u00e9t\u00e9 lanc\u00e9 par Sinzelle dans le dos de la d\u00e9fense. La passe \u00e9tant un peu basse, il a d\u00fb ajuster sa course, mais a r\u00e9ussi \u00e0 \u00e9viter la touche sur 40 m\u00e8tres. Arriv\u00e9 dans le couloir du Munster, \u00e0 l\u2019arr\u00eat, il s\u2019est retrouv\u00e9 face \u00e0 Jack Crowley.<\/p>\n<p data-start=\"879\" data-end=\"1432\">Dr\u00e9an a alors tent\u00e9 un petit coup de pied par-dessus l\u2019ouvreur international. \u00c0 l\u2019entr\u00e9e des 22 m\u00e8tres, apr\u00e8s un rebond favorable \u2013 situation souvent vue avec les ailiers dot\u00e9s d\u2019un gros sens du jeu \u2013 il a ensuite fil\u00e9 dans l\u2019en-but malgr\u00e9 le retour de Calvin Nash.<\/p>\n<p data-start=\"1434\" data-end=\"2122\">Ce geste a rappel\u00e9 pourquoi son nom revient de plus en plus dans les discussions lorsqu\u2019il s\u2019agit de citer les meilleurs ailiers du moment. \u00ab Il est impressionnant \u00bb, juge Marc Andreu dans les colonnes de Midi Olympique.<\/p>\n<p data-start=\"1434\" data-end=\"2122\">\u00ab Il sent vraiment bien les coups, et il les finit bien notamment gr\u00e2ce \u00e0 sa vitesse. \u00bb Pour le moment, Dr\u00e9an n\u2019a particip\u00e9 qu\u2019aux rassemblements en groupe \u00e9largi avec le XV de France. Les observateurs savent toutefois qu\u2019il est suivi de pr\u00e8s.<\/p>\n<p data-start=\"1434\" data-end=\"2122\">\u00ab Devant lui, en \u00e9quipe France, il a deux monstres avec Bielle-Biarrey et Penaud \u00bb, poursuit l\u2019ancien international (7 s\u00e9lections). \u00ab Ce sont des extraterrestres. Mais, honn\u00eatement, il n\u2019est vraiment pas loin. Si \u00e7a arrive, je ne serais pas surpris. \u00bb<\/p>\n<p data-start=\"2124\" data-end=\"2234\">En attendant, Dr\u00e9an continue d\u2019empiler les statistiques en club avec neuf essais en douze matchs cette saison.<\/p>\n","protected":false},"excerpt":{"rendered":"Dans des conditions id\u00e9ales, un ailier peut esp\u00e9rer recevoir beaucoup de ballons. Mais le match de dimanche \u00e0&hellip;\n","protected":false},"author":2,"featured_media":661683,"comment_status":"","ping_status":"","sticky":false,"template":"","format":"standard","meta":{"footnotes":""},"categories":[1416],"tags":[1011,27,479,1468,60],"class_list":{"0":"post-661682","1":"post","2":"type-post","3":"status-publish","4":"format-standard","5":"has-post-thumbnail","7":"category-rugby","8":"tag-fr","9":"tag-france","10":"tag-rugby","11":"tag-rugby-football","12":"tag-sports"},"share_on_mastodon":{"url":"https:\/\/pubeurope.com\/@fr\/115890389939751128","error":""},"_links":{"self":[{"href":"https:\/\/www.europesays.com\/fr\/wp-json\/wp\/v2\/posts\/661682","targetHints":{"allow":["GET"]}}],"collection":[{"href":"https:\/\/www.europesays.com\/fr\/wp-json\/wp\/v2\/posts"}],"about":[{"href":"https:\/\/www.europesays.com\/fr\/wp-json\/wp\/v2\/types\/post"}],"author":[{"embeddable":true,"href":"https:\/\/www.europesays.com\/fr\/wp-json\/wp\/v2\/users\/2"}],"replies":[{"embeddable":true,"href":"https:\/\/www.europesays.com\/fr\/wp-json\/wp\/v2\/comments?post=661682"}],"version-history":[{"count":0,"href":"https:\/\/www.europesays.com\/fr\/wp-json\/wp\/v2\/posts\/661682\/revisions"}],"wp:featuredmedia":[{"embeddable":true,"href":"https:\/\/www.europesays.com\/fr\/wp-json\/wp\/v2\/media\/661683"}],"wp:attachment":[{"href":"https:\/\/www.europesays.com\/fr\/wp-json\/wp\/v2\/media?parent=661682"}],"wp:term":[{"taxonomy":"category","embeddable":true,"href":"https:\/\/www.europesays.com\/fr\/wp-json\/wp\/v2\/categories?post=661682"},{"taxonomy":"post_tag","embeddable":true,"href":"https:\/\/www.europesays.com\/fr\/wp-json\/wp\/v2\/tags?post=661682"}],"curies":[{"name":"wp","href":"https:\/\/api.w.org\/{rel}","templated":true}]}}