{"id":661686,"date":"2026-01-13T23:33:18","date_gmt":"2026-01-13T23:33:18","guid":{"rendered":"https:\/\/www.europesays.com\/fr\/661686\/"},"modified":"2026-01-13T23:33:18","modified_gmt":"2026-01-13T23:33:18","slug":"gabin-gauthier-javais-des-jambes-extraordinaires-actualite","status":"publish","type":"post","link":"https:\/\/www.europesays.com\/fr\/661686\/","title":{"rendered":"Gabin Gauthier : \u00ab J\u2019avais des jambes extraordinaires \u00bb &#8211; Actualit\u00e9"},"content":{"rendered":"<p dir=\"ltr\"><strong>C\u2019est l\u2019une des belles surprises du week-end du Championnat de France de cyclo-cross \u00e0 Troyes. Alors qu\u2019il n\u2019avait pas d\u00e9croch\u00e9 le moindre Top 20 en Coupe de France cette saison, Gabin Gauthier a r\u00e9alis\u00e9 le gros coup en <a href=\"https:\/\/www.directvelo.com\/epreuve\/49048\/championnat-de-france-de-cyclo-cross-u23-hommes-2026\" target=\"_blank\" rel=\"noopener\">terminant dans le Top 10 de l\u2019\u00e9preuve Espoirs<\/a>, samedi dernier. Le soci\u00e9taire de la formation de Montlu\u00e7on Cyclisme a racont\u00e9 sa course, \u00e0 chaud, au micro de\u00a0DirectVelo qui \u00e9tait pr\u00e9sent sur place.<\/strong><\/p>\n<p dir=\"ltr\"><strong>DirectVelo : Tu as r\u00e9alis\u00e9 une tr\u00e8s belle performance sur ce Championnat de France !\u00a0<\/strong> <br \/>Gabin Gauthier : J\u2019\u00e9tais venu pour faire un Top 20, voire un Top 15 au mieux. Je partais d\u2019assez loin mais je savais que la forme \u00e9tait l\u00e0. J\u2019ai couru en Belgique il y a une semaine, j\u2019avais fait 34e d\u2019un Super Prestige avec les \u00c9lites (\u00e0 Gullegem, NDLR). C\u2019est assez inattendu de faire 8e ici, je suis super content.<\/p>\n<p><strong>Le circuit t\u2019a plu ?<\/strong><br \/>J\u2019adore quand c\u2019est gras comme \u00e7a. Et quand il fait un peu froid avec de la pluie, c\u2019est l\u00e0 o\u00f9 je suis le meilleur. L\u2019an dernier en Junior, j\u2019ai fait 6e sur ce m\u00eame circuit. Forc\u00e9ment, \u00e7a m\u2019a beaucoup plu.<\/p>\n<p><strong>\u00ab LE MAXIMUM DE MON MAXIMUM \u00bb <\/strong><\/p>\n<p><strong>Quelle \u00e9tait ta strat\u00e9gie ?<\/strong><br \/>Je suis parti aux alentours de la 25e place. Je me suis forc\u00e9 \u00e0 faire un gros d\u00e9part avant le premier d\u00e9vers. J\u2019ai r\u00e9ussi, j\u2019ai vu une ouverture et je m\u2019y suis engouffr\u00e9. Je me suis alors dit qu\u2019il allait falloir me faire mal pour rester \u00e0 cette place. Et j\u2019ai r\u00e9ussi. Je me suis retrouv\u00e9 aux portes du Top 10 avec Louis Tanguy. Je l\u2019ai doubl\u00e9, il m\u2019a redoubl\u00e9 et je n\u2019ai alors pas r\u00e9ussi \u00e0 prendre sa roue. Il \u00e9tait plus fort, j\u2019ai donc g\u00e9r\u00e9 \u00e0 mon rythme. J\u2019avais des jambes extraordinaires, mais je ne pouvais pas faire mieux, j\u2019ai donn\u00e9 le maximum de mon maximum.<\/p>\n<p><strong>Comment t\u2019\u00e9tais-tu pr\u00e9par\u00e9 ?<\/strong><br \/>Je suis mont\u00e9 en puissance tout au long de la saison. J\u2019avais vu avec mon entra\u00eeneur que \u00e7a serait compliqu\u00e9 d\u2019\u00eatre pr\u00e9sent d\u00e8s le d\u00e9but de la saison, on s\u2019est donc pr\u00e9par\u00e9 pour monter crescendo. J\u2019ai eu pas mal de soucis m\u00e9caniques sur les quatre premi\u00e8res manches de Coupe de France. Je ne savais pas comment me situer par rapport aux autres avant aujourd\u2019hui. Le but \u00e9tait d\u2019arriver \u00e0 mon pic de forme sur cette course.<\/p>\n<p><strong>\u00ab C\u2019EST UN SOULAGEMENT ET BEAUCOUP DE BONHEUR \u00bb <\/strong><\/p>\n<p><strong>Qu\u2019as-tu ressenti en franchissant la ligne ?<\/strong><br \/>J\u2019\u00e9tais content. D\u00e9j\u00e0 que les probl\u00e8mes m\u00e9caniques me l\u00e2chent. Et ensuite de ma forme. Je pensais au Top 10, dans le fond, mais pas que \u00e7a soit jouable \u00e0 ce point-l\u00e0. C\u2019est un soulagement et beaucoup de bonheur de faire 8e.<\/p>\n<p><strong>Quelle sera la suite pour toi d\u00e9sormais ?<\/strong> <br \/>Je vais couper deux semaines parce que je suis sur la br\u00e8che depuis un moment. J\u2019avais d\u00fb faire une coupure forc\u00e9e de deux semaines sur la route au moment de la Classique des Alpes \u00e0 cause d\u2019une chute. Quand j\u2019ai repris, la forme n\u2019\u00e9tait pas l\u00e0. J\u2019ai donc enchain\u00e9 directement avec le cyclo-cross en pr\u00e9parant sp\u00e9cialement la saison. Je vais reprendre la route tranquillement avant les premi\u00e8res courses d\u00e9but mars je pense. Je ne me suis pas encore fix\u00e9 d\u2019objectifs sur la route, j\u2019ai pr\u00e9f\u00e9r\u00e9 me concentrer sur le cross.<\/p>\n","protected":false},"excerpt":{"rendered":"C\u2019est l\u2019une des belles surprises du week-end du Championnat de France de cyclo-cross \u00e0 Troyes. Alors qu\u2019il n\u2019avait&hellip;\n","protected":false},"author":2,"featured_media":661687,"comment_status":"","ping_status":"","sticky":false,"template":"","format":"standard","meta":{"footnotes":""},"categories":[1411],"tags":[834,828,836,829,837,827,83,826,824,823,1154,207,814,817,815,816,822,821,832,211,839,1011,27,820,818,819,835,831,830,833,838,60,212,208,825],"class_list":{"0":"post-661686","1":"post","2":"type-post","3":"status-publish","4":"format-standard","5":"has-post-thumbnail","7":"category-cyclisme","8":"tag-attaque","9":"tag-belgique","10":"tag-braquet","11":"tag-bretagne","12":"tag-chute","13":"tag-competition","14":"tag-coupe-de-france","15":"tag-coureur","16":"tag-course-cyclisme","17":"tag-course-cycliste","18":"tag-cycling","19":"tag-cyclisme","20":"tag-direct","21":"tag-direct-velo","22":"tag-directvelo","23":"tag-directvelo-com","24":"tag-epreuve","25":"tag-epreuve-cycliste","26":"tag-federation-francaise-de-cyclisme","27":"tag-ffc","28":"tag-flandres","29":"tag-fr","30":"tag-france","31":"tag-live","32":"tag-live-course","33":"tag-live-epreuve","34":"tag-peloton","35":"tag-radio-peloton","36":"tag-radio-tour","37":"tag-ravitaillement","38":"tag-relance","39":"tag-sports","40":"tag-uci","41":"tag-velo","42":"tag-velos"},"share_on_mastodon":{"url":"https:\/\/pubeurope.com\/@fr\/115890408842031721","error":""},"_links":{"self":[{"href":"https:\/\/www.europesays.com\/fr\/wp-json\/wp\/v2\/posts\/661686","targetHints":{"allow":["GET"]}}],"collection":[{"href":"https:\/\/www.europesays.com\/fr\/wp-json\/wp\/v2\/posts"}],"about":[{"href":"https:\/\/www.europesays.com\/fr\/wp-json\/wp\/v2\/types\/post"}],"author":[{"embeddable":true,"href":"https:\/\/www.europesays.com\/fr\/wp-json\/wp\/v2\/users\/2"}],"replies":[{"embeddable":true,"href":"https:\/\/www.europesays.com\/fr\/wp-json\/wp\/v2\/comments?post=661686"}],"version-history":[{"count":0,"href":"https:\/\/www.europesays.com\/fr\/wp-json\/wp\/v2\/posts\/661686\/revisions"}],"wp:featuredmedia":[{"embeddable":true,"href":"https:\/\/www.europesays.com\/fr\/wp-json\/wp\/v2\/media\/661687"}],"wp:attachment":[{"href":"https:\/\/www.europesays.com\/fr\/wp-json\/wp\/v2\/media?parent=661686"}],"wp:term":[{"taxonomy":"category","embeddable":true,"href":"https:\/\/www.europesays.com\/fr\/wp-json\/wp\/v2\/categories?post=661686"},{"taxonomy":"post_tag","embeddable":true,"href":"https:\/\/www.europesays.com\/fr\/wp-json\/wp\/v2\/tags?post=661686"}],"curies":[{"name":"wp","href":"https:\/\/api.w.org\/{rel}","templated":true}]}}