{"id":661688,"date":"2026-01-13T23:34:14","date_gmt":"2026-01-13T23:34:14","guid":{"rendered":"https:\/\/www.europesays.com\/fr\/661688\/"},"modified":"2026-01-13T23:34:14","modified_gmt":"2026-01-13T23:34:14","slug":"apres-avoir-chipe-faivre-au-hac-laj-auxerre-tient-un-autre-joli-deal","status":"publish","type":"post","link":"https:\/\/www.europesays.com\/fr\/661688\/","title":{"rendered":"Apr\u00e8s avoir chip\u00e9 Faivre au HAC, l&rsquo;AJ Auxerre tient un autre joli deal !"},"content":{"rendered":"<p>\t\t\t\t\t C&rsquo;est la grosse info mercato de la journ\u00e9e : Romain Faivre aurait finalement fait faux bond au HAC &#8211; Le Havre AC \u00e0 la derni\u00e8re minute pour rallier l&rsquo;Yonne et plus pr\u00e9cis\u00e9ment l&rsquo;AJ Auxerre. Un tr\u00e8s joli coup r\u00e9alis\u00e9 par l&rsquo;AJA de Christophe P\u00e9lissier ! <\/p>\n<p>De leurs c\u00f4t\u00e9s, Mathieu Bodmer et Didier Digard pourront tout de m\u00eame se f\u00e9liciter d&rsquo;avoir su attirer l&rsquo;international marocain Sofiane Boufal au Havre. Mais apr\u00e8s avoir mis la main sur Naouirou Ahamada et Romain Faivre, les dirigeants de l&rsquo;AJ Auxerre auraient \u00e9galement avanc\u00e9 leurs pions sur un autre joli dossier pour ce march\u00e9 des transferts hivernal. <\/p>\n<p>D&rsquo;apr\u00e8s les informations de nos confr\u00e8res du journal L&rsquo;Equipe, la formation icaunaise entra\u00een\u00e9e par Christophe P\u00e9lissier aimerait \u00e9galement obtenir un pr\u00eat de six mois sans option d&rsquo;achat de Antonin Kinsky, l&rsquo;actuelle doublure de Guglielmo Vicario \u00e0 Tottenham. <\/p>\n<p>Peu utilis\u00e9 forc\u00e9ment chez les Spurs, le gardien international tch\u00e8que de 22 ans pourrait imiter Romain Faivre en rejoignant \u00e0 son tour les pensionnaires du Stade de l&rsquo;Abb\u00e9-Deschamps sous la forme d&rsquo;un pr\u00eat en janvier. Affaire \u00e0 suivre entre Antonin Kinsky et l&rsquo;AJ Auxerre dans les prochains jours !\n\t\t\t\t <\/p>\n","protected":false},"excerpt":{"rendered":"C&rsquo;est la grosse info mercato de la journ\u00e9e : Romain Faivre aurait finalement fait faux bond au HAC&hellip;\n","protected":false},"author":2,"featured_media":661689,"comment_status":"","ping_status":"","sticky":false,"template":"","format":"standard","meta":{"footnotes":""},"categories":[1410],"tags":[63,1011,27,60],"class_list":{"0":"post-661688","1":"post","2":"type-post","3":"status-publish","4":"format-standard","5":"has-post-thumbnail","7":"category-football","8":"tag-football","9":"tag-fr","10":"tag-france","11":"tag-sports"},"share_on_mastodon":{"url":"https:\/\/pubeurope.com\/@fr\/115890412834280127","error":""},"_links":{"self":[{"href":"https:\/\/www.europesays.com\/fr\/wp-json\/wp\/v2\/posts\/661688","targetHints":{"allow":["GET"]}}],"collection":[{"href":"https:\/\/www.europesays.com\/fr\/wp-json\/wp\/v2\/posts"}],"about":[{"href":"https:\/\/www.europesays.com\/fr\/wp-json\/wp\/v2\/types\/post"}],"author":[{"embeddable":true,"href":"https:\/\/www.europesays.com\/fr\/wp-json\/wp\/v2\/users\/2"}],"replies":[{"embeddable":true,"href":"https:\/\/www.europesays.com\/fr\/wp-json\/wp\/v2\/comments?post=661688"}],"version-history":[{"count":0,"href":"https:\/\/www.europesays.com\/fr\/wp-json\/wp\/v2\/posts\/661688\/revisions"}],"wp:featuredmedia":[{"embeddable":true,"href":"https:\/\/www.europesays.com\/fr\/wp-json\/wp\/v2\/media\/661689"}],"wp:attachment":[{"href":"https:\/\/www.europesays.com\/fr\/wp-json\/wp\/v2\/media?parent=661688"}],"wp:term":[{"taxonomy":"category","embeddable":true,"href":"https:\/\/www.europesays.com\/fr\/wp-json\/wp\/v2\/categories?post=661688"},{"taxonomy":"post_tag","embeddable":true,"href":"https:\/\/www.europesays.com\/fr\/wp-json\/wp\/v2\/tags?post=661688"}],"curies":[{"name":"wp","href":"https:\/\/api.w.org\/{rel}","templated":true}]}}