{"id":661690,"date":"2026-01-13T23:35:10","date_gmt":"2026-01-13T23:35:10","guid":{"rendered":"https:\/\/www.europesays.com\/fr\/661690\/"},"modified":"2026-01-13T23:35:10","modified_gmt":"2026-01-13T23:35:10","slug":"gros-cafouillage-autour-de-michael-schumacher-57-ans-les-raisons-rocambolesques-de-la-fausse-annonce-de-sa-mort","status":"publish","type":"post","link":"https:\/\/www.europesays.com\/fr\/661690\/","title":{"rendered":"Gros cafouillage autour de Michael Schumacher, 57 ans : les raisons rocambolesques de la fausse annonce de sa mort"},"content":{"rendered":"<p data-start=\"357\" data-end=\"696\">Un vent de panique a souffl\u00e9<br \/>\ndans le monde du sport il y a quelques jours. Le 29 d\u00e9cembre, une<br \/>\nvague d\u2019hommages \u00e0 l\u2019effigie de<br \/>\nMichael Schumacher a \u00e9t\u00e9 relay\u00e9e. Imm\u00e9diatement, les yeux se<br \/>\nsont tourn\u00e9s vers celui qui, \u00e0 57 ans, reste l\u2019un des plus grands<br \/>\npilotes de l\u2019histoire de la<br \/>\nFormule 1.<\/p>\n<p data-start=\"698\" data-end=\"942\">Si, sur les r\u00e9seaux sociaux, la<br \/>\nnouvelle a pris autant d\u2019ampleur, c\u2019est parce que l\u2019\u00e9tat de sant\u00e9<br \/>\ndu sportif de haut niveau inqui\u00e8te, et ce, depuis plusieurs ann\u00e9es.<br \/>\nMais contrairement aux rumeurs, le pilote de Formule 1 est bel et<br \/>\nbien vivant.<\/p>\n<p>Michael Schumacher mort ? Une<br \/>\nconfusion affole la toile<\/p>\n<p data-start=\"1004\" data-end=\"1322\">\u00ab Repose en paix, Michael. Tu es vraiment un h\u00e9ros<br \/>\n\u00bb, \u00ab L\u2019homme, le mythe,<br \/>\nla l\u00e9gende, Michael Schumacher est d\u00e9c\u00e9d\u00e9, confirm\u00e9 ce matin par sa<br \/>\nfille \u00bb. Voici un extrait des messages que l\u2019on a pu lire sur<br \/>\nles r\u00e9seaux sociaux fin 2025. Oui, Michael Schumacher est mort\u2026<br \/>\nmais il ne s\u2019agit pas du pilote de Formule 1.<\/p>\n<p data-start=\"1324\" data-end=\"2137\">Ce jour-l\u00e0, une personne<br \/>\nportant le m\u00eame nom que lui a perdu la vie, mais <strong>il s\u2019agit<br \/>\nd\u2019un \u00e9crivain et biographe am\u00e9ricain.<\/strong> Il est notamment<br \/>\nconnu pour avoir relat\u00e9 la vie d\u2019artistes comme celle du<br \/>\nr\u00e9alisateur de cin\u00e9ma<br \/>\nFrancis Ford Coppola, mais aussi du musicien<br \/>\nEric Clapton. De plus, c\u2019est effectivement sa fille, Emily<br \/>\nJoy Schumacher, qui a annonc\u00e9 son d\u00e9c\u00e8s. L\u2019auteur \u00e9tait \u00e2g\u00e9 de 75<br \/>\nans. Rien \u00e0 voir donc avec le sportif allemand. D\u2019ailleurs, si vous<br \/>\ncherchez \u00e0 lire ces messages d\u2019hommage, il vous sera probablement<br \/>\ndifficile de les retrouver. Les \u00e9metteurs les ont effac\u00e9s apr\u00e8s<br \/>\ns\u2019\u00eatre rendu compte de leur erreur. Certains ont d\u2019ailleurs \u00e9t\u00e9<br \/>\nstup\u00e9faits : \u00ab Je viens de<br \/>\nd\u00e9couvrir aujourd\u2019hui qu\u2019il y a deux personnes nomm\u00e9es Michael<br \/>\nSchumacher dans le monde ! \u00bb.<\/p>\n<p>Quelle est la date de l\u2019accident de Michael Schumacher ?<\/p>\n<p data-start=\"2200\" data-end=\"2601\">Ironie du sort : <strong>la<br \/>\ndate de d\u00e9c\u00e8s de l\u2019\u00e9crivain correspond \u00e0 celle de l\u2019accident de ski<br \/>\ndu pilote de Formule 1,<\/strong> survenu douze ans plus t\u00f4t. Ce<br \/>\nm\u00eame jour, en 2013, il a heurt\u00e9 sa t\u00eate contre un rocher, ce qui a<br \/>\nentra\u00een\u00e9 de graves l\u00e9sions c\u00e9r\u00e9brales. Depuis, son \u00e9tat de sant\u00e9<br \/>\npose \u00e9norm\u00e9ment question, d\u2019autant plus que <a href=\"https:\/\/www.closermag.fr\/people\/michael-schumacher-deux-trois-ou-quatre-cette-poignee-de-personnes-autorisees-a-lui-rendre-visite-3608980\" target=\"_blank\" rel=\"noopener\"><br \/>\nsa famille reste tr\u00e8s discr\u00e8te<\/a> \u00e0 ce sujet et ne communique que<br \/>\npeu d\u2019informations.<\/p>\n<p data-start=\"2603\" data-end=\"2953\">On sait cependant qu\u2019il vit en<br \/>\nSuisse, plus pr\u00e9cis\u00e9ment dans <a href=\"https:\/\/www.closermag.fr\/people\/michael-schumacher-a-quoi-ressemble-sa-sublime-villa-ou-il-vit-cache-depuis-son-accident-3550147#item=1\" target=\"_blank\" rel=\"noopener\"><br \/>\nle chalet familial de Gland.<\/a> La propri\u00e9t\u00e9 a d\u2019ailleurs \u00e9t\u00e9 mise<br \/>\nen vente en 2021, au prix de 58,7 millions d\u2019euros, mais n\u2019a jamais<br \/>\ntrouv\u00e9 preneur. Au quotidien, il peut compter sur le soutien de<br \/>\n<a href=\"https:\/\/www.closermag.fr\/people\/michael-schumacher-rare-prise-de-parole-musclee-de-sa-femme-corinna-prete-a-tout-pour-proteger-leur-fils-3473117\" target=\"_blank\" rel=\"noopener\"><br \/>\nsa femme<br \/>\nCorinna Schumacher,<\/a> qui partage sa vie depuis plus de<br \/>\ntrente ans.<\/p>\n","protected":false},"excerpt":{"rendered":"Un vent de panique a souffl\u00e9 dans le monde du sport il y a quelques jours. Le 29&hellip;\n","protected":false},"author":2,"featured_media":661691,"comment_status":"","ping_status":"","sticky":false,"template":"","format":"standard","meta":{"footnotes":""},"categories":[1359],"tags":[21303,58,59,1011,27,70202,973,65861],"class_list":{"0":"post-661690","1":"post","2":"type-post","3":"status-publish","4":"format-standard","5":"has-post-thumbnail","7":"category-people","8":"tag-buzz_nonli","9":"tag-divertissement","10":"tag-entertainment","11":"tag-fr","12":"tag-france","13":"tag-marfeel_connexes","14":"tag-people","15":"tag-trend"},"share_on_mastodon":{"url":"https:\/\/pubeurope.com\/@fr\/115890416773002147","error":""},"_links":{"self":[{"href":"https:\/\/www.europesays.com\/fr\/wp-json\/wp\/v2\/posts\/661690","targetHints":{"allow":["GET"]}}],"collection":[{"href":"https:\/\/www.europesays.com\/fr\/wp-json\/wp\/v2\/posts"}],"about":[{"href":"https:\/\/www.europesays.com\/fr\/wp-json\/wp\/v2\/types\/post"}],"author":[{"embeddable":true,"href":"https:\/\/www.europesays.com\/fr\/wp-json\/wp\/v2\/users\/2"}],"replies":[{"embeddable":true,"href":"https:\/\/www.europesays.com\/fr\/wp-json\/wp\/v2\/comments?post=661690"}],"version-history":[{"count":0,"href":"https:\/\/www.europesays.com\/fr\/wp-json\/wp\/v2\/posts\/661690\/revisions"}],"wp:featuredmedia":[{"embeddable":true,"href":"https:\/\/www.europesays.com\/fr\/wp-json\/wp\/v2\/media\/661691"}],"wp:attachment":[{"href":"https:\/\/www.europesays.com\/fr\/wp-json\/wp\/v2\/media?parent=661690"}],"wp:term":[{"taxonomy":"category","embeddable":true,"href":"https:\/\/www.europesays.com\/fr\/wp-json\/wp\/v2\/categories?post=661690"},{"taxonomy":"post_tag","embeddable":true,"href":"https:\/\/www.europesays.com\/fr\/wp-json\/wp\/v2\/tags?post=661690"}],"curies":[{"name":"wp","href":"https:\/\/api.w.org\/{rel}","templated":true}]}}