{"id":661692,"date":"2026-01-13T23:36:20","date_gmt":"2026-01-13T23:36:20","guid":{"rendered":"https:\/\/www.europesays.com\/fr\/661692\/"},"modified":"2026-01-13T23:36:20","modified_gmt":"2026-01-13T23:36:20","slug":"attention-les-yeux-une-histoire-du-flash-episode-du-podcast-photographie-une-histoire-sans-cliche","status":"publish","type":"post","link":"https:\/\/www.europesays.com\/fr\/661692\/","title":{"rendered":"Attention les yeux\u00a0! Une histoire du flash : \u00e9pisode du podcast Photographie, une histoire sans clich\u00e9"},"content":{"rendered":"<p class=\"PopSlotParagraph qg-tx2 qg-xtra-lh svelte-1r0pyek\">La photographie, par son \u00e9tymologie, est l&rsquo;\u00e9criture de la lumi\u00e8re, avec pour racine grecque \u00ab\u00a0photo-\u00ab\u00a0. Puisque la plaque est photosensible, l&rsquo;aventure photographique a besoin de lumi\u00e8re. L&rsquo;histoire du flash, tel est notre objectif.<\/p>\n<p> Et la lumi\u00e8re fut<\/p>\n<p class=\"PopSlotParagraph qg-tx2 qg-xtra-lh svelte-1r0pyek\">Au d\u00e9but du 19\u1d49 si\u00e8cle, la pr\u00e9sence de lumi\u00e8re d\u00e9termine les conditions de prise de vue et de tirage des photographies. Il est presque impossible de prendre une photographie de nuit, par mauvais temps, ou en int\u00e9rieur.<\/p>\n<p class=\"PopSlotParagraph qg-tx2 qg-xtra-lh svelte-1r0pyek\">Dans les ann\u00e9es 1860, le photographe professionnel fran\u00e7ais F\u00e9lix Tournachon, surnomm\u00e9 Nadar, est l&rsquo;un des premiers \u00e0 photographier les catacombes et les \u00e9gouts de Paris \u00e0 l\u2019aide de l&rsquo;\u00e9lectricit\u00e9 et de la poudre de magn\u00e9sium, dont la couleur blanche se rapproche de celle de la lumi\u00e8re naturelle. Flora Triebel, conservatrice du patrimoine \u00e0 la Biblioth\u00e8que nationale de France en charge des collections de photographies anciennes, raconte\u00a0: \u00ab\u00a0Nadar est une personnalit\u00e9 de la boh\u00e8me parisienne tout \u00e0 fait exceptionnelle. C&rsquo;est un homme tr\u00e8s grand, tr\u00e8s roux, qui est toujours v\u00eatu d&rsquo;une veste rouge. C&rsquo;est quelqu&rsquo;un qui ne veut pas passer inaper\u00e7u et qui s\u2019est lanc\u00e9 dans l&rsquo;exploration a\u00e9rienne [&#8230;]. \u00c0 la fin des ann\u00e9es 1850, gr\u00e2ce au travail de l\u2019ing\u00e9nieur Victor Serrin, qui met au point un r\u00e9gulateur de l&rsquo;\u00e9nergie des piles Bunsen, Nadar va pouvoir r\u00e9aliser des prises de vues dans les catacombes.\u00a0\u00bb<\/p>\n<p class=\"PopSlotParagraph qg-tx2 qg-xtra-lh svelte-1r0pyek\">Le magn\u00e9sium est ensuite souvent associ\u00e9 \u00e0 de la poudre d\u00e9tonante. Une fois le feu mis au m\u00e9lange, l\u2019explosion provoqu\u00e9e produit un faisceau lumineux puissant, mais dangereux.<\/p>\n<p> De la lampe-\u00e9clair aux ampoules de flash<\/p>\n<p class=\"PopSlotParagraph qg-tx2 qg-xtra-lh svelte-1r0pyek\">Alors que le nombre d\u2019usagers de la photographie se multiplie au cours des ann\u00e9es 1890, Paul Nadar renouvelle les recherches de son p\u00e8re sur l&rsquo;\u00e9clairage artificiel en photographie. Sa lampe-\u00e9clair brevet\u00e9e en 1891 exclut l\u2019usage de poudre d\u00e9tonante et limite les risques d&rsquo;explosion et d&rsquo;incendie accidentel.<\/p>\n<p class=\"PopSlotParagraph qg-tx2 qg-xtra-lh svelte-1r0pyek\">L&rsquo;\u00e9clairage s\u00e9curis\u00e9 des prises de vue renouvelle les pratiques et les imaginaires des artistes et des scientifiques. Dans les ann\u00e9es 1920 et 1930, la lumi\u00e8re magn\u00e9sique est contenue dans des ampoules \u00e0 usage unique. Gr\u00e2ce \u00e0 cette innovation technique, le photographe Weegee rend le flash et la photographie de faits divers indissociables de l&rsquo;esth\u00e9tique du scoop recherch\u00e9 par les paparazzis. D\u00e8s lors, le mot anglais flash se d\u00e9mocratise en France, et c\u00f4toie celui d'\u00a0\u00bb\u00e9clair\u00a0\u00bb. \u00ab\u00a0[Le mot \u00ab\u00a0flash\u00a0\u00bb] est un anglicisme. [&#8230;] Il s&rsquo;est impos\u00e9 parce que les grands acteurs industriels du d\u00e9veloppement de [la] popularisation de la lumi\u00e8re artificielle sont principalement aux \u00c9tats-Unis et en Angleterre. En France, le mot \u00ab\u00a0flash\u00a0\u00bb appara\u00eet assez tardivement. [&#8230;] Pendant longtemps, on parle plut\u00f4t d&rsquo;\u00e9clair magn\u00e9tique, de \u00ab\u00a0photo-poudre\u00a0\u00bb, et le mot \u00ab\u00a0flash\u00a0\u00bb vient avec tout un imaginaire\u00a0\u00bb, souligne l\u2019historien Daniel Foliard, co-directeur de \u00ab\u00a0Aveugler pour voir\u00a0: flashs et r\u00e9v\u00e9lations\u00a0\u00bb (Photographica n\u00b011, octobre 2025) avec \u00c9liane de Larminat, Paul-Louis Roubert et \u00c9l\u00e9onore Challine.<\/p>\n<p> L\u2019invention du flash \u00e9lectronique<\/p>\n<p class=\"PopSlotParagraph qg-tx2 qg-xtra-lh svelte-1r0pyek\">Simultan\u00e9ment, des ing\u00e9nieurs photographes comme Harold Edgerton, Dimitri Rebikoff ou Berenice Abbott participent \u00e0 la mise au point du flash \u00e9lectronique. En 1947, Dimitri Rebikoff brev\u00e8te un des premiers syst\u00e8mes de flash \u00e9lectronique d\u2019Europe occidentale. Il devient c\u00e9l\u00e8bre pour ses exp\u00e9rimentations en lien avec l&rsquo;exploration sous-marine.\u00a0St\u00e9phanie Barbier, docteur en histoire de l&rsquo;art et autrice de la th\u00e8se \u00ab\u00a0Des plasticit\u00e9s de l&rsquo;optique en photographie (1890-1957)\u00a0\u00bb (2023), explique\u00a0: \u00ab\u00a0[Dimitri] Rebikoff est tr\u00e8s vite contact\u00e9 par Henry Broussard, le pr\u00e9sident du Club Alpin sous-marin. Il lui demande de perfectionner ses techniques du flash pour r\u00e9aliser des photographies sous-marines, [et] d&rsquo;adapter le dispositif du flash \u00e9lectronique \u00e0 la pratique de la photographie sous-marine.\u00a0\u00bb<\/p>\n<p class=\"PopSlotParagraph qg-tx2 qg-xtra-lh svelte-1r0pyek\">Apr\u00e8s les ann\u00e9es 1960, la diode \u00e9lectroluminescente (LED) devient progressivement le flash commun\u00e9ment utilis\u00e9. N\u00e9anmoins, elle est bien loin de la pr\u00e9cision atteinte par le flash \u00e9lectronique. Une certaine nostalgie du flash na\u00eet chez les photographes contemporains.<\/p>\n<p class=\"BounceCard-label qg-st4 svelte-990b7w\" role=\"heading\" aria-level=\"2\">\u00c0 \u00e9couter<\/p>\n<p>      <img decoding=\"async\" src=\"https:\/\/www.europesays.com\/fr\/wp-content\/uploads\/2025\/06\/120x120_sc_horizon-les-nuits-de-france-culture.jpg\" width=\"120\" height=\"120\" alt=\"\" loading=\"lazy\" fetchpriority=\"low\" data-testid=\"image-tag\" style=\"--_image-preview:url('data:image\/jpeg;base64,\/9j\/2wBDACgcHiMeGSgjISMtKygwPGRBPDc3PHtYXUlkkYCZlo+AjIqgtObDoKrarYqMyP\/L2u71\/\/\/\/m8H\/\/\/\/6\/+b9\/\/j\/2wBDASstLTw1PHZBQXb4pYyl+Pj4+Pj4+Pj4+Pj4+Pj4+Pj4+Pj4+Pj4+Pj4+Pj4+Pj4+Pj4+Pj4+Pj4+Pj4+Pj4+Pj\/wAARCAAqACoDASIAAhEBAxEB\/8QAFwABAQEBAAAAAAAAAAAAAAAAAgEAA\/\/EABYQAQEBAAAAAAAAAAAAAAAAAAABEf\/EABYBAQEBAAAAAAAAAAAAAAAAAAEAAv\/EABQRAQAAAAAAAAAAAAAAAAAAAAD\/2gAMAwEAAhEDEQA\/AOS40XGwOJTwbEhZqxTpCgQpQlGkNSCoVEki0WDJalrIilRUJf\/Z');\" aria-hidden=\"true\" class=\"svelte-1n5zs1o ratio\" onload=\"this.__e=event\" onerror=\"this.__e=event\"\/> <\/p>\n<p class=\"BounceCard-title qg-st4 svelte-990b7w\" role=\"heading\" aria-level=\"3\">Le monde insolite &#8211; Civilisations englouties : Les ruines cyclop\u00e9ennes marines (1\u00e8re diffusion : 03\/12\/1971)<\/p>\n<p class=\"BounceCard-subtitle svelte-990b7w\">Les Nuits de France Culture<\/p>\n<p class=\"qg-visible-l-up svelte-990b7w\">\u00c9couter plus tard<\/p>\n<p>   Pour en savoir plus<\/p>\n<p class=\"PopSlotParagraph qg-tx2 qg-xtra-lh svelte-1r0pyek\">St\u00e9phanie Barbier est docteur en histoire de l&rsquo;art, attach\u00e9e temporaire d&rsquo;enseignement et de recherche \u00e0 l&rsquo;Universit\u00e9 de Lorraine \u2013 Centre de Recherche Universitaire Lorrain d&rsquo;Histoire (CRULH).<br \/>Ses productions\u00a0:<\/p>\n<ul>\n<li>\u00ab\u00a0Dimitri Rebikoff, le flash \u00e9lectronique et ses usages\u00a0\u00bb, dans le colloque Aveugler, pour voir\u00a0: Flashs et r\u00e9v\u00e9lations, tenu \u00e0 la Biblioth\u00e8que nationale de France les 17 et 18 octobre 2024.<\/li>\n<li>\u00ab\u00a0Des plasticit\u00e9s de l&rsquo;optique en photographie (1890-1957)\u00a0\u00bb, th\u00e8se soutenue \u00e0 l\u2019Universit\u00e9 Paris 1 Panth\u00e9on-Sorbonne sous la direction de Michel Poivert en 2023.<\/li>\n<\/ul>\n<p class=\"PopSlotParagraph qg-tx2 qg-xtra-lh svelte-1r0pyek\">Daniel Foliard est historien de la photographie, professeur \u00e0 l&rsquo;Universit\u00e9 Paris Cit\u00e9.<br \/>Ses publications et contributions principales\u00a0:<\/p>\n<ul>\n<li>(co-direction avec \u00c9liane de Larminat, Paul-Louis Roubert et \u00c9l\u00e9onore Challine), \u00ab\u00a0Aveugler pour voir\u00a0: flashs et r\u00e9v\u00e9lations\u00a0\u00bb, dans Photographica n\u00b0 11, octobre 2025.<\/li>\n<li>Pass\u00e9s contest\u00e9s et pr\u00e9sents num\u00e9riques, Le Bord de l\u2019eau, 2025.<\/li>\n<li>Combattre, Punir, Photographier. Empires coloniaux, 1890-1914, La D\u00e9couverte, 2020.<\/li>\n<\/ul>\n<p class=\"PopSlotParagraph qg-tx2 qg-xtra-lh svelte-1r0pyek\">Flora Triebel est conservatrice du patrimoine, charg\u00e9e des collections de photographies anciennes \u00e0 la Biblioth\u00e8que nationale de France.<br \/>Ses principales publications et contributions\u00a0:<\/p>\n<ul>\n<li>\u00ab\u00a0Un \u00e9clair de raison. La lampe-Nadar, une source pour l\u2019histoire du flash\u00a0\u00bb, Photographica n\u00b0 11, octobre 2025.<\/li>\n<li>(co-direction avec\u00a0Henri Loyrette, Sylvie Aubenas, Val\u00e9rie Sueur), Degas en noir et blanc\u00a0: dessins, estampes, photographies, catalogue d&rsquo;exposition, Biblioth\u00e8que nationale de France, 2023.<\/li>\n<li>(co-direction avec Sylvie Aubenas, H\u00e9lo\u00efse Con\u00e9sa, Dominique Versavel Sueur), Noir et Blanc, une esth\u00e9tique de la photographie, catalogue d&rsquo;exposition, RMN-Grand Palais\/Biblioth\u00e8que nationale de France, 2020.<\/li>\n<\/ul>\n<p class=\"PopSlotParagraph qg-tx2 qg-xtra-lh svelte-1r0pyek\">R\u00e9f\u00e9rences sonores de l\u2019\u00e9mission\u00a0:<\/p>\n<ul>\n<li>Le photographe Henri Cartier-Bresson en 1962.<\/li>\n<li>Fiction radiophonique sur Nadar, photographe dans les catacombes, France Inter, 18 janvier 2010.<\/li>\n<li>Lecture par Thomas Beau d\u2019une lettre de Paul Nadar \u00e0 son p\u00e8re, F\u00e9lix Nadar, le 2 mai 1891.<\/li>\n<li>L\u2019artiste plasticienne Annette Messager \u00e0 propos des photographies m\u00e9dicales sur l\u2019hyst\u00e9rie de Charcot, France Culture, 1990.<\/li>\n<li>Le photographe Brassa\u00ef au sujet de photographier Paris la nuit,\u00a0RTF, 15 mars 1952.<\/li>\n<li>Lecture par Oriane Delacroix du commentaire de Berenice Abbott en 1982 \u00e0 propos de ses\u00a0exp\u00e9rimentations sur sa s\u00e9rie Science Photographs\u00a0r\u00e9alis\u00e9e \u00e0 partir de 1958. Texte traduit de l\u2019anglais par St\u00e9phanie Barbier.<\/li>\n<li>Extrait du film La Dolce Vita de Federico Fellini, 1960.<\/li>\n<li>L&rsquo;ing\u00e9nieur Dimitri Rebikoff dans l&rsquo;\u00e9mission \u00ab\u00a0Le monde insolite\u00a0\u00bb, France Culture, 3 d\u00e9cembre 1972.<\/li>\n<\/ul>\n<p class=\"PopSlotParagraph qg-tx2 qg-xtra-lh svelte-1r0pyek\">G\u00e9n\u00e9rique\u00a0: \u00ab\u00a0Gend\u00e8r\u00a0\u00bb par Makoto San, 2020.<\/p>\n","protected":false},"excerpt":{"rendered":"La photographie, par son \u00e9tymologie, est l&rsquo;\u00e9criture de la lumi\u00e8re, avec pour racine grecque \u00ab\u00a0photo-\u00ab\u00a0. Puisque la plaque&hellip;\n","protected":false},"author":2,"featured_media":661693,"comment_status":"","ping_status":"","sticky":false,"template":"","format":"standard","meta":{"footnotes":""},"categories":[1358],"tags":[1348,1384,1385,1386,58,59,1011,27],"class_list":{"0":"post-661692","1":"post","2":"type-post","3":"status-publish","4":"format-standard","5":"has-post-thumbnail","7":"category-arts-et-design","8":"tag-arts","9":"tag-arts-and-design","10":"tag-arts-et-design","11":"tag-design","12":"tag-divertissement","13":"tag-entertainment","14":"tag-fr","15":"tag-france"},"share_on_mastodon":{"url":"https:\/\/pubeurope.com\/@fr\/115890420664158996","error":""},"_links":{"self":[{"href":"https:\/\/www.europesays.com\/fr\/wp-json\/wp\/v2\/posts\/661692","targetHints":{"allow":["GET"]}}],"collection":[{"href":"https:\/\/www.europesays.com\/fr\/wp-json\/wp\/v2\/posts"}],"about":[{"href":"https:\/\/www.europesays.com\/fr\/wp-json\/wp\/v2\/types\/post"}],"author":[{"embeddable":true,"href":"https:\/\/www.europesays.com\/fr\/wp-json\/wp\/v2\/users\/2"}],"replies":[{"embeddable":true,"href":"https:\/\/www.europesays.com\/fr\/wp-json\/wp\/v2\/comments?post=661692"}],"version-history":[{"count":0,"href":"https:\/\/www.europesays.com\/fr\/wp-json\/wp\/v2\/posts\/661692\/revisions"}],"wp:featuredmedia":[{"embeddable":true,"href":"https:\/\/www.europesays.com\/fr\/wp-json\/wp\/v2\/media\/661693"}],"wp:attachment":[{"href":"https:\/\/www.europesays.com\/fr\/wp-json\/wp\/v2\/media?parent=661692"}],"wp:term":[{"taxonomy":"category","embeddable":true,"href":"https:\/\/www.europesays.com\/fr\/wp-json\/wp\/v2\/categories?post=661692"},{"taxonomy":"post_tag","embeddable":true,"href":"https:\/\/www.europesays.com\/fr\/wp-json\/wp\/v2\/tags?post=661692"}],"curies":[{"name":"wp","href":"https:\/\/api.w.org\/{rel}","templated":true}]}}