{"id":661694,"date":"2026-01-13T23:38:12","date_gmt":"2026-01-13T23:38:12","guid":{"rendered":"https:\/\/www.europesays.com\/fr\/661694\/"},"modified":"2026-01-13T23:38:12","modified_gmt":"2026-01-13T23:38:12","slug":"ca-me-detruit-dentendre-que-vous-avez-mal-marlene-schaff-star-academy-fond-en-larmes-apres-une-prestation-de-bastiaan","status":"publish","type":"post","link":"https:\/\/www.europesays.com\/fr\/661694\/","title":{"rendered":"\u00ab\u00a0\u00c7a me d\u00e9truit d&rsquo;entendre que vous avez mal\u00a0\u00bb : Marl\u00e8ne Schaff (Star Academy) fond en larmes apr\u00e8s une prestation de Bastiaan"},"content":{"rendered":"<p>Marl\u00e8ne Schaff (Star Academy) a propos\u00e9 une nouvelle masterclass aux \u00e9l\u00e8ves ce mardi 13 f\u00e9vrier. Tour \u00e0 tour, ils se sont confi\u00e9s dans un slam. Celui de Bastiaan a totalement retourn\u00e9 Marl\u00e8ne Schaff, qui a fondu en larmes. <\/p>\n<p>La saison 13 de la Star Academy touche \u00e0 sa fin. Ce samedi 17 janvier, l&rsquo;affiche des deux demi-finales de cette \u00e9dition sera connue. <a href=\"https:\/\/www.programme-tv.net\/news\/tv\/395565-star-academy-qui-est-l-eleve-immunise-pour-le-prime-du-samedi-17-janvier-et-qui-accede-a-la-demi-finale\/\" data-api-deeplink=\"teleloisirs:\/\/news\/395565\" target=\"_blank\" rel=\"noopener\">On sait d\u00e9j\u00e0 que L\u00e9a qui a emport\u00e9 l&rsquo;immunit\u00e9 lors du dernier prime participera \u00e0 l&rsquo;une d&rsquo;elles.<\/a> Comme l&rsquo;a pr\u00e9cis\u00e9 le directeur<a href=\"https:\/\/www.programme-tv.net\/news\/tv\/395640-michael-goldman-star-academy-devoile-lenjeu-tres-important-des-evaluations-qui-peuvent-tout-changer-dans-la-competition\/\" data-api-deeplink=\"teleloisirs:\/\/news\/395640\" target=\"_blank\" rel=\"noopener\">, les autres \u00e9l\u00e8ves seront qualifi\u00e9s au fur et \u00e0 mesure du prochain direct<\/a>. Les votes ont d&rsquo;ailleurs commenc\u00e9 depuis samedi dernier. Les nominations permettront au num\u00e9ro 1 du classement de gagner un r\u00f4le d\u00e9cisif pour cette phase finale du t\u00e9l\u00e9crochet. Si la comp\u00e9tition est dans la t\u00eate de tous les \u00e9l\u00e8ves, ils ont pourtant eu le privil\u00e8ge de recevoir une nouvelle visite, ce mardi 13 janvier.<a href=\"https:\/\/www.programme-tv.net\/news\/tv\/395798-je-panique-j-ai-ete-debordee-les-eleves-de-la-star-academy-choques-par-l-histoire-d-alexandra-lamy-sur-sa-fille-et-la-notoriete\/\" data-api-deeplink=\"teleloisirs:\/\/news\/395798\" target=\"_blank\" rel=\"noopener\"> Alexandra Lamy et Diata, chanteuse et autrice, sont venues leur livrer une masterclass aux c\u00f4t\u00e9s de Marl\u00e8ne Schaff, leur professeur d&rsquo;expression sc\u00e9nique.<\/a> Elles ont demand\u00e9 aux cinq acad\u00e9miciens d&rsquo;\u00e9crire un slam.<\/p>\n<p>Chacun \u00e0 leur tour, les candidats sont mont\u00e9s sur la sc\u00e8ne du th\u00e9\u00e2tre pour partager le r\u00e9sultat de leurs r\u00e9flexions. Dans son morceau, Bastiaan s&rsquo;est confi\u00e9 avec des mots tr\u00e8s forts sur le harc\u00e8lement qu&rsquo;il a subi adolescent parce qu&rsquo;il n&rsquo;\u00e9tait pas comme les autres gar\u00e7ons. \u00ab\u00a0Tu es une fille ou un gar\u00e7on ? Pourquoi tu pleures tout le temps ? Tu fais des cours de danse, ce n&rsquo;est pas bizarre pour un gar\u00e7on ? Pourquoi tu ne tra\u00eenes qu&rsquo;avec des meuf ?&#8230;Je repense \u00e0 ce gar\u00e7on au fond de la cour\u00a0\u00bb, a-t-il r\u00e9cit\u00e9. Le slam de Bastiaan a \u00e9mu aux larmes Marl\u00e8ne Schaff.<b> <\/b><b>\u00ab\u00a0J&rsquo;en ai marre, c&rsquo;est trop. Tous les jours maintenant\u00a0\u00bb<\/b><b>,<\/b> a-t-elle r\u00e9agi en s&rsquo;essuyant les yeux. Lors des r\u00e9p\u00e9titions du prime, Victor l&rsquo;avait d\u00e9j\u00e0 fait pleurer avec son interpr\u00e9tation de Ma r\u00e9v\u00e9rence. \u00ab\u00a0C&rsquo;est ultra violent ce que tu dis et pourtant on ne le re\u00e7oit pas avec violence. Et \u00e7a c&rsquo;est pr\u00e9cieux\u00a0\u00bb, l&rsquo;a f\u00e9licit\u00e9 Diata, pendant que Marl\u00e8ne continuait \u00e0 essuyer ses larmes et se remettait doucement dans son coin. Elle a ensuite expliqu\u00e9 pourquoi elle avait \u00e9t\u00e9 \u00e9mue \u00e0 ce point par les confidences de Bastiaan<b>.<\/b><b>\u00ab\u00a0Maintenant, je vous aime, c&rsquo;est comme \u00e7a et \u00e7a me d\u00e9truit d&rsquo;entendre que vous avez mal et je ne le supporte pas.<\/b> (&#8230;) C&rsquo;est \u00e7a aussi mon \u00e9motion. C&rsquo;est de la fiert\u00e9. Je crois que c&rsquo;est la premi\u00e8re fois de ma vie que je le dis parce que je refuse d&rsquo;aller l\u00e0-dedans. Je crois que j&rsquo;ai la maman qui est en moi qui est touch\u00e9e.<b> Et je n&rsquo;ai pas envie qu&rsquo;on vous fasse du mal\u00a0\u00bb<\/b>, a-t-elle r\u00e9v\u00e9l\u00e9.<\/p>\n<p>            La d\u00e9tresse de Bastiaan (Star Academy) a surpris Marl\u00e8ne Schaff durant le d\u00e9brief du prime<\/p>\n<p>Durant le d\u00e9briefing du prime,<a href=\"https:\/\/www.programme-tv.net\/news\/tv\/395723-la-competition-est-dure-extenue-bastiaan-star-academy-fond-en-larmes-face-a-marlene-schaff\/\" data-api-deeplink=\"teleloisirs:\/\/news\/395723\" target=\"_blank\" rel=\"noopener\"> Bastiaan s&rsquo;est totalement effondr\u00e9 en revoyant son tableau chant\u00e9\/dans\u00e9<\/a>. \u00ab\u00a0J&rsquo;\u00e9tais tr\u00e8s stress\u00e9, super stress\u00e9. La comp\u00e9tition est dure, je trouve \u00e7a dur de donner \u00e9norm\u00e9ment et ensuite d&rsquo;\u00eatre mis face \u00e0 un jugement, mais c&rsquo;est le jeu. J&rsquo;\u00e9tais fatigu\u00e9 cette semaine, j&rsquo;ai tout donn\u00e9, c&rsquo;est aussi tout qui ressort\u00a0\u00bb, a-t-il confi\u00e9 \u00e0 la professeur d&rsquo;expression sc\u00e9nique, \u00e9tonn\u00e9e par sa d\u00e9tresse.<\/p>\n","protected":false},"excerpt":{"rendered":"Marl\u00e8ne Schaff (Star Academy) a propos\u00e9 une nouvelle masterclass aux \u00e9l\u00e8ves ce mardi 13 f\u00e9vrier. Tour \u00e0 tour,&hellip;\n","protected":false},"author":2,"featured_media":661695,"comment_status":"","ping_status":"","sticky":false,"template":"","format":"standard","meta":{"footnotes":""},"categories":[1356],"tags":[65788,244,58,76292,59,1011,27,18440,5095,252,199,1364],"class_list":{"0":"post-661694","1":"post","2":"type-post","3":"status-publish","4":"format-standard","5":"has-post-thumbnail","7":"category-television","8":"tag-bastiaan-star-academy-2025","9":"tag-commentaire","10":"tag-divertissement","11":"tag-du00e9bat","12":"tag-entertainment","13":"tag-fr","14":"tag-france","15":"tag-marlu00e8ne-schaff","16":"tag-star-academy","17":"tag-television","18":"tag-tf1","19":"tag-tv"},"share_on_mastodon":{"url":"https:\/\/pubeurope.com\/@fr\/115890428628228683","error":""},"_links":{"self":[{"href":"https:\/\/www.europesays.com\/fr\/wp-json\/wp\/v2\/posts\/661694","targetHints":{"allow":["GET"]}}],"collection":[{"href":"https:\/\/www.europesays.com\/fr\/wp-json\/wp\/v2\/posts"}],"about":[{"href":"https:\/\/www.europesays.com\/fr\/wp-json\/wp\/v2\/types\/post"}],"author":[{"embeddable":true,"href":"https:\/\/www.europesays.com\/fr\/wp-json\/wp\/v2\/users\/2"}],"replies":[{"embeddable":true,"href":"https:\/\/www.europesays.com\/fr\/wp-json\/wp\/v2\/comments?post=661694"}],"version-history":[{"count":0,"href":"https:\/\/www.europesays.com\/fr\/wp-json\/wp\/v2\/posts\/661694\/revisions"}],"wp:featuredmedia":[{"embeddable":true,"href":"https:\/\/www.europesays.com\/fr\/wp-json\/wp\/v2\/media\/661695"}],"wp:attachment":[{"href":"https:\/\/www.europesays.com\/fr\/wp-json\/wp\/v2\/media?parent=661694"}],"wp:term":[{"taxonomy":"category","embeddable":true,"href":"https:\/\/www.europesays.com\/fr\/wp-json\/wp\/v2\/categories?post=661694"},{"taxonomy":"post_tag","embeddable":true,"href":"https:\/\/www.europesays.com\/fr\/wp-json\/wp\/v2\/tags?post=661694"}],"curies":[{"name":"wp","href":"https:\/\/api.w.org\/{rel}","templated":true}]}}