{"id":661714,"date":"2026-01-13T23:48:18","date_gmt":"2026-01-13T23:48:18","guid":{"rendered":"https:\/\/www.europesays.com\/fr\/661714\/"},"modified":"2026-01-13T23:48:18","modified_gmt":"2026-01-13T23:48:18","slug":"en-iran-le-pouvoir-emousse-dali-khamenei-un-guide-supreme-en-sursis","status":"publish","type":"post","link":"https:\/\/www.europesays.com\/fr\/661714\/","title":{"rendered":"En Iran, le pouvoir \u00e9mouss\u00e9 d\u2019Ali Khamenei, un guide supr\u00eame en sursis"},"content":{"rendered":"<p>\n    <strong>D\u00c9CRYPTAGE &#8211;<\/strong> Menac\u00e9 par la rue et ses ennemis isra\u00e9lien et am\u00e9ricain, son \u00e9viction alimente les sp\u00e9culations.<\/p>\n<p class=\"fig-paragraph\">Comment faire sauter le verrou qui emp\u00eache, depuis des ann\u00e9es, toute \u00e9volution du syst\u00e8me th\u00e9ocratique iranien\u00a0? Comment neutraliser \u00ab\u00a0le dictateur\u00a0\u00bb\u00a0<a href=\"http:\/\/www.lefigaro.fr\/international\/mort-a-khamenei-dopes-par-la-chute-de-maduro-les-iraniens-continuent-a-defier-la-repression-20260104\" data-fig-type=\"Article\" data-gtm-custom-categorie=\"navigation\" data-gtm-custom-action=\"crossclick\" data-gtm-custom-label=\"Contextuel\" data-gtm-event=\"customEventSPE\" data-fig-domain=\"LEFIGARO\" target=\"_blank\" rel=\"noopener\">Ali Khamenei, guide supr\u00eame d\u2019une R\u00e9publique islamique o\u00f9 des centaines de milliers de manifestants r\u00e9clament sa \u00ab\u00a0mort\u00a0\u00bb<\/a>, au p\u00e9ril de leur vie, chaque nuit, depuis plus de deux semaines\u00a0? Par une mise \u00e0 l\u2019\u00e9cart orchestr\u00e9e par des r\u00e9alistes au sein du syst\u00e8me pour \u00e9viter, \u00e0 terme, son effondrement\u00a0: c\u2019est la premi\u00e8re option \u00e0 laquelle s\u2019ajoute celle d\u2019une \u00e9limination physique par ses ennemis am\u00e9ricains ou isra\u00e9liens, d\u00e9j\u00e0 \u00e9voqu\u00e9e par ceux-ci en juin pendant la guerre que Tel-Aviv et Washington lanc\u00e8rent, sans un succ\u00e8s franc, contre les installations nucl\u00e9aires iraniennes.<\/p>\n<p class=\"fig-paragraph\">\u00ab\u00a0Largement d\u00e9test\u00e9 par le public, l\u2019ayatollah est depuis quelque temps plus un fardeau qu\u2019un atout pour le r\u00e9gime\u00a0\u00bb, constate le sp\u00e9cialiste de l\u2019Iran, Ali Alfoneh. Le vieillard, \u00e2g\u00e9 de 86\u00a0ans, que l\u2019on dit malade depuis longtemps, incarne la\u2026<\/p>\n<p class=\"fig-premium-paywall__infos\">\n        Cet article est r\u00e9serv\u00e9 aux abonn\u00e9s.        Il vous reste 85% \u00e0 d\u00e9couvrir.\n    <\/p>\n<p>                <img  data- alt=\"Le Figaro\" class=\"fig-img--complete fig-img\"\/><\/p>\n<p class=\"fig-premium-paywall__title\">Le Figaro c\u00e9l\u00e8bre ses 200 ans<\/p>\n<p class=\"fig-premium-paywall__subtitle\">Offre anniversaire : 2\u20ac\/mois pendant 200 semaines<\/p>\n<p class=\"fig-premium-paywall__connect\">\n                D\u00e9j\u00e0 abonn\u00e9\u00a0?                <a class=\"fig-premium-paywall__connect-link\" href=\"https:\/\/connect.lefigaro.fr\/login?client=horizon_web&amp;type=main&amp;redirect_uri=https%3A%2F%2Fwww.lefigaro.fr%2Finternational%2Fen-iran-le-pouvoir-emousse-d-ali-khamenei-un-guide-supreme-en-sursis-20260113\" data-js-gtm=\"{&quot;customCategorie&quot;: &quot;conversion&quot;, &quot;customAction&quot;: &quot;before_Landing_Connexion_paywall_auto&quot;, &quot;customLabel&quot;: &quot;bGVmaWdhcm8uZnJfXzFmMGYwNmVmLTAzMjctNjU5OC05NWJjLWY3ZmU1YmE3MzMyN19fQXJ0aWNsZQ==_En Iran, le pouvoir \u00e9mouss\u00e9 d\u2019Ali Khamenei, un guide supr\u00eame en sursis_246&quot;, &quot;customIDSPE&quot;: &quot;bGVmaWdhcm8uZnJfXzFmMGYwNmVmLTAzMjctNjU5OC05NWJjLWY3ZmU1YmE3MzMyN19fQXJ0aWNsZQ==&quot;, &quot;event&quot;: &quot;customEventSPE&quot;}\" target=\"_blank\" rel=\"noopener\"><br \/>\n                    Connectez-vous<br \/>\n                <\/a>\n            <\/p>\n","protected":false},"excerpt":{"rendered":"D\u00c9CRYPTAGE &#8211; Menac\u00e9 par la rue et ses ennemis isra\u00e9lien et am\u00e9ricain, son \u00e9viction alimente les sp\u00e9culations. Comment&hellip;\n","protected":false},"author":2,"featured_media":661715,"comment_status":"","ping_status":"","sticky":false,"template":"","format":"standard","meta":{"footnotes":""},"categories":[2],"tags":[11,1011,27,3019,12],"class_list":{"0":"post-661714","1":"post","2":"type-post","3":"status-publish","4":"format-standard","5":"has-post-thumbnail","7":"category-actualites","8":"tag-actualites","9":"tag-fr","10":"tag-france","11":"tag-iran","12":"tag-news"},"share_on_mastodon":{"url":"https:\/\/pubeurope.com\/@fr\/115890467843137803","error":""},"_links":{"self":[{"href":"https:\/\/www.europesays.com\/fr\/wp-json\/wp\/v2\/posts\/661714","targetHints":{"allow":["GET"]}}],"collection":[{"href":"https:\/\/www.europesays.com\/fr\/wp-json\/wp\/v2\/posts"}],"about":[{"href":"https:\/\/www.europesays.com\/fr\/wp-json\/wp\/v2\/types\/post"}],"author":[{"embeddable":true,"href":"https:\/\/www.europesays.com\/fr\/wp-json\/wp\/v2\/users\/2"}],"replies":[{"embeddable":true,"href":"https:\/\/www.europesays.com\/fr\/wp-json\/wp\/v2\/comments?post=661714"}],"version-history":[{"count":0,"href":"https:\/\/www.europesays.com\/fr\/wp-json\/wp\/v2\/posts\/661714\/revisions"}],"wp:featuredmedia":[{"embeddable":true,"href":"https:\/\/www.europesays.com\/fr\/wp-json\/wp\/v2\/media\/661715"}],"wp:attachment":[{"href":"https:\/\/www.europesays.com\/fr\/wp-json\/wp\/v2\/media?parent=661714"}],"wp:term":[{"taxonomy":"category","embeddable":true,"href":"https:\/\/www.europesays.com\/fr\/wp-json\/wp\/v2\/categories?post=661714"},{"taxonomy":"post_tag","embeddable":true,"href":"https:\/\/www.europesays.com\/fr\/wp-json\/wp\/v2\/tags?post=661714"}],"curies":[{"name":"wp","href":"https:\/\/api.w.org\/{rel}","templated":true}]}}