{"id":661716,"date":"2026-01-13T23:49:15","date_gmt":"2026-01-13T23:49:15","guid":{"rendered":"https:\/\/www.europesays.com\/fr\/661716\/"},"modified":"2026-01-13T23:49:15","modified_gmt":"2026-01-13T23:49:15","slug":"saint-just-saint-rambert-le-bar-les-4-as-a-change-de-proprietaire","status":"publish","type":"post","link":"https:\/\/www.europesays.com\/fr\/661716\/","title":{"rendered":"Saint-Just-Saint-Rambert. Le bar Les 4 As a chang\u00e9 de propri\u00e9taire"},"content":{"rendered":"<p>Depuis le 18\u00a0novembre, les clients du bar Les 4 As ont d\u00e9couvert de nouvelles t\u00eates derri\u00e8re le comptoir. En effet, cet \u00e9tablissement sis au 62 de la rue Joann\u00e8s-Beaulieu a chang\u00e9 de propri\u00e9taire.<\/p>\n<p>Nolan Dard et son oncle Fabien Bugelli, tous les deux de Saint-Genest-Lerpt, ont d\u00e9cid\u00e9 de reprendre ce commerce qui avait ferm\u00e9 son rideau fin juin.<\/p>\n<p>\u00ab\u00a0Nous avons saut\u00e9 sur l\u2019opportunit\u00e9\u00a0\u00bb<\/p>\n<p>\u00ab\u00a0C\u2019est en passant devant&#8230;<\/p>\n","protected":false},"excerpt":{"rendered":"Depuis le 18\u00a0novembre, les clients du bar Les 4 As ont d\u00e9couvert de nouvelles t\u00eates derri\u00e8re le comptoir.&hellip;\n","protected":false},"author":2,"featured_media":661717,"comment_status":"","ping_status":"","sticky":false,"template":"","format":"standard","meta":{"footnotes":""},"categories":[9653],"tags":[1111,11,2430,4406,33,7359,1777,674,1011,27,12,25,4001,20524,20525],"class_list":{"0":"post-661716","1":"post","2":"type-post","3":"status-publish","4":"format-standard","5":"has-post-thumbnail","7":"category-saint-etienne","8":"tag-actu","9":"tag-actualites","10":"tag-auvergne-rhone-alpes","11":"tag-commerce-et-services","12":"tag-economie","13":"tag-edition-loire-centre","14":"tag-eu","15":"tag-europe","16":"tag-fr","17":"tag-france","18":"tag-news","19":"tag-republique-francaise","20":"tag-saint-etienne","21":"tag-saint-just-saint-rambert","22":"tag-saint-just-saint-rambert-ville"},"share_on_mastodon":{"url":"https:\/\/pubeurope.com\/@fr\/115890471841294073","error":""},"_links":{"self":[{"href":"https:\/\/www.europesays.com\/fr\/wp-json\/wp\/v2\/posts\/661716","targetHints":{"allow":["GET"]}}],"collection":[{"href":"https:\/\/www.europesays.com\/fr\/wp-json\/wp\/v2\/posts"}],"about":[{"href":"https:\/\/www.europesays.com\/fr\/wp-json\/wp\/v2\/types\/post"}],"author":[{"embeddable":true,"href":"https:\/\/www.europesays.com\/fr\/wp-json\/wp\/v2\/users\/2"}],"replies":[{"embeddable":true,"href":"https:\/\/www.europesays.com\/fr\/wp-json\/wp\/v2\/comments?post=661716"}],"version-history":[{"count":0,"href":"https:\/\/www.europesays.com\/fr\/wp-json\/wp\/v2\/posts\/661716\/revisions"}],"wp:featuredmedia":[{"embeddable":true,"href":"https:\/\/www.europesays.com\/fr\/wp-json\/wp\/v2\/media\/661717"}],"wp:attachment":[{"href":"https:\/\/www.europesays.com\/fr\/wp-json\/wp\/v2\/media?parent=661716"}],"wp:term":[{"taxonomy":"category","embeddable":true,"href":"https:\/\/www.europesays.com\/fr\/wp-json\/wp\/v2\/categories?post=661716"},{"taxonomy":"post_tag","embeddable":true,"href":"https:\/\/www.europesays.com\/fr\/wp-json\/wp\/v2\/tags?post=661716"}],"curies":[{"name":"wp","href":"https:\/\/api.w.org\/{rel}","templated":true}]}}