{"id":661721,"date":"2026-01-13T23:52:33","date_gmt":"2026-01-13T23:52:33","guid":{"rendered":"https:\/\/www.europesays.com\/fr\/661721\/"},"modified":"2026-01-13T23:52:33","modified_gmt":"2026-01-13T23:52:33","slug":"100-asnl-la-quotidienne-las-nancy-lorraine-eliminee-de-la-coupe-de-france-un-mal-pour-un-bien","status":"publish","type":"post","link":"https:\/\/www.europesays.com\/fr\/661721\/","title":{"rendered":"100% ASNL, la quotidienne. L&rsquo;AS Nancy Lorraine \u00e9limin\u00e9e de la Coupe de France\u00a0: un mal pour un bien\u00a0?"},"content":{"rendered":"<p>L\u2019AS Nancy-Lorraine a dit adieu \u00e0 la Coupe de France. Si l&rsquo;\u00e9limination est toujours am\u00e8re, elle pourrait s\u2019av\u00e9rer salvatrice. Entre un effectif limit\u00e9 et l\u2019obsession d&rsquo;un maintien certainement vital pour le club, le coach, Pablo Correa sait que ce retrait forc\u00e9 offre un luxe pr\u00e9cieux\u00a0: la fra\u00eecheur.<\/p>\n<p>L\u2019\u00e9limination n\u2019est jamais une f\u00eate, mais pour l\u2019AS Nancy-Lorraine, elle ressemble \u00e0 un soulagement. Dans l\u2019exigence de la Ligue 2, courir deux li\u00e8vres \u00e0 la fois est un luxe que l&rsquo;ASNL ne peut s&rsquo;offrir. Pablo Correa, pragmatique, conna\u00eet les limites de son effectif\u00a0: la profondeur de banc actuelle ne permet pas de compenser l\u2019usure des titulaires lors des matchs couperets de milieu de semaine.<\/p>\n<p>En quittant la Coupe, l\u2019ASNL s&rsquo;\u00e9vite des suspensions stupides, des p\u00e9pins physiques et l&rsquo;\u00e9puisement mental li\u00e9 aux d\u00e9placements \u00e0 rallonge. Le staff va d\u00e9sormais pouvoir pr\u00e9parer chaque week-end avec une semaine compl\u00e8te de travail, un avantage majeur sur des concurrents encore engag\u00e9s.<\/p>\n<p>Dans un championnat o\u00f9 la r\u00e9gularit\u00e9 est la cl\u00e9, disposer de joueurs frais pour le sprint final vaut bien le sacrifice d&rsquo;une \u00e9pop\u00e9e en Coupe. Ce n&rsquo;est pas un aveu de faiblesse, mais une strat\u00e9gie de survie\u00a0: pour accrocher un maintien rapide, Nancy doit savoir choisir ses batailles. L&rsquo;objectif est clair, net et sans distraction. Est-ce l&rsquo;avis des supporters et des suiveurs de l&rsquo;ASNL\u00a0? Laurent Pilloni pose la question dans <strong>100% ASNL.<\/strong><\/p>\n<p>\u00c0 lire aussi   <img decoding=\"async\" src=\"https:\/\/www.europesays.com\/fr\/wp-content\/uploads\/2026\/01\/1768348353_772_400x400.jpeg\" alt=\"\" style=\"--_image-preview:url('data:image\/jpeg;base64,\/9j\/2wBDACgcHiMeGSgjISMtKygwPGRBPDc3PHtYXUlkkYCZlo+AjIqgtObDoKrarYqMyP\/L2u71\/\/\/\/m8H\/\/\/\/6\/+b9\/\/j\/2wBDASstLTw1PHZBQXb4pYyl+Pj4+Pj4+Pj4+Pj4+Pj4+Pj4+Pj4+Pj4+Pj4+Pj4+Pj4+Pj4+Pj4+Pj4+Pj4+Pj4+Pj\/wAARCAAXACoDASIAAhEBAxEB\/8QAGAABAQEBAQAAAAAAAAAAAAAAAgADAQT\/xAAYEAEBAQEBAAAAAAAAAAAAAAAAAQIREv\/EABYBAQEBAAAAAAAAAAAAAAAAAAEAAv\/EABQRAQAAAAAAAAAAAAAAAAAAAAD\/2gAMAwEAAhEDEQA\/ABYFaaZ6qaDTPRWjQQsc4fFxF6t1jrSTTDO6USCKQvKSL\/\/Z');\" loading=\"lazy\" fetchpriority=\"low\" aria-hidden=\"true\" class=\"svelte-1cksh76 rounded\" onload=\"this.__e=event\" onerror=\"this.__e=event\"\/><\/p>\n","protected":false},"excerpt":{"rendered":"L\u2019AS Nancy-Lorraine a dit adieu \u00e0 la Coupe de France. Si l&rsquo;\u00e9limination est toujours am\u00e8re, elle pourrait s\u2019av\u00e9rer&hellip;\n","protected":false},"author":2,"featured_media":661722,"comment_status":"","ping_status":"","sticky":false,"template":"","format":"standard","meta":{"footnotes":""},"categories":[9635],"tags":[1111,11,1777,674,1011,27,775,1702,12,25],"class_list":{"0":"post-661721","1":"post","2":"type-post","3":"status-publish","4":"format-standard","5":"has-post-thumbnail","7":"category-nancy","8":"tag-actu","9":"tag-actualites","10":"tag-eu","11":"tag-europe","12":"tag-fr","13":"tag-france","14":"tag-grand-est","15":"tag-nancy","16":"tag-news","17":"tag-republique-francaise"},"share_on_mastodon":{"url":"https:\/\/pubeurope.com\/@fr\/115890483688121540","error":""},"_links":{"self":[{"href":"https:\/\/www.europesays.com\/fr\/wp-json\/wp\/v2\/posts\/661721","targetHints":{"allow":["GET"]}}],"collection":[{"href":"https:\/\/www.europesays.com\/fr\/wp-json\/wp\/v2\/posts"}],"about":[{"href":"https:\/\/www.europesays.com\/fr\/wp-json\/wp\/v2\/types\/post"}],"author":[{"embeddable":true,"href":"https:\/\/www.europesays.com\/fr\/wp-json\/wp\/v2\/users\/2"}],"replies":[{"embeddable":true,"href":"https:\/\/www.europesays.com\/fr\/wp-json\/wp\/v2\/comments?post=661721"}],"version-history":[{"count":0,"href":"https:\/\/www.europesays.com\/fr\/wp-json\/wp\/v2\/posts\/661721\/revisions"}],"wp:featuredmedia":[{"embeddable":true,"href":"https:\/\/www.europesays.com\/fr\/wp-json\/wp\/v2\/media\/661722"}],"wp:attachment":[{"href":"https:\/\/www.europesays.com\/fr\/wp-json\/wp\/v2\/media?parent=661721"}],"wp:term":[{"taxonomy":"category","embeddable":true,"href":"https:\/\/www.europesays.com\/fr\/wp-json\/wp\/v2\/categories?post=661721"},{"taxonomy":"post_tag","embeddable":true,"href":"https:\/\/www.europesays.com\/fr\/wp-json\/wp\/v2\/tags?post=661721"}],"curies":[{"name":"wp","href":"https:\/\/api.w.org\/{rel}","templated":true}]}}