{"id":661723,"date":"2026-01-13T23:53:31","date_gmt":"2026-01-13T23:53:31","guid":{"rendered":"https:\/\/www.europesays.com\/fr\/661723\/"},"modified":"2026-01-13T23:53:31","modified_gmt":"2026-01-13T23:53:31","slug":"ces-dix-concerts-a-ne-pas-manquer-dans-le-var-en-2026","status":"publish","type":"post","link":"https:\/\/www.europesays.com\/fr\/661723\/","title":{"rendered":"Ces dix concerts \u00e0 ne pas manquer dans le Var en 2026"},"content":{"rendered":"<p class=\"fs-5 \">Du rap, de la vari\u00e9t\u00e9, des gloires d\u2019antan, du rock\u2026 la programmation musicale s\u2019annonce \u00e9clectique et riche dans le Var durant les douze prochains mois. Si les diff\u00e9rents festivals commencent \u00e0 d\u00e9voiler leurs affiches, nous vous proposons une s\u00e9lection des rendez-vous \u00e0 ne pas manquer dans les diff\u00e9rentes salles de concert.<\/p>\n<p>                                                                                <strong>1. Il n\u2019est jamais trop tard pour Thomas Dutronc \u00e0 Fr\u00e9jus<\/strong><\/p>\n<p class=\"fs-5 \">On commence l\u2019ann\u00e9e par un d\u00e9tour au th\u00e9\u00e2tre Le Forum \u00e0 Fr\u00e9jus avec le concert de Thomas Dutronc et de ses musiciens. L\u2019artiste pr\u00e9sente notamment les titres de son dernier album, Il n\u2019est jamais trop tard. Un disque sorti en septembre dernier, plus de neuf ans apr\u00e8s son pr\u00e9c\u00e9dent opus original. Comme souvent, Dutronc jongle avec les styles et les influences pour faire sonner les guitares et les mots. Toujours un moment \u00e0 part.<\/p>\n<p class=\"fs-5 \">Vendredi 30 janvier au th\u00e9\u00e2tre Le Forum \u00e0 Fr\u00e9jus. De 22 \u00e0 45 euros.<\/p>\n<p>                                                                                <strong>2. Benjamin Biolay en acoustique \u00e0 Sanary<\/strong><\/p>\n<p class=\"fs-5 \">Artiste aux multiples facettes, Benjamin Biolay aime les d\u00e9fis. En octobre dernier, il sortait Le Disque bleu, un album compos\u00e9 entre l\u2019Europe et l\u2019Am\u00e9rique du Sud. On y retrouve des influences allant de la chanson fran\u00e7aise \u00e0 la bossa-nova. Pour cette tourn\u00e9e, qui passe par Sanary, il opte pour un spectacle en acoustique, l\u2019occasion de d\u00e9couvrir ses morceaux autrement et de plonger en toute intimit\u00e9 dans ses mots.<\/p>\n<p class=\"fs-5 \">Vendredi 30 janvier au th\u00e9\u00e2tre Galli \u00e0 Sanary. 66 euros<\/p>\n<p>                                                                                <strong>3. M. Pokora fait le plein d\u2019Adr\u00e9naline \u00e0 Toulon<\/strong><\/p>\n<p class=\"fs-5 \">Plus de vingt ans de carri\u00e8re et un dixi\u00e8me album sorti en 2025, intitul\u00e9 Adr\u00e9naline. M. Pokora investit la sc\u00e8ne du Z\u00e9nith de Toulon et, comme souvent avec lui, le show d\u00e9passe largement les albums. Le chanteur aime offrir un spectacle complet \u00e0 son public, avec une mise en sc\u00e8ne soign\u00e9e, des d\u00e9cors imposants et la pr\u00e9sence sur sc\u00e8ne de danseurs et de musiciens pour l\u2019accompagner. De quoi faire monter l\u2019adr\u00e9naline.<\/p>\n<p class=\"fs-5 \">Vendredi 6 mars au Z\u00e9nith de Toulon. De 49 \u00e0 95 euros.<\/p>\n<p>                                                                                <strong>4. Suzane s\u2019empare de Ch\u00e2teauvallon<\/strong><\/p>\n<p class=\"fs-5 \">Une exp\u00e9rience immersive et \u00e9lectrisante. Voil\u00e0 en substance comment est pr\u00e9sent\u00e9e l\u2019artiste Suzane sur sc\u00e8ne. Avec son esth\u00e9tique futuriste et un soin particulier accord\u00e9 \u00e0 ses chor\u00e9graphies, elle offre une v\u00e9ritable performance sc\u00e9nique. Fin 2025, Suzane a sorti son nouvel album, Millenium, toujours port\u00e9 par des textes cisel\u00e9s et des m\u00e9lodies envo\u00fbtantes. Un moment \u00e0 part \u00e0 d\u00e9couvrir sur les planches de Ch\u00e2teauvallon.<\/p>\n<p class=\"fs-5 \">Mardi 10 mars \u00e0 Ch\u00e2teauvallon. 35 euros<\/p>\n<p>                                                                                <strong>5. Calogero, \u00ab Un soir dans les th\u00e9\u00e2tres \u00bb \u00e0 Fr\u00e9jus et Sainte-Maxime<\/strong><\/p>\n<p class=\"fs-5 \">Une carri\u00e8re lanc\u00e9e \u00e0 la fin du si\u00e8cle pr\u00e9c\u00e9dent et des tubes \u00e0 la pelle. Calogero s\u2019est impos\u00e9 comme un acteur incontournable de la sc\u00e8ne fran\u00e7aise. En octobre 2024, il a sorti X (\u00e0 prononcer en chiffres romains) pour marquer son dixi\u00e8me album. Pour cette tourn\u00e9e, il laisse de c\u00f4t\u00e9 les Z\u00e9nith et les grandes salles au profit de lieux plus intimistes avec ce tour de France intitul\u00e9 Un soir dans les th\u00e9\u00e2tres, dans lequel il revisite son r\u00e9pertoire \u00e0 travers des versions in\u00e9dites.<\/p>\n<p class=\"fs-5 \">Jeudi 26 mars au Th\u00e9\u00e2tre Le Forum \u00e0 Fr\u00e9jus. De 30 \u00e0 60 euros.<\/p>\n<p class=\"fs-5 \">Vendredi 27 mars au Carr\u00e9 Sainte-Maxime. De 30 \u00e0 60 euros.<\/p>\n<p>                                                                                <strong>6. Eros Ramazzotti, la classe \u00e0 l\u2019italienne<\/strong><\/p>\n<p class=\"fs-5 \">Un monument de la chanson italienne. Eros Ramazzotti d\u00e9barque \u00e0 Toulon pour enflammer le Z\u00e9nith. Le Romain compte quinze albums studio depuis 1984, dont un dernier sorti en 2025, Una storia importante. Son aura et son charme s\u00e9duisent toujours un public fid\u00e8le qui se pr\u00e9cipite \u00e0 ses concerts. Il compte cinq dates en France, dont le rendez-vous toulonnais.<\/p>\n<p class=\"fs-5 \">Dimanche 29 mars au Z\u00e9nith de Toulon. De 63 \u00e0 151 euros.<\/p>\n<p>                                                                                <strong>7. Fr\u00e9d\u00e9ric Fran\u00e7ois \u00e9ternel \u00e0 Sanary<\/strong><\/p>\n<p class=\"fs-5 \">Cinquante ans de carri\u00e8re et un public toujours fid\u00e8le. Fr\u00e9d\u00e9ric Fran\u00e7ois n\u2019a pas termin\u00e9 son histoire d\u2019amour avec ses fans. Au printemps dernier, il a sorti un nouvel album, Tout s\u2019oublie un jour. Un opus teint\u00e9 de nostalgie mais r\u00e9solument optimiste. Nul doute que sur sc\u00e8ne, il reprendra \u00e9galement ses titres les plus connus. Intemporel.<\/p>\n<p class=\"fs-5 \">Samedi 11 avril au th\u00e9\u00e2tre Galli \u00e0 Sanary. Tarif plein 64 euros.<\/p>\n<p>                                                                                <strong>8. Miossec de retour sur sc\u00e8ne<\/strong><\/p>\n<p class=\"fs-5 \">Apr\u00e8s une longue convalescence, Miossec est de retour sur sc\u00e8ne. Et \u00e7a fait du bien. Deux ans apr\u00e8s la sortie de son album Simplifier, il repart \u00e0 la rencontre de son public, laissant derri\u00e8re lui ses ennuis de sant\u00e9. Sa guitare, sa voix et ses textes toujours aussi forts sont autant d\u2019arguments pour aller le voir \u00e0 Puget-sur-Argens.<\/p>\n<p class=\"fs-5 \">Samedi 25 avril au Mas des Escaravatiers \u00e0 Puget-sur-Argens. 34,40 euros.<\/p>\n<p>                                                                                <strong>9. Vanessa Paradis reprend le micro<\/strong><\/p>\n<p class=\"fs-5 \">Faut-il encore pr\u00e9senter Vanessa Paradis ? Enfant ch\u00e9rie de la chanson fran\u00e7aise depuis ses 14 ans et Joe le taxi, l\u2019artiste traverse les \u00e9poques et les styles. Apr\u00e8s sept ans d\u2019absence discographique et une carri\u00e8re r\u00e9cemment plus orient\u00e9e vers le cin\u00e9ma, elle est revenue sur le devant de la sc\u00e8ne musicale avec Le retour des beaux jours, son huiti\u00e8me album. Un disque aux sonorit\u00e9s pop et soul, pour lequel elle a notamment travaill\u00e9 avec \u00c9tienne Daho.<\/p>\n<p class=\"fs-5 \">Samedi 24 octobre au Z\u00e9nith de Toulon. De 35 \u00e0 110 euros.<\/p>\n<p>                                                                                <strong>10. Mentissa, la rel\u00e8ve au Mas des Escaravatiers<\/strong><\/p>\n<p class=\"fs-5 \">Une voix envo\u00fbtante et une facilit\u00e9 \u00e0 jouer avec les \u00e9motions. Mentissa s\u2019impose comme un talent de la nouvelle g\u00e9n\u00e9ration, cultivant une spontan\u00e9it\u00e9 et une vraie proximit\u00e9 avec son public.<\/p>\n<p class=\"fs-5 \">Vendredi 13 novembre \u00e0 Puget-sur-Argens. Tarif normal 41,20 euros.<\/p>\n<p>                                                                                <strong>Les festivals gardent le rythme et d\u00e9voilent leur programmation<\/strong><\/p>\n<p class=\"fs-5 \">L\u2019\u00e9t\u00e9 ne se r\u00e9sume pas seulement aux longues journ\u00e9es sur les plages et aux ap\u00e9ros jusqu\u2019au bout de la nuit. Le Var offre un large panel de rendez-vous musicaux tout au long de la p\u00e9riode estivale. Si toutes les programmations n\u2019ont pas encore \u00e9t\u00e9 d\u00e9voil\u00e9es, voici un aper\u00e7u de ce qui vous attend pour les concerts en plein air de l\u2019\u00e9t\u00e9 \u00e0 travers le d\u00e9partement.<\/p>\n<p>                                                                                Le Son by Toulon en haut de l\u2019affiche<\/p>\n<p class=\"fs-5 \">Pour sa 3e \u00e9dition, Le Son by Toulon garde sa ligne de conduite avec une programmation \u00e9clectique, destin\u00e9e \u00e0 toutes les g\u00e9n\u00e9rations. L\u2019\u00e9dition 2026 s\u2019ouvre avec <strong>Ben Harper<\/strong>, le 12 juillet, sur la sc\u00e8ne install\u00e9e devant le parvis du Z\u00e9nith de Toulon. L\u2019artiste am\u00e9ricain, qui oscille entre rock, blues, funk et folk, compte 18 albums et trois Grammy Awards. Il d\u00e9barque avec son groupe mythique, The Innocent Criminals. La premi\u00e8re partie sera assur\u00e9e par <strong>Charlie Winston<\/strong>. Le 17 juillet, place \u00e0 une double affiche avec, dans un premier temps, <strong>Tayc<\/strong>, puis le rappeur <strong>Jok\u2019Air<\/strong>. Bigflo &amp; Oli se produiront le 18 juillet, <strong>Patrick Bruel<\/strong> le 22, <strong>Mika<\/strong> le 24 et <strong>Damso<\/strong> le 25. De quoi satisfaire tous les go\u00fbts et toutes les g\u00e9n\u00e9rations.<\/p>\n<p class=\"fs-5 \">Rens. sur <a href=\"https:\/\/sonbytoulon.com\/\" target=\"_blank\" rel=\"nofollow noopener\">le site Le Son by Toulon<\/a>. <\/p>\n<p>                                                                                Le Mas des Escaravatiers version estivale<\/p>\n<p class=\"fs-5 \">Nich\u00e9e au milieu des vignes, au bord d\u2019une piscine, la sc\u00e8ne d\u2019\u00e9t\u00e9 du Mas des Escaravatiers attire les plus grands artistes. Et l\u2019\u00e9dition 2026 n\u2019\u00e9chappe pas \u00e0 la r\u00e8gle avec les concerts de <strong>Benjamin Biolay<\/strong> (13 juin), <strong>Deluxe<\/strong> (19 juin), <strong>Ga\u00ebtan Roussel<\/strong> (10 juillet) ou encore <strong>Julien Clerc<\/strong> (4 juillet).<\/p>\n<p class=\"fs-5 \">Rens. sur <a href=\"https:\/\/lemas-concert.com\/\" target=\"_blank\" rel=\"nofollow noopener\">le site du Mas des Escaravatiers<\/a> <\/p>\n<p>                                                                                Christophe Ma\u00e9 et Kendji, t\u00eates d\u2019affiche \u00e0 Solli\u00e8s<\/p>\n<p class=\"fs-5 \">Deux monuments de la vari\u00e9t\u00e9 fran\u00e7aise d\u00e9barquent \u00e0 Solli\u00e8s-Pont pour le Festival du Ch\u00e2teau. <strong>Christophe Ma\u00e9<\/strong> sera sur sc\u00e8ne le 15 juillet pour interpr\u00e9ter ses titres les plus populaires, parmi lesquels \u00c7a fait mal, hommage \u00e0 son p\u00e8re. <strong>Kendji Girac<\/strong> prendra le relais le 18 juillet pour notamment chanter Les Yeux de la mama. Toute la famille devrait \u00eatre ravie.<\/p>\n<p class=\"fs-5 \">Rens. sur <a href=\"https:\/\/www.ville-sollies-pont.fr\/actualites\/2489\/festival-du-chateau-2026.htm\" target=\"_blank\" rel=\"nofollow noopener\">le site de la ville de Solli\u00e8s-Pont<\/a><\/p>\n<p>                                                                                La Kermesse, retour en fanfare<\/p>\n<p class=\"fs-5 \">L\u2019an pass\u00e9, 60 000 personnes se sont pr\u00e9cipit\u00e9es au parc de la Navale, \u00e0 La Seyne, pour les trois dates de la Kermesse. Cette ann\u00e9e encore, les amoureux des tubes des ann\u00e9es 1990 et 2000 seront servis du 31 juillet au 2 ao\u00fbt, avec notamment \u00e0 l\u2019affiche : <strong>C\u0153ur de Pirate, Tribal King, Sinik, \u00c8ve Angeli, Las Ketchup, Trag\u00e9die, Faf Larage <\/strong>ou encore<strong> Lou Bega\u2026<\/strong><\/p>\n<p class=\"fs-5 \">Rens. sur<a href=\"https:\/\/lakermesse.fr\/\" target=\"_blank\" rel=\"nofollow noopener\"> le site de La Kermesse<\/a><\/p>\n","protected":false},"excerpt":{"rendered":"Du rap, de la vari\u00e9t\u00e9, des gloires d\u2019antan, du rock\u2026 la programmation musicale s\u2019annonce \u00e9clectique et riche dans&hellip;\n","protected":false},"author":2,"featured_media":661724,"comment_status":"","ping_status":"","sticky":false,"template":"","format":"standard","meta":{"footnotes":""},"categories":[9619],"tags":[1111,11,1777,674,1011,27,12,882,25,2310],"class_list":{"0":"post-661723","1":"post","2":"type-post","3":"status-publish","4":"format-standard","5":"has-post-thumbnail","7":"category-toulon","8":"tag-actu","9":"tag-actualites","10":"tag-eu","11":"tag-europe","12":"tag-fr","13":"tag-france","14":"tag-news","15":"tag-provence-alpes-cote-dazur","16":"tag-republique-francaise","17":"tag-toulon"},"share_on_mastodon":{"url":"https:\/\/pubeurope.com\/@fr\/115890487548879182","error":""},"_links":{"self":[{"href":"https:\/\/www.europesays.com\/fr\/wp-json\/wp\/v2\/posts\/661723","targetHints":{"allow":["GET"]}}],"collection":[{"href":"https:\/\/www.europesays.com\/fr\/wp-json\/wp\/v2\/posts"}],"about":[{"href":"https:\/\/www.europesays.com\/fr\/wp-json\/wp\/v2\/types\/post"}],"author":[{"embeddable":true,"href":"https:\/\/www.europesays.com\/fr\/wp-json\/wp\/v2\/users\/2"}],"replies":[{"embeddable":true,"href":"https:\/\/www.europesays.com\/fr\/wp-json\/wp\/v2\/comments?post=661723"}],"version-history":[{"count":0,"href":"https:\/\/www.europesays.com\/fr\/wp-json\/wp\/v2\/posts\/661723\/revisions"}],"wp:featuredmedia":[{"embeddable":true,"href":"https:\/\/www.europesays.com\/fr\/wp-json\/wp\/v2\/media\/661724"}],"wp:attachment":[{"href":"https:\/\/www.europesays.com\/fr\/wp-json\/wp\/v2\/media?parent=661723"}],"wp:term":[{"taxonomy":"category","embeddable":true,"href":"https:\/\/www.europesays.com\/fr\/wp-json\/wp\/v2\/categories?post=661723"},{"taxonomy":"post_tag","embeddable":true,"href":"https:\/\/www.europesays.com\/fr\/wp-json\/wp\/v2\/tags?post=661723"}],"curies":[{"name":"wp","href":"https:\/\/api.w.org\/{rel}","templated":true}]}}