{"id":661725,"date":"2026-01-13T23:54:20","date_gmt":"2026-01-13T23:54:20","guid":{"rendered":"https:\/\/www.europesays.com\/fr\/661725\/"},"modified":"2026-01-13T23:54:20","modified_gmt":"2026-01-13T23:54:20","slug":"top-14-toulon-annonce-la-signature-de-linternational-ecossais-huw-jones","status":"publish","type":"post","link":"https:\/\/www.europesays.com\/fr\/661725\/","title":{"rendered":"Top 14 : Toulon annonce la signature de l&rsquo;international \u00e9cossais Huw Jones"},"content":{"rendered":"<p>Apr\u00e8s <a href=\"https:\/\/www.laprovence.com\/article\/sports\/2622384731823\/rugby-champions-cup-tomas-albornoz-le-bapteme-du-feu-avec-le-rc-toulon-face-au-munster\" target=\"_blank\" rel=\"noopener\">Tomas Albornoz qui a gout\u00e9 \u00e0 sa premi\u00e8re titularisation<\/a> le week-end dernier en <a href=\"https:\/\/www.laprovence.com\/article\/sports\/37948347644736\/rugby-champions-cup-dans-la-douleur-toulon-simpose-contre-le-munster-et-disputera-un-match-couperet\" target=\"_blank\" rel=\"noopener\">Champions Cup<\/a> une poign\u00e9e de jour seulement\u00a0 suivant sa signature \u00e0 Toulon, la nouvelle recrue va devoir attendre un peu plus avant de rev\u00eatir le maillot rouge et noir.<\/p>\n<p>6 mois, pour \u00eatre exact. Le RC Toulon a officialis\u00e9 ce mardi le recrutement du centre international \u00e9cossais Huw Jones (58 s\u00e9lections) en provenance des Glasgow Warriors pour deux saisons \u00e0 compter de l&rsquo;exercice 2026-2027.<\/p>\n<p>\u00ab\u00a0Huw Jones apportera au RCT toute son exp\u00e9rience du tr\u00e8s haut niveau, sa puissance, sa qualit\u00e9 de franchissement, sa vitesse, ainsi que son sens du jeu et de la d\u00e9fense, des atouts majeurs au c\u0153ur du jeu toulonnais\u00a0\u00bb, a soulign\u00e9 le club dans un communiqu\u00e9 au sujet du joueur de 32 ans, nomm\u00e9 dans la \u201cDream Team du XV World Rugby de l&rsquo;ann\u00e9e 2025&Prime;.<\/p>\n","protected":false},"excerpt":{"rendered":"Apr\u00e8s Tomas Albornoz qui a gout\u00e9 \u00e0 sa premi\u00e8re titularisation le week-end dernier en Champions Cup une poign\u00e9e&hellip;\n","protected":false},"author":2,"featured_media":661726,"comment_status":"","ping_status":"","sticky":false,"template":"","format":"standard","meta":{"footnotes":""},"categories":[9619],"tags":[5734,1111,11,2562,76294,1777,674,1011,27,47517,12,882,25,479,13040,60,3030,2310],"class_list":{"0":"post-661725","1":"post","2":"type-post","3":"status-publish","4":"format-standard","5":"has-post-thumbnail","7":"category-toulon","8":"tag-5734","9":"tag-actu","10":"tag-actualites","11":"tag-annonce","12":"tag-ecossais","13":"tag-eu","14":"tag-europe","15":"tag-fr","16":"tag-france","17":"tag-linternational","18":"tag-news","19":"tag-provence-alpes-cote-dazur","20":"tag-republique-francaise","21":"tag-rugby","22":"tag-signature","23":"tag-sports","24":"tag-top","25":"tag-toulon"},"share_on_mastodon":{"url":"https:\/\/pubeurope.com\/@fr\/115890491492180284","error":""},"_links":{"self":[{"href":"https:\/\/www.europesays.com\/fr\/wp-json\/wp\/v2\/posts\/661725","targetHints":{"allow":["GET"]}}],"collection":[{"href":"https:\/\/www.europesays.com\/fr\/wp-json\/wp\/v2\/posts"}],"about":[{"href":"https:\/\/www.europesays.com\/fr\/wp-json\/wp\/v2\/types\/post"}],"author":[{"embeddable":true,"href":"https:\/\/www.europesays.com\/fr\/wp-json\/wp\/v2\/users\/2"}],"replies":[{"embeddable":true,"href":"https:\/\/www.europesays.com\/fr\/wp-json\/wp\/v2\/comments?post=661725"}],"version-history":[{"count":0,"href":"https:\/\/www.europesays.com\/fr\/wp-json\/wp\/v2\/posts\/661725\/revisions"}],"wp:featuredmedia":[{"embeddable":true,"href":"https:\/\/www.europesays.com\/fr\/wp-json\/wp\/v2\/media\/661726"}],"wp:attachment":[{"href":"https:\/\/www.europesays.com\/fr\/wp-json\/wp\/v2\/media?parent=661725"}],"wp:term":[{"taxonomy":"category","embeddable":true,"href":"https:\/\/www.europesays.com\/fr\/wp-json\/wp\/v2\/categories?post=661725"},{"taxonomy":"post_tag","embeddable":true,"href":"https:\/\/www.europesays.com\/fr\/wp-json\/wp\/v2\/tags?post=661725"}],"curies":[{"name":"wp","href":"https:\/\/api.w.org\/{rel}","templated":true}]}}