{"id":661729,"date":"2026-01-13T23:56:14","date_gmt":"2026-01-13T23:56:14","guid":{"rendered":"https:\/\/www.europesays.com\/fr\/661729\/"},"modified":"2026-01-13T23:56:14","modified_gmt":"2026-01-13T23:56:14","slug":"arles-course-poursuite-jusqua-montpellier-pour-stopper-un-couple-avec-enfants","status":"publish","type":"post","link":"https:\/\/www.europesays.com\/fr\/661729\/","title":{"rendered":"ARLES Course-poursuite jusqu&rsquo;\u00e0 Montpellier pour stopper un couple avec enfants"},"content":{"rendered":"<p>La passag\u00e8re, pendant ce temps, d\u00e9cide de jeter par la fen\u00eatre des sachets de drogues.<\/p>\n<p>Mercredi dernier, dans le centre d&rsquo;Arles, un conducteur, qui transportait sa compagne et ses deux enfants en bas \u00e2ge, refuse de se soumettre \u00e0 un contr\u00f4le de la brigade anticriminalit\u00e9 et prend la fuite. C&rsquo;est alors une course-poursuite qui s&rsquo;engage sur la RN113 en direction du Gard. Les forces de l&rsquo;ordre appellent du renfort. Les gendarmes viennent pr\u00eater main-forte au niveau de Saint-Gilles. La passag\u00e8re, pendant ce temps, d\u00e9cide de jeter par la fen\u00eatre des sachets de drogues.<\/p>\n<p>Jusqu&rsquo;aux portes de Montpellier, de nombreux moyens sont engag\u00e9s pour arr\u00eater cette voiture. Les passagers n&rsquo;h\u00e9sitent pas \u00e0 prendre contact avec le commissariat d&rsquo;Arles pour n\u00e9gocier leur arr\u00eat sur une prochaine aire d&rsquo;autoroute. \u00ab\u00a0Nous sommes poursuivis par la police\u00a0\u00bb, d\u00e9clare-t-elle depuis son t\u00e9l\u00e9phone. Un stratag\u00e8me qui ne va pas fonctionner. L&rsquo;op\u00e9rateur de police invitant le couple \u00e0 stopper la voiture imm\u00e9diatement.<\/p>\n<p>Finalement, apr\u00e8s avoir quadrill\u00e9 le secteur, les gendarmes parviennent \u00e0 interpeller les occupants de la voiture. Non sans mal, le conducteur ne va pas h\u00e9siter \u00e0 venir percuter la voiture des militaires avant de s&rsquo;arr\u00eater d\u00e9finitivement.<\/p>\n<p>Le couple a \u00e9t\u00e9 plac\u00e9 en garde \u00e0 vue. Leurs enfants, eux, ont \u00e9t\u00e9 confi\u00e9s \u00e0 la famille. Lors de la perquisition, les policiers ont retrouv\u00e9 au domicile du cannabis, de la coca\u00efne, 2 000 euros en liquide et des armes. Le couple, bien connu des services pour de nombreux faits, a \u00e9t\u00e9 pr\u00e9sent\u00e9 deux jours plus tard devant un magistrat. L&rsquo;homme a \u00e9t\u00e9 incarc\u00e9r\u00e9 au Pontet jusqu&rsquo;\u00e0 son proc\u00e8s le 13 f\u00e9vrier prochain. Il faisait d\u00e9j\u00e0 l&rsquo;objet d&rsquo;une poursuite en cours pour des actes de violence r\u00e9cents. La femme a \u00e9t\u00e9 plac\u00e9e sous contr\u00f4le judiciaire. Elle a r\u00e9cup\u00e9r\u00e9 ses enfants.<\/p>\n","protected":false},"excerpt":{"rendered":"La passag\u00e8re, pendant ce temps, d\u00e9cide de jeter par la fen\u00eatre des sachets de drogues. Mercredi dernier, dans&hellip;\n","protected":false},"author":2,"featured_media":661730,"comment_status":"","ping_status":"","sticky":false,"template":"","format":"standard","meta":{"footnotes":""},"categories":[9599],"tags":[1111,11,1777,674,1011,27,2208,12,2680,25],"class_list":{"0":"post-661729","1":"post","2":"type-post","3":"status-publish","4":"format-standard","5":"has-post-thumbnail","7":"category-montpellier","8":"tag-actu","9":"tag-actualites","10":"tag-eu","11":"tag-europe","12":"tag-fr","13":"tag-france","14":"tag-montpellier","15":"tag-news","16":"tag-occitanie","17":"tag-republique-francaise"},"share_on_mastodon":{"url":"https:\/\/pubeurope.com\/@fr\/115890499229220801","error":""},"_links":{"self":[{"href":"https:\/\/www.europesays.com\/fr\/wp-json\/wp\/v2\/posts\/661729","targetHints":{"allow":["GET"]}}],"collection":[{"href":"https:\/\/www.europesays.com\/fr\/wp-json\/wp\/v2\/posts"}],"about":[{"href":"https:\/\/www.europesays.com\/fr\/wp-json\/wp\/v2\/types\/post"}],"author":[{"embeddable":true,"href":"https:\/\/www.europesays.com\/fr\/wp-json\/wp\/v2\/users\/2"}],"replies":[{"embeddable":true,"href":"https:\/\/www.europesays.com\/fr\/wp-json\/wp\/v2\/comments?post=661729"}],"version-history":[{"count":0,"href":"https:\/\/www.europesays.com\/fr\/wp-json\/wp\/v2\/posts\/661729\/revisions"}],"wp:featuredmedia":[{"embeddable":true,"href":"https:\/\/www.europesays.com\/fr\/wp-json\/wp\/v2\/media\/661730"}],"wp:attachment":[{"href":"https:\/\/www.europesays.com\/fr\/wp-json\/wp\/v2\/media?parent=661729"}],"wp:term":[{"taxonomy":"category","embeddable":true,"href":"https:\/\/www.europesays.com\/fr\/wp-json\/wp\/v2\/categories?post=661729"},{"taxonomy":"post_tag","embeddable":true,"href":"https:\/\/www.europesays.com\/fr\/wp-json\/wp\/v2\/tags?post=661729"}],"curies":[{"name":"wp","href":"https:\/\/api.w.org\/{rel}","templated":true}]}}