{"id":66173,"date":"2025-05-01T05:41:08","date_gmt":"2025-05-01T05:41:08","guid":{"rendered":"https:\/\/www.europesays.com\/fr\/66173\/"},"modified":"2025-05-01T05:41:08","modified_gmt":"2025-05-01T05:41:08","slug":"aurelien-paret-peintre-cest-dur-davoir-des-regrets-actualite","status":"publish","type":"post","link":"https:\/\/www.europesays.com\/fr\/66173\/","title":{"rendered":"Aur\u00e9lien Paret-Peintre : \u00ab C&rsquo;est dur d&rsquo;avoir des regrets \u00bb &#8211; Actualit\u00e9"},"content":{"rendered":"<p style=\"text-align: justify;\">Il n\u2019y a pas eu photo. Au sprint, Matthew Brennan, grand favori du jour, a domin\u00e9\u00a0sans surprise la premi\u00e8re \u00e9tape du Tour de Romandie. M\u00eame si sa pointe de vitesse n\u2019est plus \u00e0 d\u00e9montrer, la 2e place d\u2019Aur\u00e9lien Paret-Peintre est un peu plus surprenante (<strong><a href=\"https:\/\/www.directvelo.com\/actualite\/120304\/tour-de-romandie-et-1-classements\" target=\"_blank\" rel=\"noopener\">voir classement<\/a><\/strong>). \u201cQuand j&rsquo;ai vu la liste des engag\u00e9s et le parcours, j&rsquo;avais vraiment envie de faire le sprint. Je l&rsquo;avais en t\u00eate, je savais que c&rsquo;\u00e9tait une arriv\u00e9e parfaite.\u00a0Mais l&rsquo;\u00e9quipe voulait que ce soit Stefan (Bissegger) pour les bonifications, mais il n&rsquo;\u00e9tait pas au mieux\u201d, rapporte\u00a0\u00e0\u00a0DirectVelo le coureur de Decathlon AG2R La Mondiale.<\/p>\n<p>Les coureurs ont roul\u00e9 vite toute l&rsquo;\u00e9tape, longue de 194 kilom\u00e8tres et o\u00f9 il fallait encha\u00eener trois difficult\u00e9s en milieu de journ\u00e9e. \u201cVu la vitesse \u00e0 laquelle \u00e7a a roul\u00e9 toute\u00a0l&rsquo;\u00e9tape, je me suis dit que \u00e7a n\u2019allait pas \u00eatre un vrai sprint\u201d, indique le Haut-Savoyard. Dans le final, il a pu b\u00e9n\u00e9ficier du soutien de Callum Scotson. \u201cIl m&rsquo;a id\u00e9alement plac\u00e9. Je ne pensais pas que la derni\u00e8re descente \u00e9tait aussi sinueuse et \u00e7a m&rsquo;a beaucoup servi d&rsquo;\u00eatre devant\u201d.<\/p>\n<p><strong>AMBITIEUX AU CLASSEMENT G\u00c9N\u00c9RAL<\/strong><\/p>\n<p>Il avait bien \u00e9tudi\u00e9 le final. \u201cJe savais qu&rsquo;il y avait la courbe \u00e0 gauche. Quand \u00e7a s&rsquo;\u00e9carte, j&rsquo;arrive \u00e0 remonter. Je ne voulais pas avoir de regrets, alors j\u2019ai essay\u00e9 de lancer de loin. Je fais un gros sprint\u201d. Mais il est tomb\u00e9 sur bien plus rapide. \u201cQuand Matthew Brennan lance, on prend quelques m\u00e8tres. Il nous met au moins trois v\u00e9los, il n&rsquo;y a pas grand-chose \u00e0 dire. C&rsquo;est dur d&rsquo;avoir des regrets. Il fait un tr\u00e8s beau d\u00e9but de saison alors je suis quand m\u00eame content, c\u2019est quand m\u00eame une course WorldTour\u201d.<\/p>\n<p>Aur\u00e9lien Paret-Peintre parle d\u2019une \u201cbelle entr\u00e9e en mati\u00e8re\u201d. Il ne crache pas sur les six secondes de bonification prises gr\u00e2ce \u00e0 sa 2e place dans les rues de Fribourg. \u201cC\u2019est toujours \u00e7a de pris m\u00eame si avec ce qui nous attend samedi et dimanche, \u00e7a ne va peut-\u00eatre pas \u00eatre significatif, mais on ne sait jamais, c&rsquo;est toujours \u00e7a de pris\u201d. Pour son premier Tour de Romandie, il esp\u00e8re faire un bon classement g\u00e9n\u00e9ral. \u201cJe sais que samedi, \u00e7a va \u00eatre difficile, mais les jambes sont l\u00e0\u201d.\u00a0<\/p>\n","protected":false},"excerpt":{"rendered":"Il n\u2019y a pas eu photo. Au sprint, Matthew Brennan, grand favori du jour, a domin\u00e9\u00a0sans surprise la&hellip;\n","protected":false},"author":2,"featured_media":66174,"comment_status":"","ping_status":"","sticky":false,"template":"","format":"standard","meta":{"footnotes":""},"categories":[1411],"tags":[834,828,836,829,837,827,83,826,824,823,1154,207,814,817,815,816,822,821,832,211,839,1011,27,820,818,819,835,831,830,833,838,60,212,208,825],"class_list":{"0":"post-66173","1":"post","2":"type-post","3":"status-publish","4":"format-standard","5":"has-post-thumbnail","7":"category-cyclisme","8":"tag-attaque","9":"tag-belgique","10":"tag-braquet","11":"tag-bretagne","12":"tag-chute","13":"tag-competition","14":"tag-coupe-de-france","15":"tag-coureur","16":"tag-course-cyclisme","17":"tag-course-cycliste","18":"tag-cycling","19":"tag-cyclisme","20":"tag-direct","21":"tag-direct-velo","22":"tag-directvelo","23":"tag-directvelo-com","24":"tag-epreuve","25":"tag-epreuve-cycliste","26":"tag-federation-francaise-de-cyclisme","27":"tag-ffc","28":"tag-flandres","29":"tag-fr","30":"tag-france","31":"tag-live","32":"tag-live-course","33":"tag-live-epreuve","34":"tag-peloton","35":"tag-radio-peloton","36":"tag-radio-tour","37":"tag-ravitaillement","38":"tag-relance","39":"tag-sports","40":"tag-uci","41":"tag-velo","42":"tag-velos"},"share_on_mastodon":{"url":"https:\/\/pubeurope.com\/@fr\/114430979860972887","error":""},"_links":{"self":[{"href":"https:\/\/www.europesays.com\/fr\/wp-json\/wp\/v2\/posts\/66173","targetHints":{"allow":["GET"]}}],"collection":[{"href":"https:\/\/www.europesays.com\/fr\/wp-json\/wp\/v2\/posts"}],"about":[{"href":"https:\/\/www.europesays.com\/fr\/wp-json\/wp\/v2\/types\/post"}],"author":[{"embeddable":true,"href":"https:\/\/www.europesays.com\/fr\/wp-json\/wp\/v2\/users\/2"}],"replies":[{"embeddable":true,"href":"https:\/\/www.europesays.com\/fr\/wp-json\/wp\/v2\/comments?post=66173"}],"version-history":[{"count":0,"href":"https:\/\/www.europesays.com\/fr\/wp-json\/wp\/v2\/posts\/66173\/revisions"}],"wp:featuredmedia":[{"embeddable":true,"href":"https:\/\/www.europesays.com\/fr\/wp-json\/wp\/v2\/media\/66174"}],"wp:attachment":[{"href":"https:\/\/www.europesays.com\/fr\/wp-json\/wp\/v2\/media?parent=66173"}],"wp:term":[{"taxonomy":"category","embeddable":true,"href":"https:\/\/www.europesays.com\/fr\/wp-json\/wp\/v2\/categories?post=66173"},{"taxonomy":"post_tag","embeddable":true,"href":"https:\/\/www.europesays.com\/fr\/wp-json\/wp\/v2\/tags?post=66173"}],"curies":[{"name":"wp","href":"https:\/\/api.w.org\/{rel}","templated":true}]}}