{"id":661731,"date":"2026-01-13T23:58:36","date_gmt":"2026-01-13T23:58:36","guid":{"rendered":"https:\/\/www.europesays.com\/fr\/661731\/"},"modified":"2026-01-13T23:58:36","modified_gmt":"2026-01-13T23:58:36","slug":"week-end-magique-et-gourmand-en-famille","status":"publish","type":"post","link":"https:\/\/www.europesays.com\/fr\/661731\/","title":{"rendered":"week-end magique et gourmand en famille"},"content":{"rendered":"<p><img width=\"900\" height=\"1350\" src=\"data:image\/svg+xml,%3Csvg%20xmlns=\" http:=\"\" class=\"attachment-post-thumbnail size-post-thumbnail wp-post-image\" alt=\"Rouen en famille\" decoding=\"async\" fetchpriority=\"high\" data-lazy- data-lazy- data-lazy-src=\"https:\/\/www.europesays.com\/fr\/wp-content\/uploads\/2026\/01\/Rouen-gros-horloge-2014-1\u00a9SMA-V.Rustuel.jpg\"\/><\/p>\n<p>Des vikings, un b\u00fbcher c\u00e9l\u00e8bre, des grands personnages et des grands monuments, mais aussi des d\u00e9lices gastronomiques\u00a0: Rouen a beaucoup \u00e0 offrir, pour un week-end \u00e0 la fois culturel et ludique plac\u00e9 sous le signe\u2026 de la magie\u00a0! Voici notre top 3 des plus jolies fa\u00e7ons de visiter la ville en famille et en s\u2019amusant.<\/p>\n<p>Sur le chemin de la Normandie, on demande\u2026 Rouen : trop souvent n\u00e9glig\u00e9e quand les touristes se h\u00e2tent de rejoindre les plages de la c\u00f4te normande, la cit\u00e9 ducale retrouve tout ses attraits lorsque le temps des bains de mer est pass\u00e9. De taille moyenne, parfaite pour en faire le tour en un week-end sans s\u2019\u00e9puiser, riche en histoire et monuments, r\u00e9cemment relook\u00e9e c\u00f4t\u00e9 quais et pourvue d\u2019une <a href=\"https:\/\/www.mafamillezen.com\/la-cite-immersive-viking-ouvre-ses-portes-a-rouen\/\" target=\"_blank\" rel=\"noopener\">splendide cit\u00e9 qui vous replonge dans son pass\u00e9 viking<\/a>, l\u2019ancienne capitale normande a de quoi s\u00e9duire les parents comme les enfants, petits ou grands.<\/p>\n<p><img loading=\"lazy\" decoding=\"async\" aria-describedby=\"caption-attachment-191075\" class=\"wp-image-191075 size-full\" src=\"data:image\/svg+xml,%3Csvg%20xmlns=\" http:=\"\" alt=\"voie cyclable quais de seine rouen\" width=\"1200\" height=\"682\" data-lazy- data-lazy- data-lazy-src=\"https:\/\/www.europesays.com\/fr\/wp-content\/uploads\/2026\/01\/rouen-espaces-vert-quais-de-seine.jpg\"\/><\/p>\n<p id=\"caption-attachment-191075\" class=\"wp-caption-text\">V\u00e9lo et espaces d\u00e9tente sur les quais de Seine \u00a9Rouen Tourisme<\/p>\n<p>D\u2019autant plus que son office de tourisme d\u00e9ploie une offre de <strong>visites guid\u00e9es \u00e0 th\u00e8me tr\u00e8s originales<\/strong> : on peut partir sur les pas de Jeanne d\u2019Arc comme sur ceux de Guillaume le Conqu\u00e9rant, faire un \u00ab rallye Viking \u00bb et une chasse au tr\u00e9sor; aller \u00e0 la d\u00e9couverte des meilleures adresses gastronomiques de la ville ou de ses anecdotes historiques les plus surprenantes. Ou m\u00eame voir appara\u00eetre toute la magie de la ville, gr\u00e2ce \u00e0 un guide\u2026 prestidigitateur. Commen\u00e7ons donc par ce joli tour\u2026 de passe-passe !<\/p>\n<p><strong>Visiter le centre historique\u2026 en magie<\/strong><\/p>\n<p>Un guide touristique qui sait manier les cartes en virtuose\u2026 et pas seulement les cartes g\u00e9ographiques : c\u2019est ce que propose l\u2019Office de Tourisme de Rouen aupr\u00e8s duquel vous pouvez r\u00e9server cette tr\u00e8s ludique visite, imagin\u00e9e sp\u00e9cialement pour les familles.<\/p>\n<p>Une visite guid\u00e9e o\u00f9 la magie raconte l\u2019histoire de Rouen<\/p>\n<p>Vous retrouverez Benjamin, le guide magicien, au square Andr\u00e9 Maurois, en plein centre historique, et tout en vous guidant dans le d\u00e9dale des rues pav\u00e9es, entre les maisons \u00e0 pans de bois et les lieux historiques,<strong> il saura faire rena\u00eetre l\u2019\u00e9poque o\u00f9 jongleurs, acrobates et magiciens animaient les lieux en permanence<\/strong>. Car la magie devient ici le fil conducteur de l\u2019histoire\u00a0: saviez-vous qu\u2019elle \u00e9tait tr\u00e8s pratiqu\u00e9e dans l\u2019Egypte antique, et que les objets orientaux, charg\u00e9s de myst\u00e8re et de secrets, remplissaient justement les cales des navires accostant au port de Rouen\u00a0? Vous pourrez d\u2019ailleurs aller voir de plus pr\u00e8s certains de ces tr\u00e9sors \u00e9gyptiens, expos\u00e9s au<strong> mus\u00e9e des Antiquit\u00e9s <\/strong>de la ville.<\/p>\n<p><img loading=\"lazy\" decoding=\"async\" aria-describedby=\"caption-attachment-191076\" class=\"wp-image-191076 size-full\" src=\"data:image\/svg+xml,%3Csvg%20xmlns=\" http:=\"\" alt=\"maisons pans de bois rouen\" width=\"1200\" height=\"798\" data-lazy- data-lazy- data-lazy-src=\"https:\/\/www.europesays.com\/fr\/wp-content\/uploads\/2026\/01\/Maisons-pan-de-bois-rouen.jpg\"\/><\/p>\n<p id=\"caption-attachment-191076\" class=\"wp-caption-text\">Le centre m\u00e9di\u00e9val de Rouen et ses jolies maisons \u00e0 pans de bois \u00a9Rouen Tourisme<\/p>\n<p>En compagnie des saltimbanques<\/p>\n<p>Vous pourrez aussi revenir plus tard<strong> visiter le Donjon de Rouen<\/strong>, devant lequel vous allez passer : au Moyen-Age, les saltimbanques y \u00e9taient nombreux, distrayant les nobles du ch\u00e2teau de Philippe Auguste \u2013 dont il ne reste que ce dernier vestige. A l\u2019\u00e9poque, l\u2019ancienne cit\u00e9 fond\u00e9e par les Romains \u00e9tait devenue un important centre commercial. Pass\u00e9e d\u2019abord aux mains des Vikings, dirig\u00e9e par leur chef, Rollon, qui en fait la capitale de son duch\u00e9, avant d\u2019\u00e9choir \u00e0 Guillaume le Conqu\u00e9rant puis \u00e0 Philippe Auguste, elle grouille de vie\u2026 et de magie ! Les premiers tours avec des petits animaux rencontrent alors un grand succ\u00e8s\u2026 et rien n\u2019a chang\u00e9 : les yeux des enfants continuent \u00e0 briller quand un lapin appara\u00eet au creux de leurs mains !<\/p>\n<p><img loading=\"lazy\" decoding=\"async\" aria-describedby=\"caption-attachment-191078\" class=\"wp-image-191078 size-full\" src=\"data:image\/svg+xml,%3Csvg%20xmlns=\" http:=\"\" alt=\"cath\u00e9drale de rouen\" width=\"1200\" height=\"1050\" data-lazy-src=\"https:\/\/www.europesays.com\/fr\/wp-content\/uploads\/2026\/01\/Eliot-Octopus-Saint-Ouen-6485-HD-scaled-e1768318967359.jpg\"\/><\/p>\n<p id=\"caption-attachment-191078\" class=\"wp-caption-text\">Vue sur la cath\u00e9drale de Rouen depuis l\u2019Abbatiale Saint-Ouen \u00a9Eliot Octopus<\/p>\n<p>Quand la magie devient spectacle et savoir<\/p>\n<p>Autre grand lieu d\u2019animation, o\u00f9 avaleurs de sabre et cracheurs de feu rivalisaient d\u2019adresse, <strong>la place du Ch\u00eane Rouge\u00a0: c\u2019est l\u00e0 que commence \u00e0 se pratiquer le fameux jeu du bonneteau,<\/strong> et l\u2019habile guide magicien vous montrera comment manier \u00e0 toute vitesse des gobelets sur des pi\u00e8ces de monnaie, pour faire parier et perdre les na\u00effs \u2013 et \u00e7a marche encore de nos jours\u00a0! Il vous apprendra aussi <strong>comment la magie s\u2019est modernis\u00e9e, gr\u00e2ce aux progr\u00e8s de la physique et de la chimie<\/strong>, en admirant la belle fa\u00e7ade du lyc\u00e9e Corneille, t\u00e9moin du si\u00e8cle des Lumi\u00e8res. Et vous d\u00e9couvrirez enfin que les cartes \u00e0 jouer doivent beaucoup \u00e0 Rouen : car c\u2019est ici qu\u2019on en modernisa les motifs, qui s\u2019export\u00e8rent ensuite jusqu\u2019aux Etats-Unis et continuent \u00e0 orner nos jeux actuels.<\/p>\n<p><img loading=\"lazy\" decoding=\"async\" aria-describedby=\"caption-attachment-191077\" class=\"wp-image-191077 size-full\" src=\"data:image\/svg+xml,%3Csvg%20xmlns=\" http:=\"\" alt=\"guide magicien rouen\" width=\"1200\" height=\"800\" data-lazy- data-lazy- data-lazy-src=\"https:\/\/www.europesays.com\/fr\/wp-content\/uploads\/2026\/01\/rouen-visite-guidee-magie.jpg\"\/><\/p>\n<p id=\"caption-attachment-191077\" class=\"wp-caption-text\">Visite insolite du vieux Rouen avec un guide magicien \u00a9Singuliers Pluriel<\/p>\n<p><strong>Sur les pas de Jeanne d\u2019Arc \u00e0 Rouen<\/strong><\/p>\n<p>Le souvenir de l\u2019h\u00e9ro\u00efne nationale, qui f\u00fbt br\u00fbl\u00e9e \u00e0 Rouen, semble encore impr\u00e9gner le coeur de la vieille ville. Alors, avant m\u00eame d\u2019aller vous y balader, commencez par faire connaissance avec celle qui marqua \u00e0 jamais la m\u00e9moire rouennaise\u2026 et l\u2019Histoire de France.<\/p>\n<p>Faire connaissance avec Jeanne d\u2019Arc, figure indissociable de Rouen<\/p>\n<p>Vous croyez tout savoir sur Jeanne ? Vous vous trompez, et vous vous en rendrez compte en parcourant le fascinant parcours immersif qui lui est consacr\u00e9e, dans l\u2019<strong>Historial Jeanne d\u2019Arc<\/strong> qui se trouve \u00e0 deux pas de la cath\u00e9drale. M\u00eame si les mappings et immersions virtuelles sont aujourd\u2019hui si nombreux partout qu\u2019on en serait presque blas\u00e9s, ce parcours num\u00e9rique sort du lot.<br \/><strong>On a vraiment l\u2019impression de revivre l\u2019histoire, et il permettra \u00e0 coup s\u00fbr d\u2019y int\u00e9resser les plus jeunes.<\/strong> Vous allez en effet assister \u00e0 la reconstitution du proc\u00e8s de la berg\u00e8re, voir compara\u00eetre les t\u00e9moins qui parlent de son enfance, sa famille, ses visions, ses batailles, \u00e9couter la sentence du juge\u2026 et c\u2019est passionnant.<\/p>\n<p><img loading=\"lazy\" decoding=\"async\" aria-describedby=\"caption-attachment-191087\" class=\"wp-image-191087 size-full\" src=\"data:image\/svg+xml,%3Csvg%20xmlns=\" http:=\"\" alt=\"historial jeanne d'arc rouen visite\" width=\"1200\" height=\"801\" data-lazy- data-lazy- data-lazy-src=\"https:\/\/www.europesays.com\/fr\/wp-content\/uploads\/2026\/01\/Historial-Jeanne-Darc-Rouen.jpg\"\/><\/p>\n<p id=\"caption-attachment-191087\" class=\"wp-caption-text\">Un Historial enti\u00e8rement d\u00e9di\u00e9 \u00e0 Jeanne d\u2019Arc, br\u00fbl\u00e9e \u00e0 Rouen \u00a9Rouen Tourisme<\/p>\n<p>Un parcours immersif pour revivre le proc\u00e8s de Jeanne d\u2019Arc<\/p>\n<p>Les d\u00e9bats et les t\u00e9moignages sont v\u00e9ridiques, bas\u00e9s sur les \u00e9crits de l\u2019\u00e9poque, jou\u00e9s par des acteurs qui apparaissent, film\u00e9s, sur les pierres s\u00e9culaires du b\u00e2timent d\u2019\u00e9poque o\u00f9 vous vous trouvez\u2026 et on s\u2019y croirait\u00a0! <strong>Les projections, reconstitutions, effets visuels, vous plongent vraiment au coeur du XVe si\u00e8cle<\/strong>, et vous accompagnent jusqu\u2019au sommet de <strong>la tour de Guet<\/strong>, d\u2019o\u00f9 vous pourrez admirer toute la ville qui s\u2019\u00e9tend \u00e0 vos pieds. On vous recommande donc chaudement cette visite pas ch\u00e8re (9\u20ac\/adulte)\u00a0 pour tout savoir du destin tragique de la Pucelle d\u2019Orl\u00e9ans, mais aussi des implications politiques de son proc\u00e8s, des n\u00e9gociations diplomatiques qui l\u2019entour\u00e8rent, de la reconqu\u00eate du tr\u00f4ne par Charles IX\u2026 et de la fa\u00e7on dont fonctionnait la justice au Moyen Age.<\/p>\n<p><img loading=\"lazy\" decoding=\"async\" aria-describedby=\"caption-attachment-191079\" class=\"wp-image-191079 size-full\" src=\"data:image\/svg+xml,%3Csvg%20xmlns=\" http:=\"\" alt=\"historial jeanne d'arc rouen visite immersive\" width=\"900\" height=\"1349\" data-lazy- data-lazy- data-lazy-src=\"https:\/\/www.europesays.com\/fr\/wp-content\/uploads\/2026\/01\/Historial-Jeanne-dArc-Singuliers-Pluriel-7.jpg\"\/><\/p>\n<p id=\"caption-attachment-191079\" class=\"wp-caption-text\">Historial Jeanne d\u2019Arc \u00a9Singuliers Pluriel<\/p>\n<p>De la cath\u00e9drale au b\u00fbcher<\/p>\n<p>En sortant de l\u2019Historial, faites quelques pas pour voir, sur la belle <strong>place du Vieux March\u00e9, le lieu pr\u00e9sum\u00e9 du b\u00fbcher o\u00f9 p\u00e9rit Jeanne d\u2019Arc<\/strong>, et bien s\u00fbr pour entrer dans la majestueuse <strong>Cath\u00e9drale de Rouen<\/strong> o\u00f9 le roi qu\u2019elle voulait remettre sur le tr\u00f4ne, Charles IX, fut consacr\u00e9.<\/p>\n<p>Immortalis\u00e9 dans la tr\u00e8s c\u00e9l\u00e8bre s\u00e9rie de tableaux que lui a consacr\u00e9 le ma\u00eetre de l\u2019impressionnisme, Claude Monet, l\u2019\u00e9difice m\u00e9rite aussi une longue visite, guid\u00e9e si possible. <strong>Le monument r\u00e9sume \u00e0 lui seule toute l\u2019\u00e9volution de l\u2019art gothique, mais aussi toute l\u2019histoire de la ville<\/strong>, des invasions vikings en 841 jusqu\u2019aux bombardements alli\u00e9s en 1944. Et elle a ses \u00e9tranget\u00e9s\u00a0: sa fa\u00e7ade orientale asym\u00e9trique, t\u00e9moignage de ses 700 ans d\u2019\u00e9volution architecturale, son carillon exceptionnel de 64 cloches, et bien s\u00fbr, ses sublimes vitraux.<\/p>\n<p><img loading=\"lazy\" decoding=\"async\" aria-describedby=\"caption-attachment-191086\" class=\"wp-image-191086 size-full\" src=\"data:image\/svg+xml,%3Csvg%20xmlns=\" http:=\"\" alt=\"cath\u00e9drale de rouen en \u00e9t\u00e9\" width=\"1200\" height=\"800\" data-lazy- data-lazy- data-lazy-src=\"https:\/\/www.europesays.com\/fr\/wp-content\/uploads\/2026\/01\/cathedrale-de-rouen2.jpg\"\/><\/p>\n<p id=\"caption-attachment-191086\" class=\"wp-caption-text\">La cath\u00e9drale de Rouen, o\u00f9 fut couronn\u00e9 Charles IX \u00a9Rouen Tourisme<\/p>\n<p>Le Beffroi du Gros Horloge et l\u2019a\u00eetre Saint-Maclou, deux joyaux \u00e0 d\u00e9couvrir<\/p>\n<p>Non loin de l\u00e0, deux autres joyaux architecturaux\u00a0: <strong>le fameux beffroi du Gros Horloge qui est un lieu embl\u00e9matique de la ville<\/strong>, et l\u2019a\u00eetre Saint-Maclou, un ancien ossuaire, curiosit\u00e9 unique en France. Le m\u00e9canisme d\u2019horlogerie du beffroi, l\u2019un des plus anciens d\u2019Europe, a fonctionn\u00e9 jusqu\u2019en 1928 et on peut l\u2019admirer \u00e0 l\u2019endroit comme \u00e0 l\u2019envers en visitant le beffroi.<\/p>\n<p><img loading=\"lazy\" decoding=\"async\" aria-describedby=\"caption-attachment-191085\" class=\"wp-image-191085 size-full\" src=\"data:image\/svg+xml,%3Csvg%20xmlns=\" http:=\"\" alt=\"le Gros Horloge de Rouen\" width=\"1200\" height=\"795\" data-lazy- data-lazy- data-lazy-src=\"https:\/\/www.europesays.com\/fr\/wp-content\/uploads\/2026\/01\/Gros-Horloge-Rouen.jpg\"\/><\/p>\n<p id=\"caption-attachment-191085\" class=\"wp-caption-text\">Le Gros Horloge, monument embl\u00e9matique de Rouen \u00a9Rouen Tourisme<\/p>\n<p><strong> L\u2019a\u00eetre Saint-Maclou est une sorte de cimeti\u00e8re \u00e0 galeries, sur deux \u00e9tages, \u00e0 l\u2019architecture \u00e9tonnante<\/strong>, qui a beaucoup \u00e9volu\u00e9 depuis sa cr\u00e9ation au moyen-\u00e2ge. Transform\u00e9 un temps en \u00e9cole, il est aujourd\u2019hui un lieu culturel et artistique, avec des \u00e9choppes dans ses galeries ouvrant sur une vaste cour, o\u00f9 on peut aussi s\u2019attabler en terrasse \u00e0 la belle saison. On peut le visiter (librement, avec un audioguide ou un guide conf\u00e9rencier) et m\u00eame l\u2019explorer virtuellement, pour le revoir dans sa fonction m\u00e9di\u00e9vale, quelque peu sinistre\u00a0!<\/p>\n<p><img loading=\"lazy\" decoding=\"async\" aria-describedby=\"caption-attachment-191080\" class=\"wp-image-191080 size-full\" src=\"data:image\/svg+xml,%3Csvg%20xmlns=\" http:=\"\" alt=\"aitre saint maclou rouen\" width=\"1200\" height=\"800\" data-lazy- data-lazy- data-lazy-src=\"https:\/\/www.europesays.com\/fr\/wp-content\/uploads\/2026\/01\/Aitre_Saint-Maclou__Rouen_-_Refuse_to_hibernate-Refuse_to_hibernate-23845-1600px.jpg\"\/><\/p>\n<p id=\"caption-attachment-191080\" class=\"wp-caption-text\">L\u2019A\u00eetre Saint-Maclou, ancien cimeti\u00e8re transform\u00e9 en centre culturel \u00a9Rouen Tourisme<\/p>\n<p>A savoir que vous pouvez aussi poursuivre la visite de la ville sur les traces de Jeanne d\u2019Arc, gr\u00e2ce \u00e0 un <strong>parcours audioguid\u00e9<\/strong> qui va du centre historique \u00e0 l\u2019abbatiale Saint-Ouen.<\/p>\n<p><strong>Rouen pour les gourmands\u2026<\/strong><br \/>\nUne ville reconnue pour sa gourmandise et son terroir<\/p>\n<p>Saviez-vous que Rouen est <strong>la seule ville en France, \u00e0 ce jour, \u00e0 avoir re\u00e7u le label \u00ab\u00a0Ville cr\u00e9ative\u00a0\u00bb de l\u2019Unesco dans le domaine de la gastronomie\u00a0<\/strong>? Elle a \u00e9t\u00e9 r\u00e9compens\u00e9e \u00e0 ce titre en 2021, pour ses efforts en mati\u00e8re de promotion des produits du terroir, des circuits courts et des acteurs locaux. D\u2019ailleurs, la ville c\u00e9l\u00e8bre chaque ann\u00e9e sa gourmandise par une <strong>\u00ab\u00a0F\u00eate du Ventre\u00a0\u00bb<\/strong> qui a lieu tous les mois d\u2019octobre \u2013 c\u2019\u00e9tait la 26e \u00e9dition en 2025.<\/p>\n<p>Des sp\u00e9cialit\u00e9s normandes plus que des plats typiquement rouennais<\/p>\n<p>Paradoxalement, la ville n\u2019a pas de vraie sp\u00e9cialit\u00e9, comme tant de villes fran\u00e7aises, si ce n\u2019est le <strong>\u00ab\u00a0canard au sang\u00a0\u00bb<\/strong>, ou \u00ab\u00a0canard \u00e0 la rouennaise\u00a0\u00bb, qu\u2019on retrouve dans toute la vall\u00e9e de la Seine mais qui n\u2019est pas un plat ultra populaire \u2013 on ne le fera pas facilement manger aux enfants\u2026 Par contre, on peut y go\u00fbter nombre de succulentes sp\u00e9cialit\u00e9s normandes, \u00e0 commencer bien s\u00fbr par les fromages \u2013 <strong>camembert, Livarot, Pont-Lev\u00eaque, Neufch\u00e2tel<\/strong>, que vous trouverez dans les commerces du centre-ville qui entourent la place du Vieux March\u00e9 \u2013 lequel est aussi tr\u00e8s r\u00e9put\u00e9 pour faire des emplettes.<\/p>\n<p><img loading=\"lazy\" decoding=\"async\" aria-describedby=\"caption-attachment-191084\" class=\"wp-image-191084 size-full\" src=\"data:image\/svg+xml,%3Csvg%20xmlns=\" http:=\"\" alt=\"fromages de normandie\" width=\"900\" height=\"1353\" data-lazy- data-lazy- data-lazy-src=\"https:\/\/www.europesays.com\/fr\/wp-content\/uploads\/2026\/01\/Neufchatel\u00a9JFLange.jpg\"\/><\/p>\n<p id=\"caption-attachment-191084\" class=\"wp-caption-text\">Sp\u00e9cialit\u00e9s fromag\u00e8res de Normandie \u00a9JF Lange<\/p>\n<p>Quand Rouen se d\u00e9couvre aussi c\u00f4t\u00e9 sucr\u00e9<\/p>\n<p>En tant qu\u2019ancien port de commerce important, Rouen a toujours \u00e9t\u00e9 un vivier d\u2019\u00e9piceries fines et commerces de bouche, o\u00f9 on pouvait trouver les meilleurs produits locaux et moins locaux\u2026 et aujourd\u2019hui encore, les bonnes adresses ne manquent pas !<\/p>\n<p>Dans plusieurs chocolateries (on vous recommande en particulier la <strong>chocolaterie Auzou<\/strong>) vous trouverez des<strong> Larmes de Jeanne d\u2019Arc<\/strong> \u2013 bonbon chocolat\u00e9 invent\u00e9 assez r\u00e9cemment, et tout \u00e0 fait succulent.<strong> L\u2019Atelier G<\/strong> a aussi cr\u00e9\u00e9 une sp\u00e9cialit\u00e9 sucr\u00e9e, <strong>le Cadran du Gros Horloge<\/strong>, et plusieurs confiseurs proposent du <strong>sucre de pomme<\/strong>, \u00e0 d\u00e9couvrir !<\/p>\n<p>Autre douceur embl\u00e9matique de la vall\u00e9e de la Seine, \u00e0 d\u00e9guster de septembre jusqu\u2019en fin d\u2019hiver, <strong>le Douillon d\u2019Elbeuf<\/strong> (tr\u00e8s proche de Rouen) : c\u2019est une pomme cuite, emball\u00e9e dans la p\u00e2te feuillet\u00e9e : succulent !<\/p>\n<p><img loading=\"lazy\" decoding=\"async\" aria-describedby=\"caption-attachment-191083\" class=\"wp-image-191083 size-full\" src=\"data:image\/svg+xml,%3Csvg%20xmlns=\" http:=\"\" alt=\"chocolats les larmes de jeanne d'arc\" width=\"900\" height=\"1350\" data-lazy-src=\"https:\/\/www.europesays.com\/fr\/wp-content\/uploads\/2026\/01\/IMG_4812-scaled-e1768319293926.jpg\"\/><\/p>\n<p id=\"caption-attachment-191083\" class=\"wp-caption-text\">Sp\u00e9cialit\u00e9 de la chocolaterie Auzou, Les larmes de Jeanne d\u2019Arc \u00a9Rouen Tourisme<\/p>\n<blockquote><p>\n<strong>Visites guid\u00e9es :<\/strong><\/p>\n<p><strong>Rouen magique en famille<\/strong> \u2013 10\u20ac\/adulte, 1 adulte accompagnant pour 4 enfants maximum, Rouen Tourisme, 1h30, \u00e0 r\u00e9server aupr\u00e8s de l\u2019OT, au 02 32 08 36 59 ou par mail : <a href=\"https:\/\/www.mafamillezen.com\/rouen-en-famille-week-end-magique-et-gourmand\/mailto:reservations@rouentourisme.com\" target=\"_blank\" rel=\"noopener\">reservations@rouentourisme.com<\/a><\/p>\n<p>Autres th\u00e9matiques (Sur les pas des vikings avec Rollon, sur les pas de Jeanne d\u2019Arc, parcours A\u00eetre de Saint-Maclou et Rouen gastronomique, se renseigner aupr\u00e8s de l\u2019OT.)<br \/><strong><br \/>Historial de Jeanne d\u2019Arc<\/strong> \u2013 9\u20ac\/adulte \u2013 A r\u00e9server en m\u00eame temps que les visites de l\u2019A\u00eetre Saint-Maclou ou du Donjon sur le site de billetterie des cinq principaux monuments de Rouen : <a href=\"https:\/\/rouen-sitesetmonuments.tickeasy.com\/\" target=\"_blank\" rel=\"noopener\">https:\/\/rouen-sitesetmonuments.tickeasy.com\/<\/a><\/p>\n<\/blockquote>\n<p><strong>A voir aussi \u00e0 Rouen<\/strong><\/p>\n<ul>\n<li>Sur la rive de la Seine, o\u00f9 fut initialement fond\u00e9e la ville, s\u2019\u00e9l\u00e8ve d\u00e9sormais<strong> la <a href=\"https:\/\/viking.cites-immersives.fr\/fr\/\" target=\"_blank\" rel=\"noopener\">Cit\u00e9 Immersive Viking<\/a><\/strong>, entour\u00e9e de commerces et restaurants qui redonnent vie aux vieux \u00ab docks \u00bb.<\/li>\n<li>Empruntez la route sacr\u00e9e qui m\u00e8ne, dans la campagne normande, <strong>de l\u2019abbaye de Saint-Georges de Boscherville \u00e0 celles de Jumi\u00e8ges,<\/strong> deux joyaux de l\u2019art roman.<\/li>\n<li><strong>Museum d\u2019Histoire Naturelle<\/strong>, qui compte 800 000 objets, une Galerie des mammif\u00e8res, Galerie des oiseaux, salle de g\u00e9ologie et min\u00e9ralogie, labellis\u00e9 Mom\u2019Art Mus\u00e9um joyeux destin\u00e9 aux familles, activit\u00e9s et expositions th\u00e9matiques propos\u00e9es r\u00e9guli\u00e8rement.<\/li>\n<li><strong>La Chapelle Saint-Julien<\/strong> et ses superbes peintures murales du XIIe\u00a0si\u00e8cle<\/li>\n<\/ul>\n<p><strong>Nos bonnes adresses o\u00f9 manger et dormir \u00e0 Rouen\u00a0<\/strong><br \/>\n<strong>Le Best Western Plus<\/strong><\/p>\n<p>Juste en <strong>face de la gare SNCF<\/strong>, l\u2019h\u00f4tel de Dieppe est devenu un Best Western Plus, mais c\u2019est aussi <strong>la derni\u00e8re vraie auberge rouennaise, cr\u00e9\u00e9e en 1880<\/strong> (d\u2019o\u00f9 le nom de son Caf\u00e9 Victor 1880). Cinq g\u00e9n\u00e9rations de la m\u00eame famille, bien connue \u00e0 Rouen, s\u2019y sont succ\u00e9d\u00e9es depuis, et si le cadre a \u00e9t\u00e9 modernis\u00e9, l\u2019ambiance reste chaleureuse, authentique. De plus, il permet de tout faire \u00e0 pied, puisqu\u2019il est \u00e0 deux pas du centre-ville et des quartiers historiques.<\/p>\n<p>On y trouve 37 chambres doubles, dont des petites \u00ab\u00a0twin\u00a0\u00bb qui peuvent convenir aux enfants pendant que vous dormez \u00e0 c\u00f4t\u00e9 dans la chambre \u00ab\u00a0De luxe\u00a0\u00bb (la plus grande, avec vue sur la cath\u00e9drale et petit coin salon). Mais celle-ci peut aussi devenir une chambre famille, sur demande (4 \u00e0 6 personnes)<\/p>\n<p><img loading=\"lazy\" decoding=\"async\" aria-describedby=\"caption-attachment-191081\" class=\"wp-image-191081\" src=\"data:image\/svg+xml,%3Csvg%20xmlns=\" http:=\"\" alt=\"Best Western Rouen avis\" width=\"1200\" height=\"800\" data-lazy- data-lazy- data-lazy-src=\"https:\/\/www.europesays.com\/fr\/wp-content\/uploads\/2026\/01\/CONFORT-TT-VUE-ENTREE-BWDIEPPE07.jpg\"\/><\/p>\n<p id=\"caption-attachment-191081\" class=\"wp-caption-text\">Face \u00e0 la gare, le Best Western de Rouen est une institution<\/p>\n<blockquote>\n<p><strong>H\u00f4tel de Dieppe Best Western Plus 4*<br \/><\/strong>5 Pl. Bernard Tissot, 76000 Rouen<br \/>Tel.02 35 71 96 00<br \/>A partir de 122\u20ac la chambre double avec petit d\u00e9jeuner inclus<br \/><a href=\"https:\/\/hotel-dieppe.fr\/\" target=\"_blank\" rel=\"noopener\">https:\/\/hotel-dieppe.fr\/<\/a><\/p>\n<\/blockquote>\n<p><strong>Brasseries Le Caf\u00e9 Victor 1880, Les Capucines, La Couronne<\/strong><\/p>\n<p>Des brasseries reconnues (le Caf\u00e9 Victor est celui de l\u2019H\u00f4tel de Dieppe, face \u00e0 la gare) pour go\u00fbter (entre autres) le \u00ab canard \u00e0 la rouennaise \u00bb, ou canard au sang (la carcasse du caneton est \u00e9cras\u00e9e dans une grosse presse en acier, et on en r\u00e9cup\u00e8re le jus pour confectionner, avec du vin et des \u00e9chalottes, une c\u00e9l\u00e8bre sauce, inspir\u00e9e d\u2019une recette du P\u00e8re Denise, aubergiste de Duclair).<\/p>\n<p>Ce plat est traditionnellement d\u00e9coup\u00e9 devant vous, puis servi avec un flan de c\u00e9leri et une pomme cuite caram\u00e9lis\u00e9e\u2026 toute une c\u00e9r\u00e9monie ! Un \u00ab ordre des Canardiers \u00bb, cr\u00e9\u00e9 en 1986, a m\u00eame \u00e9t\u00e9 cr\u00e9\u00e9 pour rassembler les professionnels qui pr\u00e9parent et servent le canard au sang dans le respect parfait de la cr\u00e9ation \u2013 et le maire de Rouen est de droit Grand Carnardier d\u2019honneur !<\/p>\n<p><strong>Restaurant Le Sixi\u00e8me Sens<\/strong><\/p>\n<p>Si le canard au sang ne vous tente pas, faites une \u00e9tape gastronomique dans ce cadre magnifique \u2013 une spacieuse cave vo\u00fbt\u00e9e du XVIIIe si\u00e8cle, au coeur du vieux Rouen. Le chef Hakim Benallal y propose une cuisine cr\u00e9ative avec d\u2019excellents produits locaux. De la gastronomie moderne dans un cadre ancien !<\/p>\n<p><strong>Adresse :<\/strong> 2 Rue Thomas Corneille, <a href=\"https:\/\/le-sixiemesens.fr\/\" target=\"_blank\" rel=\"noopener\">https:\/\/le-sixiemesens.fr\/<\/a><\/p>\n<p><img loading=\"lazy\" decoding=\"async\" aria-describedby=\"caption-attachment-191082\" class=\"wp-image-191082 size-full\" src=\"data:image\/svg+xml,%3Csvg%20xmlns=\" http:=\"\" alt=\"restaurant le sixi\u00e8me sens rouen avis\" width=\"1200\" height=\"800\" data-lazy- data-lazy- data-lazy-src=\"https:\/\/www.europesays.com\/fr\/wp-content\/uploads\/2026\/01\/LE-SIXIEME-SENS-INT.jpg\"\/><\/p>\n<p id=\"caption-attachment-191082\" class=\"wp-caption-text\">Restaurant Le Sixi\u00e8me Sens \u00e0 Rouen<\/p>\n<p>Quelques adresses coups de coeur pour faire le plein de bonnes choses \u00e0 rapporter de Rouen :<\/p>\n<p><strong>Boulangerie Delamare<\/strong>, \u00e0 Elbeuf, pour le Douillon d\u2019Elbeuf.<\/p>\n<p><strong>Pains et p\u00e2tisseries de Christophe Cressent<\/strong>, meilleur ouvrier de France et tr\u00e8s r\u00e9put\u00e9 \u00e0 Rouen o\u00f9 il n\u2019a pas moins de\u2026 quatre boulangeries, dont une sur la place du Vieux March\u00e9\u00a0: adresses sur <a href=\"http:\/\/www.christophecressent.com\/\" target=\"_blank\" rel=\"noopener\">www.christophecressent.com<\/a><\/p>\n<p>Fromages de la <strong>Maison Jollit<\/strong> et de la <strong>fromagerie Fran\u00e7ois Olivier<\/strong>.<\/p>\n<p>Cr\u00e9dit photo de couverture : Le Gros Horloge de Rouen \u00a9SMA-V.Rustuel<\/p>\n<blockquote>\n<p>Plus d\u2019informations sur le <a href=\"https:\/\/www.visiterouen.com\/\" target=\"_blank\" rel=\"noopener\">site de l\u2019Office de tourisme de Rouen<\/a><\/p>\n<\/blockquote>\n<blockquote id=\"newsharer\" class=\"btnlist clear sharewrapper\">\n<p>\n\t\t\t\tVous avez aim\u00e9 cet article\u00a0ou bien vous voulez r\u00e9agir ?\t\t\t<\/p>\n<\/blockquote>\n<p>\tArticles en relation<\/p>\n","protected":false},"excerpt":{"rendered":"Des vikings, un b\u00fbcher c\u00e9l\u00e8bre, des grands personnages et des grands monuments, mais aussi des d\u00e9lices gastronomiques\u00a0: Rouen&hellip;\n","protected":false},"author":2,"featured_media":661732,"comment_status":"","ping_status":"","sticky":false,"template":"","format":"standard","meta":{"footnotes":""},"categories":[9587],"tags":[1111,11,1777,674,1011,27,76295,76296,12,5161,25,9590],"class_list":{"0":"post-661731","1":"post","2":"type-post","3":"status-publish","4":"format-standard","5":"has-post-thumbnail","7":"category-rouen","8":"tag-actu","9":"tag-actualites","10":"tag-eu","11":"tag-europe","12":"tag-fr","13":"tag-france","14":"tag-idees-sorties-en-famille","15":"tag-idees-weekend-en-famille","16":"tag-news","17":"tag-normandie","18":"tag-republique-francaise","19":"tag-rouen"},"share_on_mastodon":{"url":"https:\/\/pubeurope.com\/@fr\/115890507578241031","error":""},"_links":{"self":[{"href":"https:\/\/www.europesays.com\/fr\/wp-json\/wp\/v2\/posts\/661731","targetHints":{"allow":["GET"]}}],"collection":[{"href":"https:\/\/www.europesays.com\/fr\/wp-json\/wp\/v2\/posts"}],"about":[{"href":"https:\/\/www.europesays.com\/fr\/wp-json\/wp\/v2\/types\/post"}],"author":[{"embeddable":true,"href":"https:\/\/www.europesays.com\/fr\/wp-json\/wp\/v2\/users\/2"}],"replies":[{"embeddable":true,"href":"https:\/\/www.europesays.com\/fr\/wp-json\/wp\/v2\/comments?post=661731"}],"version-history":[{"count":0,"href":"https:\/\/www.europesays.com\/fr\/wp-json\/wp\/v2\/posts\/661731\/revisions"}],"wp:featuredmedia":[{"embeddable":true,"href":"https:\/\/www.europesays.com\/fr\/wp-json\/wp\/v2\/media\/661732"}],"wp:attachment":[{"href":"https:\/\/www.europesays.com\/fr\/wp-json\/wp\/v2\/media?parent=661731"}],"wp:term":[{"taxonomy":"category","embeddable":true,"href":"https:\/\/www.europesays.com\/fr\/wp-json\/wp\/v2\/categories?post=661731"},{"taxonomy":"post_tag","embeddable":true,"href":"https:\/\/www.europesays.com\/fr\/wp-json\/wp\/v2\/tags?post=661731"}],"curies":[{"name":"wp","href":"https:\/\/api.w.org\/{rel}","templated":true}]}}