{"id":661733,"date":"2026-01-13T23:59:34","date_gmt":"2026-01-13T23:59:34","guid":{"rendered":"https:\/\/www.europesays.com\/fr\/661733\/"},"modified":"2026-01-13T23:59:34","modified_gmt":"2026-01-13T23:59:34","slug":"tourisme-quelle-est-cette-station-en-isere-qui-est-la-plus-recherchee-pour-des-vacances","status":"publish","type":"post","link":"https:\/\/www.europesays.com\/fr\/661733\/","title":{"rendered":"Tourisme. Quelle est cette station en Is\u00e8re qui est la plus recherch\u00e9e pour des vacances\u00a0?"},"content":{"rendered":"<p>\u00a0La derni\u00e8re \u00e9tude r\u00e9alis\u00e9e par <a href=\"https:\/\/news.airbnb.com\/fr\/grands-evenements-et-montagne-en-famille-le-duo-gagnant-des-francais-en-2\/\" target=\"_blank\" rel=\"noopener\">Airbnb<\/a> nous en apprend un peu plus sur les envies des touristes fran\u00e7ais en 2026.<\/p>\n<p>La plateforme a analys\u00e9 les destinations o\u00f9 elle a observ\u00e9 la plus forte croissance de recherches effectu\u00e9es au troisi\u00e8me trimestre 2025\u00a0pour des s\u00e9jours en 2026. Premier enseignement, ils ont envie de vivre des temps forts. En effet, 65 % des dates et des villes les plus recherch\u00e9es dans le monde\u00a0correspondent \u00e0 de\u00a0grands \u00e9v\u00e8nements\u00a0internationaux tels que les <a href=\"https:\/\/www.ledauphine.com\/jeux-olympiques\/2025\/10\/29\/la-carte-interactive-des-sites-de-competitions-de-milan-cortina-2026\" target=\"_blank\" rel=\"noopener\">JO d\u2019Hiver de Milan-Cortina<\/a>, le Carnaval de Rio ou l\u2019Iron Man de Nice. Autre point \u00e0 retenir, ils choisissent souvent de courts s\u00e9jours, avec une hausse de plus de 30 % des recherches pour des escapades de deux jours ou moins dans l\u2019Hexagone.\u00a0<\/p>\n<p>Enfin, ce n&rsquo;est pas un scoop, la montagne est de plus en plus appr\u00e9ci\u00e9e par les Fran\u00e7ais et ce malgr\u00e9 le co\u00fbt.\u00a0<a href=\"https:\/\/www.ledauphine.com\/societe\/2025\/12\/19\/du-monde-en-montagne-pour-les-vacances-de-fin-d-annee-de-70-a-90-de-taux-de-remplissage\" target=\"_blank\" rel=\"noopener\">Les tendances de r\u00e9servation<\/a>\u00a02025 pour les vacances de fin d&rsquo;ann\u00e9e,\u00a0+ 2,5% par rapport \u00e0 2024,\u00a0ont confirm\u00e9 une progression r\u00e9guli\u00e8re depuis 2019. Bien s\u00fbr, le ski reste une activit\u00e9 phare mais la montagne c&rsquo;est aussi un cadre apaisant et de<a href=\"https:\/\/www.ledauphine.com\/societe\/2025\/12\/02\/barometre-quelles-sont-les-dernieres-tendances-pour-cet-hiver\" target=\"_blank\" rel=\"noopener\">\u00a0multiples possibilit\u00e9s<\/a>\u00a0comme les raquettes, la randonn\u00e9e, les soins bien-\u00eatre&#8230;<\/p>\n<p>Le succ\u00e8s des stations is\u00e9roises<\/p>\n<p>Selon l&rsquo;\u00e9tude, l&rsquo;engouement pour les s\u00e9jours \u00e0 la montagne et en famille se confirme. Parmi la palette de destinations, ce ne sont pas les plus hautes ni les plus hupp\u00e9es des stations qui tirent leur \u00e9pingle du jeu. La station qui domine toutes les autres se trouve en Is\u00e8re. Alors dans quel massif\u00a0? Belledonne\u00a0? Oisans\u00a0? Chartreuse\u00a0? Toujours pas\u00a0!<\/p>\n<p>Direction le Vercors. Avec plus de 50% de hausse de recherches, Villard-de-Lans cartonne. Le village\/station ne manque ni d&rsquo;attraits ni d&rsquo;authenticit\u00e9, des qualit\u00e9s semble-t-il recherch\u00e9es. On ajoute la beaut\u00e9 des paysages au coeur du parc naturel r\u00e9gional du Vercors, les 125 km de pistes du domaine Villard-de-Lans-Corren\u00e7on, les 155 km de terrain de jeu en ski de fond, les itin\u00e9raires raquettes, randonn\u00e9es, la gastronomie&#8230;<\/p>\n<p>Mais elle n&rsquo;est pas la seule station en Is\u00e8re \u00e0 s\u00e9duire.\u00a0Chamrousse cumule quant \u00e0 elle plus de 30% de hausse du nombre de recherches. Au coeur du massif de Belledonne,<a href=\"https:\/\/www.ledauphine.com\/societe\/2025\/12\/06\/de-la-poudreuse-de-la-brume-du-soleil-et-beaucoup-de-sourires-chamrousse-a-ouvert-ses-pistes-ce-week-end\" target=\"_blank\" rel=\"noopener\"> la station olympique<\/a>\u00a0dispose aussi de ses atouts, \u00e9t\u00e9 comme hiver, avec\u00a0 ses 90 km de pistes d&rsquo;alpin, ses 44 km de fond sur le plateau de l&rsquo;Arselle et sa foule d&rsquo;activit\u00e9s.<\/p>\n<p>  \u00a0Les Hautes-Alpes ont aussi la cote<\/p>\n<p>Parmi les centaines de recherches effectut\u00e9es sur le site, l&rsquo;\u00e9tude montre \u00e9galement que le d\u00e9partement des Hautes-Alpes suscite de l&rsquo;int\u00e9r\u00eat. L\u00e0 encore, l&rsquo;offre est multiple entre la Grave, spot mondial du free ride, sa majest\u00e9 Serre Chevalier, plus grand domaine skiable des Alpes du Sud ou encore Risoul. <\/p>\n<p>Mais deux destinations \u00e9mergent en particulier, version hiver comme \u00e9t\u00e9. Il s&rsquo;agit du <a href=\"https:\/\/www.ledauphine.com\/economie\/2025\/02\/23\/en-station-que-font-les-vacanciers-qui-ne-skient-pas\" target=\"_blank\" rel=\"noopener\">D\u00e9voluy <\/a>et <a href=\"https:\/\/www.ledauphine.com\/economie\/2025\/12\/06\/ouverture-des-stations-j-avais-hate-de-reprendre\" target=\"_blank\" rel=\"noopener\">des Orres<\/a>, enregistrant l\u00e0 encore plus de 30% de hausse du nombre recherches.\u00a0<\/p>\n","protected":false},"excerpt":{"rendered":"\u00a0La derni\u00e8re \u00e9tude r\u00e9alis\u00e9e par Airbnb nous en apprend un peu plus sur les envies des touristes fran\u00e7ais&hellip;\n","protected":false},"author":2,"featured_media":661734,"comment_status":"","ping_status":"","sticky":false,"template":"","format":"standard","meta":{"footnotes":""},"categories":[9566],"tags":[1111,11,2430,45712,130,33608,112,113,4521,1777,674,107,1011,27,2731,108,20384,76299,5324,12,25,76298,273,48125,76297,602,32345],"class_list":{"0":"post-661733","1":"post","2":"type-post","3":"status-publish","4":"format-standard","5":"has-post-thumbnail","7":"category-grenoble","8":"tag-actu","9":"tag-actualites","10":"tag-auvergne-rhone-alpes","11":"tag-chamrousse","12":"tag-consommation","13":"tag-devoluy","14":"tag-edition-grenoble-agglomeration","15":"tag-edition-gresivaudan-oisans","16":"tag-edition-hautes-alpes-alpes-de-haute-provence","17":"tag-eu","18":"tag-europe","19":"tag-fil-info","20":"tag-fr","21":"tag-france","22":"tag-grenoble","23":"tag-isere","24":"tag-la-grave","25":"tag-les-orres","26":"tag-montagne","27":"tag-news","28":"tag-republique-francaise","29":"tag-risoul","30":"tag-selection-de-la-redaction","31":"tag-serre-chevalier","32":"tag-superdevoluy","33":"tag-tourisme","34":"tag-villard-de-lans"},"share_on_mastodon":{"url":"https:\/\/pubeurope.com\/@fr\/115890511155801201","error":""},"_links":{"self":[{"href":"https:\/\/www.europesays.com\/fr\/wp-json\/wp\/v2\/posts\/661733","targetHints":{"allow":["GET"]}}],"collection":[{"href":"https:\/\/www.europesays.com\/fr\/wp-json\/wp\/v2\/posts"}],"about":[{"href":"https:\/\/www.europesays.com\/fr\/wp-json\/wp\/v2\/types\/post"}],"author":[{"embeddable":true,"href":"https:\/\/www.europesays.com\/fr\/wp-json\/wp\/v2\/users\/2"}],"replies":[{"embeddable":true,"href":"https:\/\/www.europesays.com\/fr\/wp-json\/wp\/v2\/comments?post=661733"}],"version-history":[{"count":0,"href":"https:\/\/www.europesays.com\/fr\/wp-json\/wp\/v2\/posts\/661733\/revisions"}],"wp:featuredmedia":[{"embeddable":true,"href":"https:\/\/www.europesays.com\/fr\/wp-json\/wp\/v2\/media\/661734"}],"wp:attachment":[{"href":"https:\/\/www.europesays.com\/fr\/wp-json\/wp\/v2\/media?parent=661733"}],"wp:term":[{"taxonomy":"category","embeddable":true,"href":"https:\/\/www.europesays.com\/fr\/wp-json\/wp\/v2\/categories?post=661733"},{"taxonomy":"post_tag","embeddable":true,"href":"https:\/\/www.europesays.com\/fr\/wp-json\/wp\/v2\/tags?post=661733"}],"curies":[{"name":"wp","href":"https:\/\/api.w.org\/{rel}","templated":true}]}}