{"id":661735,"date":"2026-01-14T00:00:11","date_gmt":"2026-01-14T00:00:11","guid":{"rendered":"https:\/\/www.europesays.com\/fr\/661735\/"},"modified":"2026-01-14T00:00:11","modified_gmt":"2026-01-14T00:00:11","slug":"ce-pilier-de-lequipe-part-brutalement-pour-ibiza","status":"publish","type":"post","link":"https:\/\/www.europesays.com\/fr\/661735\/","title":{"rendered":"ce pilier de l&rsquo;\u00e9quipe part brutalement pour Ibiza"},"content":{"rendered":"<p itemprop=\"description\"><strong>C&rsquo;est un transfert inattendu.<\/strong><\/p>\n<p>\u00ab\u00a0Pas du tout pr\u00e9vu\u00a0\u00bb de l&rsquo;aveu m\u00eame du principal int\u00e9ress\u00e9. Ce mardi, le GF38 a annonc\u00e9 le d\u00e9part de Th\u00e9o Valls. Le vice-capitaine is\u00e9rois a expliqu\u00e9 dans une vid\u00e9o avoir \u00ab\u00a0souhait\u00e9 saisir cette opportunit\u00e9\u00a0\u00bb, \u00e9voquant \u00ab\u00a0un r\u00eave\u00a0\u00bb.<\/p>\n<p>Selon Grenoble Foot Info, c&rsquo;est du c\u00f4t\u00e9 d&rsquo;Ibiza que le milieu de terrain aux 77 rencontres avec le GF38 poursuivra sa carri\u00e8re.<\/p>\n<p>A 30 ans, il \u00e9voluera donc d\u00e9sormais en troisi\u00e8me division espagnole. Un choix de vie plut\u00f4t que de carri\u00e8re, qui devrait rapporter un petit ch\u00e8que au club.<\/p>\n<p>Pour Grenoble, c&rsquo;est un coup dur avec la perte d&rsquo;un cadre de l&rsquo;effectif, rod\u00e9 aux joutes de la Ligue 2.<\/p>\n<blockquote class=\"twitter-tweet\"><p>&#13;<\/p>\n<p dir=\"ltr\" lang=\"fr\">Th\u00e9o Valls souhaitait vous adresser un petit mot avant son d\u00e9part \ud83d\udd3d <a href=\"https:\/\/t.co\/YI9btx89Rk\">pic.twitter.com\/YI9btx89Rk<\/a><\/p>\n<p>&#13;<br \/>\n\u2014 Grenoble Foot 38 (@GF38_Officiel) <a href=\"https:\/\/twitter.com\/GF38_Officiel\/status\/2011140194976874522?ref_src=twsrc%5Etfw\" target=\"_blank\" rel=\"noopener\">January 13, 2026<\/a><\/p><\/blockquote>\n<p>\t\t  <script async src=\"https:\/\/platform.twitter.com\/widgets.js\" charset=\"utf-8\"><\/script><\/p>\n","protected":false},"excerpt":{"rendered":"C&rsquo;est un transfert inattendu. \u00ab\u00a0Pas du tout pr\u00e9vu\u00a0\u00bb de l&rsquo;aveu m\u00eame du principal int\u00e9ress\u00e9. Ce mardi, le GF38&hellip;\n","protected":false},"author":2,"featured_media":661736,"comment_status":"","ping_status":"","sticky":false,"template":"","format":"standard","meta":{"footnotes":""},"categories":[9566],"tags":[1111,11,2813,2430,1109,251,1112,2811,1777,674,118,1011,27,21780,2731,14004,1922,1110,1114,108,12,316,25,2812,517,800],"class_list":{"0":"post-661735","1":"post","2":"type-post","3":"status-publish","4":"format-standard","5":"has-post-thumbnail","7":"category-grenoble","8":"tag-actu","9":"tag-actualites","10":"tag-article","11":"tag-auvergne-rhone-alpes","12":"tag-breves","13":"tag-culture","14":"tag-depeches","15":"tag-economique","16":"tag-eu","17":"tag-europe","18":"tag-faits-divers","19":"tag-fr","20":"tag-france","21":"tag-gf38","22":"tag-grenoble","23":"tag-grenoblemag","24":"tag-info","25":"tag-informations","26":"tag-infos","27":"tag-isere","28":"tag-news","29":"tag-politique","30":"tag-republique-francaise","31":"tag-sociale","32":"tag-sport","33":"tag-transports"},"share_on_mastodon":{"url":"https:\/\/pubeurope.com\/@fr\/115890514986418988","error":""},"_links":{"self":[{"href":"https:\/\/www.europesays.com\/fr\/wp-json\/wp\/v2\/posts\/661735","targetHints":{"allow":["GET"]}}],"collection":[{"href":"https:\/\/www.europesays.com\/fr\/wp-json\/wp\/v2\/posts"}],"about":[{"href":"https:\/\/www.europesays.com\/fr\/wp-json\/wp\/v2\/types\/post"}],"author":[{"embeddable":true,"href":"https:\/\/www.europesays.com\/fr\/wp-json\/wp\/v2\/users\/2"}],"replies":[{"embeddable":true,"href":"https:\/\/www.europesays.com\/fr\/wp-json\/wp\/v2\/comments?post=661735"}],"version-history":[{"count":0,"href":"https:\/\/www.europesays.com\/fr\/wp-json\/wp\/v2\/posts\/661735\/revisions"}],"wp:featuredmedia":[{"embeddable":true,"href":"https:\/\/www.europesays.com\/fr\/wp-json\/wp\/v2\/media\/661736"}],"wp:attachment":[{"href":"https:\/\/www.europesays.com\/fr\/wp-json\/wp\/v2\/media?parent=661735"}],"wp:term":[{"taxonomy":"category","embeddable":true,"href":"https:\/\/www.europesays.com\/fr\/wp-json\/wp\/v2\/categories?post=661735"},{"taxonomy":"post_tag","embeddable":true,"href":"https:\/\/www.europesays.com\/fr\/wp-json\/wp\/v2\/tags?post=661735"}],"curies":[{"name":"wp","href":"https:\/\/api.w.org\/{rel}","templated":true}]}}