{"id":661739,"date":"2026-01-14T00:04:20","date_gmt":"2026-01-14T00:04:20","guid":{"rendered":"https:\/\/www.europesays.com\/fr\/661739\/"},"modified":"2026-01-14T00:04:20","modified_gmt":"2026-01-14T00:04:20","slug":"un-salon-du-mariage-moderne-et-good-vibes-debarque-a-strasbourg","status":"publish","type":"post","link":"https:\/\/www.europesays.com\/fr\/661739\/","title":{"rendered":"un salon du mariage \u00ab\u00a0moderne et good vibes \u00bb d\u00e9barque \u00e0 Strasbourg"},"content":{"rendered":"<p>    <img loading=\"lazy\" width=\"1800\" height=\"900\" src=\"https:\/\/www.europesays.com\/fr\/wp-content\/uploads\/2025\/11\/jeanne-callthepolice.jpg\" class=\"attachment-full size-full\" alt=\"\" id=\"imageLove\" decoding=\"async\"  \/><\/p>\n<p id=\"breadcrumbs\"><a href=\"https:\/\/pokaa.fr\/\" target=\"_blank\" rel=\"noopener\">Accueil<\/a> \/ <a href=\"https:\/\/pokaa.fr\/categories\/ses-sorties\/\" target=\"_blank\" rel=\"noopener\">Sorties<\/a> \/ Sch\u00e0tzi Ch\u00e9rie : un salon du mariage \u00ab\u00a0moderne et good vibes \u00bb d\u00e9barque \u00e0 Strasbourg<\/p>\n<p>                    Sorties<\/p>\n<p><b>Vous cherchez \u00e0 cr\u00e9er un mariage qui vous ressemble ? Bonne nouvelle : Strasbourg accueillera bient\u00f4t Sch\u00e0tzi Ch\u00e9rie, un salon qui se veut aussi \u00ab\u00a0moderne\u00a0\u00bb que \u00ab\u00a0good vibes\u00a0\u00bb. Les 24 et 25 janvier, rencontrez dans la splendide Villa Quai Sturm \u00ab\u00a0les prestataires qui feront battre votre c\u0153ur\u00a0\u00bb. Pour que le plus beau jour de votre vie soit celui o\u00f9 vous vous dites \u00ab oui \u00bb.<\/b><\/p>\n<p>Que l\u2019on collectionne d\u00e9j\u00e0 les inspirations sur Pinterest ou que l\u2019on ne sache pas o\u00f9 donner de la t\u00eate,<strong> organiser son mariage est un sacr\u00e9 d\u00e9fi<\/strong>.<\/p>\n<p>Pour aider les couples strasbourgeois et alsaciens \u00e0 le rendre magique, unique et \u00e0 leur image, un nouveau salon aussi frais qu\u2019authentique arrive en ville :<b> le Sch\u00e0tzi Ch\u00e9rie<\/b>.<\/p>\n<p>                <img width=\"750\" height=\"500\" src=\"https:\/\/www.europesays.com\/fr\/wp-content\/uploads\/2026\/01\/les-petits-cliches-darmelle-4-750x500.jpg\" class=\"attachment-gallery size-gallery\" alt=\"Salon du mariage Sch\u00e0tzi Ch\u00e9rie\" data-full-url=\"https:\/\/pokaa.fr\/wp-content\/uploads\/2026\/01\/12\/les-petits-cliches-darmelle-4.jpg\" decoding=\"async\" loading=\"lazy\"  \/>            <\/p>\n<p>                <img width=\"750\" height=\"500\" src=\"https:\/\/www.europesays.com\/fr\/wp-content\/uploads\/2026\/01\/les-petits-cliches-darmelle-3-750x500.jpg\" class=\"attachment-gallery size-gallery\" alt=\"Salon du mariage Sch\u00e0tzi Ch\u00e9rie\" data-full-url=\"https:\/\/pokaa.fr\/wp-content\/uploads\/2026\/01\/12\/les-petits-cliches-darmelle-3.jpg\" decoding=\"async\" loading=\"lazy\"  \/>            <\/p>\n<p>                    \u00a9 Les Petits Clich\u00e9s d&rsquo;Armelle \/ Documents remis<\/p>\n<p>    <img width=\"400\" height=\"600\" src=\"https:\/\/www.europesays.com\/fr\/wp-content\/uploads\/2026\/01\/judith-b-photographe-2-400x600.jpg\" class=\"attachment-image-size-M size-image-size-M\" alt=\"Salon du mariage Sch\u00e0tzi Ch\u00e9rie\" decoding=\"async\" loading=\"lazy\"  \/>         Salon du mariage Sch\u00e0tzi Ch\u00e9rie. \u00a9 Judith B. Photographe \/ Document remis <\/p>\n<p>Les <b>samedi 24 et dimanche 25 janvier<\/b>, il prendra ses quartiers dans un cadre unique\u00a0: <b>la Villa Quai Sturm<\/b>. Pendant deux jours, il y r\u00e9unira <b>\u00ab\u00a0la cr\u00e8me de la cr\u00e8me\u00a0\u00bb <\/b><b>des prestataires, qui seront 100% alsacien(ne)s<\/b>.<\/p>\n<p>L\u2019objectif ? <b>Cr\u00e9er le match parfait<\/b> <strong>aupr\u00e8s des futur(e)s mari\u00e9(e)s<\/strong>. \u00c0 qui s\u2019adresse-t-il\u00a0? \u00c0 celles et ceux \u00ab\u00a0en qu\u00eate de douceur, d\u2019\u00e9l\u00e9gance et de fun pour le jour J\u00a0\u00bb.<\/p>\n<p>                <img width=\"333\" height=\"500\" src=\"https:\/\/www.europesays.com\/fr\/wp-content\/uploads\/2026\/01\/les-petits-cliches-darmelle-333x500.jpg\" class=\"attachment-gallery size-gallery\" alt=\"Salon du mariage Sch\u00e0tzi Ch\u00e9rie\" data-full-url=\"https:\/\/pokaa.fr\/wp-content\/uploads\/2026\/01\/12\/les-petits-cliches-darmelle.jpg\" decoding=\"async\" loading=\"lazy\"  \/>            <\/p>\n<p>                <img width=\"600\" height=\"400\" src=\"https:\/\/www.europesays.com\/fr\/wp-content\/uploads\/2026\/01\/espace-roseneck2-600x400-1.jpg\" class=\"attachment-gallery size-gallery\" alt=\"Villa Quai Sturm\" data-full-url=\"https:\/\/www.europesays.com\/fr\/wp-content\/uploads\/2026\/01\/espace-roseneck2-600x400-1.jpg\" decoding=\"async\" loading=\"lazy\"  \/>            <\/p>\n<p>                <img width=\"750\" height=\"500\" src=\"https:\/\/www.europesays.com\/fr\/wp-content\/uploads\/2026\/01\/villa-sturm-oxmo-puccino.jpg\" class=\"attachment-gallery size-gallery\" alt=\"villa sturm\" data-full-url=\"https:\/\/www.europesays.com\/fr\/wp-content\/uploads\/2026\/01\/villa-sturm-oxmo-puccino.jpg\" decoding=\"async\" loading=\"lazy\"  \/>            <\/p>\n<p>                <img width=\"751\" height=\"500\" src=\"https:\/\/www.europesays.com\/fr\/wp-content\/uploads\/2026\/01\/espacesturm9-751x500.jpg\" class=\"attachment-gallery size-gallery\" alt=\"Villa Quai Sturm\" data-full-url=\"https:\/\/pokaa.fr\/wp-content\/uploads\/2025\/01\/15\/espacesturm9.jpg\" decoding=\"async\" loading=\"lazy\"  \/>            <\/p>\n<p>                    1. \u00a9 Les Petits Clich\u00e9s d&rsquo;Armelle \/ Document remis ; 2. \u00e0 4. \u00a9 Site web de la Villa Quai Sturm \/ Captures d&rsquo;\u00e9cran<\/p>\n<p>    <img width=\"400\" height=\"600\" src=\"https:\/\/www.europesays.com\/fr\/wp-content\/uploads\/2026\/01\/les-petits-cliches-darmelle-400x600.jpg\" class=\"attachment-image-size-M size-image-size-M\" alt=\"Salon du mariage Sch\u00e0tzi Ch\u00e9rie\" decoding=\"async\" loading=\"lazy\"  \/>         \u00a9 Les Petits Clich\u00e9s d&rsquo;Armelle \/ Document remis <\/p>\n<p>Un salon du mariage local et original<\/p>\n<p>Il est temps de d\u00e9poussi\u00e9rer l\u2019image du salon de mariage ! Sur place, on rencontrera <b>24 prestataires du coin, s\u00e9lectionn\u00e9(e)s <\/b><b>\u00ab\u00a0pour leur cr\u00e9ativit\u00e9, leur style unique et leur grand c\u0153ur\u00a0\u00bb<\/b>.<\/p>\n<p>De la <b>wedding planner<\/b>\u00a0aux incontournables cr\u00e9atrices et boutiques de <b>robes de mari\u00e9e<\/b> ou de <b>costumes, <\/b>avec m\u00eame deux d\u00e9fil\u00e9s par jour. <strong>Sans oublier les alliances,<\/strong> ainsi que des maquilleuses, coiffeuses ; et des photographes et vid\u00e9astes pour garder ces souvenirs pour la vie. Pour en savoir plus les prestataires de qualit\u00e9, <a href=\"https:\/\/schatzi-cherie.fr\/prestataires\/\" target=\"_blank\" rel=\"noopener\">c\u2019est juste l\u00e0<\/a>.<\/p>\n<p>                <img width=\"333\" height=\"500\" src=\"https:\/\/www.europesays.com\/fr\/wp-content\/uploads\/2026\/01\/judith-b-photographe-3-333x500.jpg\" class=\"attachment-gallery size-gallery\" alt=\"Salon du mariage Sch\u00e0tzi Ch\u00e9rie\" data-full-url=\"https:\/\/pokaa.fr\/wp-content\/uploads\/2026\/01\/12\/judith-b-photographe-3.jpg\" decoding=\"async\" loading=\"lazy\"  \/>            <\/p>\n<p>                <img width=\"333\" height=\"500\" src=\"https:\/\/www.europesays.com\/fr\/wp-content\/uploads\/2026\/01\/judith-b-photographe-4-333x500.jpg\" class=\"attachment-gallery size-gallery\" alt=\"Salon du mariage Sch\u00e0tzi Ch\u00e9rie\" data-full-url=\"https:\/\/pokaa.fr\/wp-content\/uploads\/2026\/01\/12\/judith-b-photographe-4.jpg\" decoding=\"async\" loading=\"lazy\"  \/>            <\/p>\n<p>                    \u00a9 Judith B. Photographe \/ Documents remis<\/p>\n<p>Quant \u00e0 rendre cette journ\u00e9e unique\u00a0: des id\u00e9es pour la r\u00e9ception (du <b>Nomad Camp<\/b> \u00e0 la location de mobilier), pour ses compositions florales (fra\u00eeches ou s\u00e9ch\u00e9es), des animations originales et de bonnes adresses pour la restauration. Entre <strong>p<\/strong><b>hotobooth<\/b>, <b>portraits \u00e0 l\u2019aquarelle<\/b>, chor\u00e9graphe, et autres <b>bars \u00e0 cocktails ou \u00e0 saucissons<\/b>, biscuits personnalis\u00e9s et wedding cakes.<\/p>\n<p>                <img width=\"333\" height=\"500\" src=\"https:\/\/www.europesays.com\/fr\/wp-content\/uploads\/2026\/01\/les-petits-cliches-darmelle-2-333x500.jpg\" class=\"attachment-gallery size-gallery\" alt=\"Salon du mariage Sch\u00e0tzi Ch\u00e9rie\" data-full-url=\"https:\/\/pokaa.fr\/wp-content\/uploads\/2026\/01\/12\/les-petits-cliches-darmelle-2.jpg\" decoding=\"async\" loading=\"lazy\"  \/>            <\/p>\n<p>                <img width=\"333\" height=\"500\" src=\"https:\/\/www.europesays.com\/fr\/wp-content\/uploads\/2026\/01\/judith-b-photographe-333x500.jpg\" class=\"attachment-gallery size-gallery\" alt=\"Salon du mariage Sch\u00e0tzi Ch\u00e9rie\" data-full-url=\"https:\/\/pokaa.fr\/wp-content\/uploads\/2026\/01\/12\/judith-b-photographe.jpg\" decoding=\"async\" loading=\"lazy\"  \/>            <\/p>\n<p>                    1. \u00a9 Les Petits Clich\u00e9s d&rsquo;Armelle \/ Document remis ; 2. \u00a9 Judith B. Photographe \/ Document remis<\/p>\n<p>Vous dites d\u00e9j\u00e0 oui\u00a0? Attendez\u00a0: le Sch\u00e0tzi Ch\u00e9rie vous guidera m\u00eame<b> jusqu\u2019au voyage de noce<\/b><strong>s. <\/strong>Si \u00e7a, c\u2019est pas d\u00e9j\u00e0 la lune de miel qui commence\u2026<\/p>\n<p><strong>Rendez-vous les 24 et 25 janvier et <a href=\"https:\/\/my.weezevent.com\/salon-du-mariage-schatzi-cherie\" target=\"_blank\" rel=\"noopener\">pour prendre ses billets c\u2019est ici<\/a>. \u00a0<\/strong><\/p>\n<p>            Sch\u00e0tzi Ch\u00e9rie<\/p>\n<p>            Quoi ? <\/p>\n<p>\u00ab\u00a0Salon du mariage moderne et inspirant\u00a0\u00bb<\/p>\n<p>                Quand ?<\/p>\n<p>Les samedi 24 et dimanche 25 janvier 2026, de 10h \u00e0 19h<\/p>\n<p>            o\u00f9 ?<\/p>\n<p>\u00c0 la Villa Quai Sturm, 1 quai Jacques-Sturm, \u00e0 Strasbourg<\/p>\n<p>                Plus d&rsquo;infos ?<\/p>\n<p><a href=\"https:\/\/schatzi-cherie.fr\/\" target=\"_blank\" rel=\"noopener\">Site web<\/a><br \/><a href=\"https:\/\/my.weezevent.com\/salon-du-mariage-schatzi-cherie\" target=\"_blank\" rel=\"noopener\">Billetterie<\/a><br \/><a href=\"https:\/\/www.instagram.com\/schatzi_cherie\/\" target=\"_blank\" rel=\"noopener\">Page Instagram<\/a><br \/><a href=\"https:\/\/www.facebook.com\/p\/Sch\u00e0tzi-Ch\u00e9rie-61572876943256\/\" target=\"_blank\" rel=\"noopener\">Page Facebook<\/a><br \/>Tarif\u00a0: 5\u20ac l\u2019entr\u00e9e pour 2 personnes<\/p>\n<p><script async src=\"\/\/www.instagram.com\/embed.js\"><\/script><\/p>\n","protected":false},"excerpt":{"rendered":"Accueil \/ Sorties \/ Sch\u00e0tzi Ch\u00e9rie : un salon du mariage \u00ab\u00a0moderne et good vibes \u00bb d\u00e9barque \u00e0&hellip;\n","protected":false},"author":2,"featured_media":661740,"comment_status":"","ping_status":"","sticky":false,"template":"","format":"standard","meta":{"footnotes":""},"categories":[2820],"tags":[1111,11,1376,1193,1777,674,1011,27,775,4555,1930,12,25,76300,76301,640,76302,4064],"class_list":{"0":"post-661739","1":"post","2":"type-post","3":"status-publish","4":"format-standard","5":"has-post-thumbnail","7":"category-strasbourg","8":"tag-actu","9":"tag-actualites","10":"tag-amour","11":"tag-couple","12":"tag-eu","13":"tag-europe","14":"tag-fr","15":"tag-france","16":"tag-grand-est","17":"tag-local","18":"tag-mariage","19":"tag-news","20":"tag-republique-francaise","21":"tag-salon-mariage","22":"tag-schatzi-cherie","23":"tag-strasbourg","24":"tag-villa-quai-sturm","25":"tag-week-end"},"share_on_mastodon":{"url":"https:\/\/pubeurope.com\/@fr\/115890531415708172","error":""},"_links":{"self":[{"href":"https:\/\/www.europesays.com\/fr\/wp-json\/wp\/v2\/posts\/661739","targetHints":{"allow":["GET"]}}],"collection":[{"href":"https:\/\/www.europesays.com\/fr\/wp-json\/wp\/v2\/posts"}],"about":[{"href":"https:\/\/www.europesays.com\/fr\/wp-json\/wp\/v2\/types\/post"}],"author":[{"embeddable":true,"href":"https:\/\/www.europesays.com\/fr\/wp-json\/wp\/v2\/users\/2"}],"replies":[{"embeddable":true,"href":"https:\/\/www.europesays.com\/fr\/wp-json\/wp\/v2\/comments?post=661739"}],"version-history":[{"count":0,"href":"https:\/\/www.europesays.com\/fr\/wp-json\/wp\/v2\/posts\/661739\/revisions"}],"wp:featuredmedia":[{"embeddable":true,"href":"https:\/\/www.europesays.com\/fr\/wp-json\/wp\/v2\/media\/661740"}],"wp:attachment":[{"href":"https:\/\/www.europesays.com\/fr\/wp-json\/wp\/v2\/media?parent=661739"}],"wp:term":[{"taxonomy":"category","embeddable":true,"href":"https:\/\/www.europesays.com\/fr\/wp-json\/wp\/v2\/categories?post=661739"},{"taxonomy":"post_tag","embeddable":true,"href":"https:\/\/www.europesays.com\/fr\/wp-json\/wp\/v2\/tags?post=661739"}],"curies":[{"name":"wp","href":"https:\/\/api.w.org\/{rel}","templated":true}]}}