{"id":661741,"date":"2026-01-14T00:05:11","date_gmt":"2026-01-14T00:05:11","guid":{"rendered":"https:\/\/www.europesays.com\/fr\/661741\/"},"modified":"2026-01-14T00:05:11","modified_gmt":"2026-01-14T00:05:11","slug":"strasbourg-cree-un-poste-pour-morgan-schneiderlin-france-rc-strasbourg","status":"publish","type":"post","link":"https:\/\/www.europesays.com\/fr\/661741\/","title":{"rendered":"Strasbourg cr\u00e9e un poste pour Morgan Schneiderlin &#8211; France &#8211; RC Strasbourg"},"content":{"rendered":"<p>\u00c0 jamais les premiers. Le club alsacien a officialis\u00e9 ce mardi 13 janvier le retour de Morgan Schneiderlin dans son club formateur. Retrait\u00e9 des terrains depuis 2024, <strong>le Strasbourgeois de naissance revient dans son club formateur comme Responsable des pr\u00eats<\/strong> (loan manager en anglais).<\/p>\n<p>Une cr\u00e9ation de poste officialis\u00e9e par le Racing <a target=\"_blank\" href=\"https:\/\/www.rcstrasbourgalsace.fr\/le-racing-club-de-strasbourg-alsace-officialise-larrivee-de-morgan-schneiderlin-au-poste-de-responsable-des-prets-loan-manager\/\" rel=\"noopener\">via un communiqu\u00e9<\/a>. Le club indique que l\u2019ancien international tricolore \u00ab\u202fsera charg\u00e9 du suivi quotidien des joueurs en pr\u00eat dans d\u2019autres clubs et assurera la coordination avec le Racing\u202f\u00bb.\u00a0Il collaborera \u00e9galement avec le Directeur sportif pour \u00ab\u202f favoriser le d\u00e9veloppement des jeunes talents et des joueurs en devenir\u202f\u00bb.<strong>\u00a0<\/strong><strong>Le principal int\u00e9ress\u00e9 s\u2019est montr\u00e9 particuli\u00e8rement heureux de faire son retour au RCSA<\/strong> : \u00ab\u202fRevenir au Racing, c\u2019est un immense bonheur et une grande fiert\u00e9. C\u2019est le club qui m\u2019a form\u00e9, et il a une place \u00e0 part dans mon c\u0153ur. Mon objectif est d\u2019\u00eatre pr\u00e9sent pour les joueurs, de les accompagner, de les aider dans leur d\u00e9veloppement et \u00e0 garder un lien fort avec le Racing\u202f\u00bb.\u00a0<\/p>\n<p>Avant un transfert sec chez les Blues ?<\/p>\n<p>\t\t\t\t\t\t\t\t\t\t<a class=\"lien-connexe\" href=\"https:\/\/www.sofoot.com\/breves\/on-connait-les-affiches-des-huitiemes-de-finale-de-la-coupe-de-france-strasbourg-recevra-monaco-laval-se-deplacera-a-lyon-rennes-au-menu-du-vainqueur-de-la-rencontre-entre-bayeux-et-marseille\" target=\"_blank\" rel=\"noopener\">Les affiches des huiti\u00e8mes de finale de la Coupe de France sont connues<\/a>\t\t\t\t\t<\/p>\n","protected":false},"excerpt":{"rendered":"\u00c0 jamais les premiers. Le club alsacien a officialis\u00e9 ce mardi 13 janvier le retour de Morgan Schneiderlin&hellip;\n","protected":false},"author":2,"featured_media":661742,"comment_status":"","ping_status":"","sticky":false,"template":"","format":"standard","meta":{"footnotes":""},"categories":[2820],"tags":[1111,47,11,61,69,65,64,1777,674,63,1011,27,775,68,66,12,62,70,25,67,640],"class_list":{"0":"post-661741","1":"post","2":"type-post","3":"status-publish","4":"format-standard","5":"has-post-thumbnail","7":"category-strasbourg","8":"tag-actu","9":"tag-actualite","10":"tag-actualites","11":"tag-actus-football","12":"tag-bundesliga","13":"tag-championnats-europeens","14":"tag-equipe-de-france","15":"tag-eu","16":"tag-europe","17":"tag-football","18":"tag-fr","19":"tag-france","20":"tag-grand-est","21":"tag-ligua","22":"tag-ligue-1","23":"tag-news","24":"tag-news-foot","25":"tag-premier-league","26":"tag-republique-francaise","27":"tag-serie-a","28":"tag-strasbourg"},"share_on_mastodon":{"url":"https:\/\/pubeurope.com\/@fr\/115890534832160707","error":""},"_links":{"self":[{"href":"https:\/\/www.europesays.com\/fr\/wp-json\/wp\/v2\/posts\/661741","targetHints":{"allow":["GET"]}}],"collection":[{"href":"https:\/\/www.europesays.com\/fr\/wp-json\/wp\/v2\/posts"}],"about":[{"href":"https:\/\/www.europesays.com\/fr\/wp-json\/wp\/v2\/types\/post"}],"author":[{"embeddable":true,"href":"https:\/\/www.europesays.com\/fr\/wp-json\/wp\/v2\/users\/2"}],"replies":[{"embeddable":true,"href":"https:\/\/www.europesays.com\/fr\/wp-json\/wp\/v2\/comments?post=661741"}],"version-history":[{"count":0,"href":"https:\/\/www.europesays.com\/fr\/wp-json\/wp\/v2\/posts\/661741\/revisions"}],"wp:featuredmedia":[{"embeddable":true,"href":"https:\/\/www.europesays.com\/fr\/wp-json\/wp\/v2\/media\/661742"}],"wp:attachment":[{"href":"https:\/\/www.europesays.com\/fr\/wp-json\/wp\/v2\/media?parent=661741"}],"wp:term":[{"taxonomy":"category","embeddable":true,"href":"https:\/\/www.europesays.com\/fr\/wp-json\/wp\/v2\/categories?post=661741"},{"taxonomy":"post_tag","embeddable":true,"href":"https:\/\/www.europesays.com\/fr\/wp-json\/wp\/v2\/tags?post=661741"}],"curies":[{"name":"wp","href":"https:\/\/api.w.org\/{rel}","templated":true}]}}