{"id":661747,"date":"2026-01-14T00:10:21","date_gmt":"2026-01-14T00:10:21","guid":{"rendered":"https:\/\/www.europesays.com\/fr\/661747\/"},"modified":"2026-01-14T00:10:21","modified_gmt":"2026-01-14T00:10:21","slug":"nantes-des-places-de-cinema-a-seulement-4e-pour-revoir-les-meilleurs-films-de-2025","status":"publish","type":"post","link":"https:\/\/www.europesays.com\/fr\/661747\/","title":{"rendered":"Nantes : des places de cin\u00e9ma \u00e0 seulement 4\u20ac pour (re)voir les meilleurs films de 2025"},"content":{"rendered":"<p>On t\u2019a trouv\u00e9 <strong>LE bon plan<\/strong> en ce mois de janvier ! Pr\u00e9pare-toi \u00e0 vivre des instants de pur bonheur avec\u00a0ce rendez-vous cin\u00e9matographique\u00a0qui va te ravir :<strong> le festival du cin\u00e9ma T\u00e9l\u00e9rama,<\/strong>\u00a0avec des places <strong>\u00e0 4 euros seulement<\/strong> !! L\u2019occasion de (re)voir les meilleurs films de l\u2019ann\u00e9e et pourquoi pas en d\u00e9couvrir de nouveaux. On t\u2019en dit plus tout de suite \ud83d\ude09<\/p>\n<p>Festival cin\u00e9ma T\u00e9l\u00e9rama : Du 21 au 27 janvier 2026, profite de s\u00e9ances \u00e0 4\u20ac !<img loading=\"lazy\" decoding=\"async\" width=\"1160\" height=\"580\" data-pagespeed-lazy-src=\"https:\/\/www.bigcitynantes.fr\/wp-content\/uploads\/2026\/01\/Festival-Telerama-1-1160x580.png\" alt=\"Festival T\u00e9l\u00e9rama\" class=\"wp-image-131161\" data-pagespeed-lazy-  data-pagespeed-url-hash=\"3568267476\" src=\"\/pagespeed_static\/1.JiBnMqyl6S.gif\" onload=\"pagespeed.lazyLoadImages.loadIfVisibleAndMaybeBeacon(this);\" onerror=\"this.onerror=null;pagespeed.lazyLoadImages.loadIfVisibleAndMaybeBeacon(this);\"\/>Cr\u00e9dit : Festival T\u00e9l\u00e9rama \u2014 avec des places de cin\u00e9 \u00e0 4 euros seulement !!<\/p>\n<p>Avis aux cin\u00e9philes ! Le <strong>Festival Cin\u00e9ma T\u00e9l\u00e9rama<\/strong> revient pour une nouvelle \u00e9dition du <strong>21 au 27 janvier 2026<\/strong> avec une s\u00e9lection de <strong>23 films de 2025 et 7 longs m\u00e9trages exclusifs<\/strong> \u00e0 d\u00e9couvrir en <strong>avant-premi\u00e8re.<\/strong><\/p>\n<p>Cet \u00e9v\u00e9nement te donne l\u2019opportunit\u00e9 de (re)d\u00e9couvrir des p\u00e9pites du grand \u00e9cran <strong>pour seulement 4\u20ac la s\u00e9ance<\/strong>, gr\u00e2ce au pass disponible dans le <strong>magazine T\u00e9l\u00e9rama des num\u00e9ros des 14 et\u00a021\u00a0janvier 2026<\/strong> ainsi que sur <strong>T\u00e9l\u00e9rama.fr<\/strong> et <strong>l\u2019application T\u00e9l\u00e9rama<\/strong>. Et bonne nouvelle, le pass est valable pour <strong>2 personnes<\/strong>, dans plus de <strong>500 cin\u00e9mas<\/strong> en France !<\/p>\n<p>\u00c0 Nantes, le Festival posera par exemple ses valises au\u00a0<strong>Katorza<\/strong>\u00a0et au\u00a0<strong>Concorde<\/strong>, mais aussi au\u00a0<strong>Lut\u00e9tia<\/strong>\u00a0\u00e0 St Herblain, \u00e0 <strong>Saint- Paul<\/strong> \u00e0 Rez\u00e9 ou encore au <strong>Gen\u2019eric<\/strong> \u00e0 H\u00e9ric !\u00a0Avec des supers films au programme comme Une Bataille Apr\u00e8s L\u2019autre, La Petite Derni\u00e8re, Valeur sentimentale, Black Dog, M\u00e9moires D\u2019un Escargot,\u2026<\/p>\n<p><strong>Avec tout \u00e7a, pr\u00e9pare-toi \u00e0 un marathon cin\u00e9matographique,<\/strong> et profite de cette belle occasion pour (re)voir les grands succ\u00e8s qui ont marqu\u00e9 l\u2019ann\u00e9e !<\/p>\n","protected":false},"excerpt":{"rendered":"On t\u2019a trouv\u00e9 LE bon plan en ce mois de janvier ! Pr\u00e9pare-toi \u00e0 vivre des instants de&hellip;\n","protected":false},"author":2,"featured_media":661748,"comment_status":"","ping_status":"","sticky":false,"template":"","format":"standard","meta":{"footnotes":""},"categories":[2818],"tags":[1111,11,1134,650,251,1777,674,1011,27,766,12,2636,25],"class_list":{"0":"post-661747","1":"post","2":"type-post","3":"status-publish","4":"format-standard","5":"has-post-thumbnail","7":"category-nantes","8":"tag-actu","9":"tag-actualites","10":"tag-bon-plan","11":"tag-cinema","12":"tag-culture","13":"tag-eu","14":"tag-europe","15":"tag-fr","16":"tag-france","17":"tag-nantes","18":"tag-news","19":"tag-pays-de-la-loire","20":"tag-republique-francaise"},"share_on_mastodon":{"url":"https:\/\/pubeurope.com\/@fr\/115890554476058654","error":""},"_links":{"self":[{"href":"https:\/\/www.europesays.com\/fr\/wp-json\/wp\/v2\/posts\/661747","targetHints":{"allow":["GET"]}}],"collection":[{"href":"https:\/\/www.europesays.com\/fr\/wp-json\/wp\/v2\/posts"}],"about":[{"href":"https:\/\/www.europesays.com\/fr\/wp-json\/wp\/v2\/types\/post"}],"author":[{"embeddable":true,"href":"https:\/\/www.europesays.com\/fr\/wp-json\/wp\/v2\/users\/2"}],"replies":[{"embeddable":true,"href":"https:\/\/www.europesays.com\/fr\/wp-json\/wp\/v2\/comments?post=661747"}],"version-history":[{"count":0,"href":"https:\/\/www.europesays.com\/fr\/wp-json\/wp\/v2\/posts\/661747\/revisions"}],"wp:featuredmedia":[{"embeddable":true,"href":"https:\/\/www.europesays.com\/fr\/wp-json\/wp\/v2\/media\/661748"}],"wp:attachment":[{"href":"https:\/\/www.europesays.com\/fr\/wp-json\/wp\/v2\/media?parent=661747"}],"wp:term":[{"taxonomy":"category","embeddable":true,"href":"https:\/\/www.europesays.com\/fr\/wp-json\/wp\/v2\/categories?post=661747"},{"taxonomy":"post_tag","embeddable":true,"href":"https:\/\/www.europesays.com\/fr\/wp-json\/wp\/v2\/tags?post=661747"}],"curies":[{"name":"wp","href":"https:\/\/api.w.org\/{rel}","templated":true}]}}