{"id":66175,"date":"2025-05-01T05:42:08","date_gmt":"2025-05-01T05:42:08","guid":{"rendered":"https:\/\/www.europesays.com\/fr\/66175\/"},"modified":"2025-05-01T05:42:08","modified_gmt":"2025-05-01T05:42:08","slug":"mercato-un-jeune-titi-quitte-le-psg-pour-manchester-city","status":"publish","type":"post","link":"https:\/\/www.europesays.com\/fr\/66175\/","title":{"rendered":"Mercato \u2013 Un jeune titi quitte le PSG pour Manchester City &#8211;"},"content":{"rendered":"<p><img width=\"700\" height=\"350\" src=\"https:\/\/www.europesays.com\/fr\/wp-content\/uploads\/2025\/05\/Sangare.jpg\" class=\"attachment-jannah-image-post size-jannah-image-post wp-post-image\" alt=\"Sangar\u00e9\" is_main_img=\"1\" decoding=\"async\" fetchpriority=\"high\"  \/><br \/>\n Image :<br \/>\nPSG.fr<\/p>\n<p>Le PSG poss\u00e8de l\u2019un des meilleurs centres de formation de<br \/>\nFrance. Il ne peut malheureusement pas garder tous ses joueurs.<br \/>\nC\u2019est le cas de Mahamadou Sangar\u00e9.<\/p>\n<p>Chaque saison, de nombreux titis tapent \u00e0 la porte de l\u2019\u00e9quipe<br \/>\npremi\u00e8re du <strong>PSG<\/strong>. Mais peu arrivent \u00e0 se faire une<br \/>\nplace dans l\u2019effectif de <strong>Luis Enrique<\/strong>, m\u00eame si<br \/>\ncertains s\u2019entra\u00eenent r\u00e9guli\u00e8rement avec les <a href=\"https:\/\/canal-supporters.com\/ibrahim-mbaye-plus-jeune-buteur-en-ligue-1-cette-saison\/\" title=\"\" rel=\"nofollow noopener\" target=\"_blank\">professionnels<\/a>. Plusieurs d\u2019entre eux d\u00e9cident de<br \/>\nquitter leur club formateur pour trouver du temps de jeu ailleurs.<br \/>\nCela va \u00eatre le cas de <strong>Mahamadou Sangar\u00e9<\/strong>.<\/p>\n<p>A voir aussi : <a href=\"https:\/\/canal-supporters.com\/axel-tape-ne-devrait-pas-signer-son-premier-contrat-professionnel-au-psg\/\" title=\"\" rel=\"nofollow noopener\" target=\"_blank\">Axel Tape ne devrait pas signer son premier contrat<br \/>\nprofessionnel au PSG<\/a><\/p>\n<p><a href=\"https:\/\/x.com\/CanalSupporters\" target=\"_blank\" rel=\"noopener nofollow\" title=\"\">canalsupporters.com<\/a><\/p>\n<p>Il quitte libre<br \/>\nle PSG<\/p>\n<p>Prometteur attaquant de l\u2019\u00e9quipe U19 du <strong>PSG<\/strong>,<br \/>\n<strong><a href=\"https:\/\/canal-supporters.com\/mahamadou-sangare-le-nouveau-titi-qui-monte-au-psg\/\" title=\"\" rel=\"nofollow noopener\" target=\"_blank\">Mahamadou Sangar\u00e9<\/a><\/strong> a brill\u00e9 cette saison en<br \/>\n<strong>Youth League<\/strong> ou bien encore en championnat de<br \/>\n<strong>France<\/strong>. Des performances qui ont convaincu le<br \/>\n<strong>PSG<\/strong>, qui lui a propos\u00e9 un premier contrat<br \/>\nprofessionnel. Mais ce dernier ne va pas poursuivre l\u2019aventure avec<br \/>\nle club de la capitale. En effet, selon les informations de<br \/>\n<strong><a href=\"https:\/\/x.com\/FabrizioRomano\/status\/1917627377531642278\" target=\"_blank\" rel=\"noopener nofollow\" title=\"\">Fabrizio Romano<\/a><\/strong>,<br \/>\n<strong>Manchester City<\/strong> a trouv\u00e9 un accord verbal avec le<br \/>\njoueur pour que ce dernier rejoigne l\u2019Academy du club anglais \u00e0<br \/>\nl\u2019issue de son contrat avec le <strong>PSG<\/strong>. La visite<br \/>\nm\u00e9dicale pr\u00e9alable \u00e0 sa signature doit avoir lieu dans les<br \/>\nprochains jours. Pist\u00e9 par de nombreux clubs, c\u2019est donc<br \/>\n<strong>Manchester City<\/strong> qui a remport\u00e9 la mise, conclut le<br \/>\njournaliste sp\u00e9cialiste du mercato.\u00a0<\/p><\/p>\n","protected":false},"excerpt":{"rendered":"Image : PSG.fr Le PSG poss\u00e8de l\u2019un des meilleurs centres de formation de France. Il ne peut malheureusement&hellip;\n","protected":false},"author":2,"featured_media":66176,"comment_status":"","ping_status":"","sticky":false,"template":"","format":"standard","meta":{"footnotes":""},"categories":[1410],"tags":[81,10006,787,63,1011,27,1963,16662,16663,1434,1435,626,91,92,93,16664,16665,60,1616,1617,1618,1619,3251,96],"class_list":{"0":"post-66175","1":"post","2":"type-post","3":"status-publish","4":"format-standard","5":"has-post-thumbnail","7":"category-football","8":"tag-canal-supporters","9":"tag-city","10":"tag-cs","11":"tag-football","12":"tag-fr","13":"tag-france","14":"tag-mahamadou-sangare","15":"tag-man-city","16":"tag-manchester-city","17":"tag-mercato","18":"tag-mercato-psg","19":"tag-paris","20":"tag-paris-saint-germain","21":"tag-paris-sg","22":"tag-psg","23":"tag-psg-u19","24":"tag-sangare","25":"tag-sports","26":"tag-titis","27":"tag-titis-du-psg","28":"tag-titis-parisiens","29":"tag-titis-psg","30":"tag-u19","31":"tag-une"},"share_on_mastodon":{"url":"https:\/\/pubeurope.com\/@fr\/114430983941070722","error":""},"_links":{"self":[{"href":"https:\/\/www.europesays.com\/fr\/wp-json\/wp\/v2\/posts\/66175","targetHints":{"allow":["GET"]}}],"collection":[{"href":"https:\/\/www.europesays.com\/fr\/wp-json\/wp\/v2\/posts"}],"about":[{"href":"https:\/\/www.europesays.com\/fr\/wp-json\/wp\/v2\/types\/post"}],"author":[{"embeddable":true,"href":"https:\/\/www.europesays.com\/fr\/wp-json\/wp\/v2\/users\/2"}],"replies":[{"embeddable":true,"href":"https:\/\/www.europesays.com\/fr\/wp-json\/wp\/v2\/comments?post=66175"}],"version-history":[{"count":0,"href":"https:\/\/www.europesays.com\/fr\/wp-json\/wp\/v2\/posts\/66175\/revisions"}],"wp:featuredmedia":[{"embeddable":true,"href":"https:\/\/www.europesays.com\/fr\/wp-json\/wp\/v2\/media\/66176"}],"wp:attachment":[{"href":"https:\/\/www.europesays.com\/fr\/wp-json\/wp\/v2\/media?parent=66175"}],"wp:term":[{"taxonomy":"category","embeddable":true,"href":"https:\/\/www.europesays.com\/fr\/wp-json\/wp\/v2\/categories?post=66175"},{"taxonomy":"post_tag","embeddable":true,"href":"https:\/\/www.europesays.com\/fr\/wp-json\/wp\/v2\/tags?post=66175"}],"curies":[{"name":"wp","href":"https:\/\/api.w.org\/{rel}","templated":true}]}}