{"id":661761,"date":"2026-01-14T00:18:14","date_gmt":"2026-01-14T00:18:14","guid":{"rendered":"https:\/\/www.europesays.com\/fr\/661761\/"},"modified":"2026-01-14T00:18:14","modified_gmt":"2026-01-14T00:18:14","slug":"coupe-de-france-sans-pitie-pour-bayeux-marseille-passe-en-8e","status":"publish","type":"post","link":"https:\/\/www.europesays.com\/fr\/661761\/","title":{"rendered":"Coupe de France: sans piti\u00e9 pour Bayeux, Marseille passe en 8e"},"content":{"rendered":"<p class=\"mb-4 text-lg md:leading-8 break-words\">Appliqu\u00e9 et sans fioritures, Marseille a logiquement \u00e9cras\u00e9 Bayeux (9-0), \u00e9quipe de 6e division, mardi en cl\u00f4ture des 16e de finale de la Coupe de France pour s&rsquo;offrir un 8e \u00e0 domicile contre Rennes, d\u00e9but f\u00e9vrier.<\/p>\n<p class=\"mb-4 text-lg md:leading-8 break-words\">La comp\u00e9tition semble d\u00e9sormais ouverte comme jamais avec l&rsquo;\u00e9limination du Paris SG lundi par le Paris FC (0-1).<\/p>\n<p class=\"mb-4 text-lg md:leading-8 break-words\">En attendant, comme au tour pr\u00e9c\u00e9dent face \u00e0 Bourg-Personnas (D3, 6-0), les hommes de Roberto de Zerbi ont fait preuve du plus grand s\u00e9rieux dans un Stade Michel-d&rsquo;Ornano de Caen \u00e0 guichets ferm\u00e9s et largement acquis \u00e0 la cause des bleu et jaune.<\/p>\n<p class=\"mb-4 text-lg md:leading-8 break-words\">Devant le millier de leurs supporters qui avait fait le d\u00e9placement avec une banderole en hommage \u00e0 leur ancien joueur et entra\u00eeneur Rolland Courbis &#8212; \u00ab\u00a0Repose en paix Rolland, ton passage marseillais restera \u00e0 jamais grav\u00e9\u00a0\u00bb &#8211;, l&rsquo;OM a rapidement \u00e9limin\u00e9 tout suspense.<\/p>\n<p class=\"mb-4 text-lg md:leading-8 break-words\">Apr\u00e8s deux coups de semonce d&rsquo;Amir Murillo (2e) et Emerson Palmieri (3e), une belle ouverture de Mason Greenwod a permis \u00e0 Murillo de trouver Angel Gomes en retrait pour l&rsquo;ouverture du score d\u00e8s la 13e minute.<\/p>\n<p class=\"mb-4 text-lg md:leading-8 break-words\">Six minutes plus tard, Hamed Traor\u00e9, \u00e0 l&rsquo;aff\u00fbt au point de p\u00e9nalty a profit\u00e9 d&rsquo;une sortie a\u00e9rienne un peu courte d&rsquo;Oscar Lecanu pour doubler la mise malgr\u00e9 deux d\u00e9fenseurs entre le but et lui (0-2, 19e).<\/p>\n<p class=\"mb-4 text-lg md:leading-8 break-words\">Jouant cr\u00e2nement leur chance, les Normands se sont ensuite faits punir apr\u00e8s un pressing \u00e0 6 dans les 20 m\u00e8tres marseillais, Greenwood \u00e9tant trouv\u00e9 sur la droite \u00e0 la conclusion d&rsquo;un contre \u00e9clair pour le 0-3 (26e).<\/p>\n<p class=\"mb-4 text-lg md:leading-8 break-words\">Gouiri, qui avait rat\u00e9 le 0-4 \u00e0 la 30e face au but, s&rsquo;est rattrap\u00e9 deux minutes plus tard sur une occasion pratiquement identique, offrant un large avantage de quatre buts au retour aux vestiaires.<\/p>\n<p class=\"mb-4 text-lg md:leading-8 break-words\">En seconde p\u00e9riode, Gouiri et Greenwood se sont fait des politesses, le premier servant le second \u00e0 quelques centim\u00e8tres du but pour le 0-5 (49e) avant que l&rsquo;Anglais ne lui rendre la pareille six minutes plus tard (0-6, 55e).<\/p>\n<p class=\"mb-4 text-lg md:leading-8 break-words\">Toujours pas rassasi\u00e9s, les Phoc\u00e9ens ont aggrav\u00e9 la marque par Conrad Egan-Riley (0-7, 80e), Neal Maupay (0-8, 86e) et Greenwood, pour son tripl\u00e9 (0-9, 90e).<\/p>\n<p class=\"mb-4 text-lg md:leading-8 break-words\">hap\/cpb\/<\/p>\n","protected":false},"excerpt":{"rendered":"Appliqu\u00e9 et sans fioritures, Marseille a logiquement \u00e9cras\u00e9 Bayeux (9-0), \u00e9quipe de 6e division, mardi en cl\u00f4ture des&hellip;\n","protected":false},"author":2,"featured_media":661762,"comment_status":"","ping_status":"","sticky":false,"template":"","format":"standard","meta":{"footnotes":""},"categories":[2814],"tags":[1111,11,23665,76267,76303,1777,674,17996,1011,27,20171,4016,884,45868,12,445,882,584,25,968,54443,44160],"class_list":{"0":"post-661761","1":"post","2":"type-post","3":"status-publish","4":"format-standard","5":"has-post-thumbnail","7":"category-marseille","8":"tag-actu","9":"tag-actualites","10":"tag-angel-gomes","11":"tag-bayeux","12":"tag-emerson-palmieri","13":"tag-eu","14":"tag-europe","15":"tag-finale-de-la-coupe-de-france","16":"tag-fr","17":"tag-france","18":"tag-gouiri","19":"tag-greenwood","20":"tag-marseille","21":"tag-neal-maupay","22":"tag-news","23":"tag-paris-fc","24":"tag-provence-alpes-cote-dazur","25":"tag-rennes","26":"tag-republique-francaise","27":"tag-roberto-de-zerbi","28":"tag-rolland-courbis","29":"tag-timothy-weah"},"share_on_mastodon":{"url":"https:\/\/pubeurope.com\/@fr\/115890585928642902","error":""},"_links":{"self":[{"href":"https:\/\/www.europesays.com\/fr\/wp-json\/wp\/v2\/posts\/661761","targetHints":{"allow":["GET"]}}],"collection":[{"href":"https:\/\/www.europesays.com\/fr\/wp-json\/wp\/v2\/posts"}],"about":[{"href":"https:\/\/www.europesays.com\/fr\/wp-json\/wp\/v2\/types\/post"}],"author":[{"embeddable":true,"href":"https:\/\/www.europesays.com\/fr\/wp-json\/wp\/v2\/users\/2"}],"replies":[{"embeddable":true,"href":"https:\/\/www.europesays.com\/fr\/wp-json\/wp\/v2\/comments?post=661761"}],"version-history":[{"count":0,"href":"https:\/\/www.europesays.com\/fr\/wp-json\/wp\/v2\/posts\/661761\/revisions"}],"wp:featuredmedia":[{"embeddable":true,"href":"https:\/\/www.europesays.com\/fr\/wp-json\/wp\/v2\/media\/661762"}],"wp:attachment":[{"href":"https:\/\/www.europesays.com\/fr\/wp-json\/wp\/v2\/media?parent=661761"}],"wp:term":[{"taxonomy":"category","embeddable":true,"href":"https:\/\/www.europesays.com\/fr\/wp-json\/wp\/v2\/categories?post=661761"},{"taxonomy":"post_tag","embeddable":true,"href":"https:\/\/www.europesays.com\/fr\/wp-json\/wp\/v2\/tags?post=661761"}],"curies":[{"name":"wp","href":"https:\/\/api.w.org\/{rel}","templated":true}]}}