{"id":661769,"date":"2026-01-14T00:23:15","date_gmt":"2026-01-14T00:23:15","guid":{"rendered":"https:\/\/www.europesays.com\/fr\/661769\/"},"modified":"2026-01-14T00:23:15","modified_gmt":"2026-01-14T00:23:15","slug":"mohamed-ouadah-rejoint-la-capitale-off","status":"publish","type":"post","link":"https:\/\/www.europesays.com\/fr\/661769\/","title":{"rendered":"Mohamed Ouadah rejoint la capitale (off)"},"content":{"rendered":"<p>Un renfort de poids pour la course au maintien. Ce mardi 13 janvier, le Paris 13 Atletico a effectivement annonc\u00e9 l\u2019arriv\u00e9e de Mohamed Ouadah. Le milieu de terrain offensif \u00e9tait mis \u00e0 l\u2019essai depuis pr\u00e8s de deux semaines par le club de la capitale. Libre depuis l\u2019\u00e9t\u00e9 dernier apr\u00e8s la fin de son contrat au FC Rouen, le joueur de 31 ans a connu la Ligue 2 \u00e0 29 reprises (3 passes d\u00e9cisives) au-del\u00e0 du National (13 buts et 6 passes d\u00e9cisives en 68 matchs). Les Gobelins sont actuellement onzi\u00e8mes de National, \u00e0 l\u2019aube de la 17e journ\u00e9e.\u00a0<\/p>\n<p>Le communiqu\u00e9 du PA13<\/p>\n<blockquote class=\"instagram-media\" style=\"background: #FFF;border: 0;border-radius: 3px;margin: 1px;max-width: 540px;min-width: 326px;padding: 0;width: calc(100% - 2px)\" data-instgrm-captioned=\"\" data-instgrm-permalink=\"https:\/\/www.instagram.com\/p\/DTc0NvnCEcQ\/?utm_source=ig_embed&amp;utm_campaign=loading\" data-instgrm-version=\"14\"\/><p>Partagez cette info avec vos amis et vos proches en cliquant ici<br \/>Pour r\u00e9sumer<\/p>\n<p>Un renfort de poids pour la course au maintien. Ce mardi 13 janvier, le Paris 13 Atletico a effectivement annonc\u00e9 l\u2019arriv\u00e9e de Mohamed Ouadah. Le milieu de terrain offensif \u00e9tait mis \u00e0 l\u2019essai depuis pr\u00e8s de deux semaines par le club de la capitale.<\/p>\n<p> <img decoding=\"async\" width=\"76\" height=\"76\" loading=\"lazy\" src=\"https:\/\/static.wui.fr\/images_v3\/avatar-footnational.png\" alt=\"Youcef Ghalaza-Boudra\"\/><script async src=\"\/\/www.instagram.com\/embed.js\"><\/script><\/p>\n","protected":false},"excerpt":{"rendered":"Un renfort de poids pour la course au maintien. Ce mardi 13 janvier, le Paris 13 Atletico a&hellip;\n","protected":false},"author":2,"featured_media":661770,"comment_status":"","ping_status":"","sticky":false,"template":"","format":"standard","meta":{"footnotes":""},"categories":[1888],"tags":[1111,1928,11,1927,1777,674,1011,27,59645,61695,12,1926,626,1925,25],"class_list":{"0":"post-661769","1":"post","2":"type-post","3":"status-publish","4":"format-standard","5":"has-post-thumbnail","7":"category-paris","8":"tag-actu","9":"tag-actu-paris","10":"tag-actualites","11":"tag-actualites-paris","12":"tag-eu","13":"tag-europe","14":"tag-fr","15":"tag-france","16":"tag-national-actus","17":"tag-national-mercato","18":"tag-news","19":"tag-news-paris","20":"tag-paris","21":"tag-paris-news","22":"tag-republique-francaise"},"share_on_mastodon":{"url":"https:\/\/pubeurope.com\/@fr\/115890605685949494","error":""},"_links":{"self":[{"href":"https:\/\/www.europesays.com\/fr\/wp-json\/wp\/v2\/posts\/661769","targetHints":{"allow":["GET"]}}],"collection":[{"href":"https:\/\/www.europesays.com\/fr\/wp-json\/wp\/v2\/posts"}],"about":[{"href":"https:\/\/www.europesays.com\/fr\/wp-json\/wp\/v2\/types\/post"}],"author":[{"embeddable":true,"href":"https:\/\/www.europesays.com\/fr\/wp-json\/wp\/v2\/users\/2"}],"replies":[{"embeddable":true,"href":"https:\/\/www.europesays.com\/fr\/wp-json\/wp\/v2\/comments?post=661769"}],"version-history":[{"count":0,"href":"https:\/\/www.europesays.com\/fr\/wp-json\/wp\/v2\/posts\/661769\/revisions"}],"wp:featuredmedia":[{"embeddable":true,"href":"https:\/\/www.europesays.com\/fr\/wp-json\/wp\/v2\/media\/661770"}],"wp:attachment":[{"href":"https:\/\/www.europesays.com\/fr\/wp-json\/wp\/v2\/media?parent=661769"}],"wp:term":[{"taxonomy":"category","embeddable":true,"href":"https:\/\/www.europesays.com\/fr\/wp-json\/wp\/v2\/categories?post=661769"},{"taxonomy":"post_tag","embeddable":true,"href":"https:\/\/www.europesays.com\/fr\/wp-json\/wp\/v2\/tags?post=661769"}],"curies":[{"name":"wp","href":"https:\/\/api.w.org\/{rel}","templated":true}]}}