{"id":661781,"date":"2026-01-14T00:29:13","date_gmt":"2026-01-14T00:29:13","guid":{"rendered":"https:\/\/www.europesays.com\/fr\/661781\/"},"modified":"2026-01-14T00:29:13","modified_gmt":"2026-01-14T00:29:13","slug":"eolien-aux-etats-unis-un-tribunal-federal-autorise-la-reprise-de-la-construction-de-revolution-wind","status":"publish","type":"post","link":"https:\/\/www.europesays.com\/fr\/661781\/","title":{"rendered":"\u00c9olien\u00a0aux \u00c9tats-Unis : un tribunal f\u00e9d\u00e9ral autorise la reprise de la construction de Revolution Wind"},"content":{"rendered":"<p>\u00c0 nouveau, la justice \u00e9tats-unienne a tranch\u00e9 en la d\u00e9faveur de l\u2019administration Trump. Un juge f\u00e9d\u00e9ral de Washington a autoris\u00e9 la reprise de la construction du parc \u00e9olien Revolution Wind (704 MW), port\u00e9 par une coentreprise du danois \u00d8rsted et de l\u2019allemand Skyborn Renewables, et d\u00e9j\u00e0 r\u00e9alis\u00e9 \u00e0 87%, dans le cadre d\u2019une nouvelle \u00ab\u00a0injonction pr\u00e9liminaire\u00a0\u00bb. Une mesure d\u2019urgence devant pr\u00e9venir un dommage grave ou irr\u00e9parable, apr\u00e8s une plainte d\u00e9pos\u00e9e le 1er janvier par \u00d8rsted. Fin d\u00e9cembre, l\u2019administration Trump avait ordonn\u00e9 <a href=\"https:\/\/www.meretmarine.com\/fr\/energies-marines\/eolien-trump-suspend-cinq-grands-projets-etats-uniens-en-construction\" target=\"_blank\" rel=\"noopener\">l\u2019arr\u00eat de la construction de cinq projets \u00e9oliens<\/a>, sur la c\u00f4te Est, d\u2019une capacit\u00e9 totale de 5.8 GW, arguant de \u00ab\u00a0nouveaux risques pour la s\u00e9curit\u00e9 nationale\u00a0\u00bb.<\/p>\n<p>C\u2019est la deuxi\u00e8me fois que la justice donne raison aux porteurs du projet, dont toutes les fondations, les c\u00e2bles d\u2019export et les deux sous-stations sont install\u00e9es, ainsi que 58 des 65 turbines. La Cour f\u00e9d\u00e9rale du district de Columbia<a href=\"https:\/\/www.meretmarine.com\/fr\/energies-marines\/orsted-un-tribunal-autorise-la-reprise-des-travaux-de-construction-de-revolution-wind\" target=\"_blank\" rel=\"noopener\"> avait autoris\u00e9<\/a> la reprise de la construction du parc en septembre dernier, dans le cadre d\u2019une premi\u00e8re \u00ab\u00a0injonction pr\u00e9liminaire\u00a0\u00bb, apr\u00e8s un mois d\u2019interruption sur ordre de l\u2019administration Trump.<\/p>\n<p>\u00a0<\/p>\n<p>      Le Sleipnir installant les fondations gravitaires du parc \u00e9olien de F\u00e9camp.<\/p>\n<p>\u00a0<\/p>\n<p>Par ailleurs, l\u2019\u00e9nerg\u00e9ticien norv\u00e9gien Equinor, qui porte le parc \u00e9olien Empire Wind 1 (816 MW), a averti, il y a quelques jours, qu\u2019il \u00e9tait sur le point d\u2019abandonner son projet actuellement suspendu. Des repr\u00e9sentants du groupe, qui a \u00e9galement d\u00e9pos\u00e9 un recours aupr\u00e8s de la justice am\u00e9ricaine, ont d\u00e9clar\u00e9 devant un tribunal que si les travaux ne reprenaient pas d\u2019ici le 16 janvier, la construction subirait des r\u00e9percussions en cascade le contraignant \u00e0 annuler ce projet \u00e0 plusieurs milliards d\u2019euros. Le navire-grue g\u00e9ant Sleipnir d\u2019Heerema, arriv\u00e9 \u00e0 New-York le 12 janvier, depuis Rotterdam, avec une fondation jacket de sous-station, devait l\u2019installer avant le 26 janvier, mais l\u2019op\u00e9ration est compromise par l\u2019ordre de l\u2019administration Trump. Or, pour pr\u00e9server l\u2019int\u00e9grit\u00e9 de ses \u00e9quipements \u00e9lectriques, le jacket ne peut \u00eatre conserv\u00e9 trop longtemps \u00e0 bord et doit \u00eatre transf\u00e9r\u00e9 \u00e0 terre, s\u2019il ne peut \u00eatre install\u00e9 en mer. Mais Equinor a fait valoir qu\u2019il n\u2019avait connaissance d\u2019aucune installation terrestre pouvant accueillir la volumineuse structure de 3000 tonnes.<\/p>\n<p><strong>\u00a9 Un article de la r\u00e9daction de Mer et Marine.\u00a0Reproduction interdite sans consentement du ou des auteurs.<\/strong>\u00a0<\/p>\n<p>\u00a0<\/p>\n","protected":false},"excerpt":{"rendered":"\u00c0 nouveau, la justice \u00e9tats-unienne a tranch\u00e9 en la d\u00e9faveur de l\u2019administration Trump. Un juge f\u00e9d\u00e9ral de Washington&hellip;\n","protected":false},"author":2,"featured_media":661782,"comment_status":"","ping_status":"","sticky":false,"template":"","format":"standard","meta":{"footnotes":""},"categories":[1589],"tags":[11,6130,6141,6131,6138,2380,6135,554,73,1866,6136,6139,6134,3135,6128,567,6129,6127,12,6132,4838,6133,6140,6137,1864,1865,1863,308],"class_list":{"0":"post-661781","1":"post","2":"type-post","3":"status-publish","4":"format-standard","5":"has-post-thumbnail","7":"category-etats-unis","8":"tag-actualites","9":"tag-chantiers","10":"tag-commando","11":"tag-construction-navale","12":"tag-costa","13":"tag-croisiere","14":"tag-dcns","15":"tag-defense","16":"tag-etats-unis","17":"tag-etats-unis-damerique","18":"tag-euronaval","19":"tag-fremm","20":"tag-interviews","21":"tag-littoral","22":"tag-marine","23":"tag-marine-nationale","24":"tag-maritime","25":"tag-mer","26":"tag-news","27":"tag-offshore","28":"tag-peche","29":"tag-reportages","30":"tag-sncm","31":"tag-stx","32":"tag-united-states","33":"tag-united-states-of-america","34":"tag-us","35":"tag-usa"},"share_on_mastodon":{"url":"https:\/\/pubeurope.com\/@fr\/115890629188447168","error":""},"_links":{"self":[{"href":"https:\/\/www.europesays.com\/fr\/wp-json\/wp\/v2\/posts\/661781","targetHints":{"allow":["GET"]}}],"collection":[{"href":"https:\/\/www.europesays.com\/fr\/wp-json\/wp\/v2\/posts"}],"about":[{"href":"https:\/\/www.europesays.com\/fr\/wp-json\/wp\/v2\/types\/post"}],"author":[{"embeddable":true,"href":"https:\/\/www.europesays.com\/fr\/wp-json\/wp\/v2\/users\/2"}],"replies":[{"embeddable":true,"href":"https:\/\/www.europesays.com\/fr\/wp-json\/wp\/v2\/comments?post=661781"}],"version-history":[{"count":0,"href":"https:\/\/www.europesays.com\/fr\/wp-json\/wp\/v2\/posts\/661781\/revisions"}],"wp:featuredmedia":[{"embeddable":true,"href":"https:\/\/www.europesays.com\/fr\/wp-json\/wp\/v2\/media\/661782"}],"wp:attachment":[{"href":"https:\/\/www.europesays.com\/fr\/wp-json\/wp\/v2\/media?parent=661781"}],"wp:term":[{"taxonomy":"category","embeddable":true,"href":"https:\/\/www.europesays.com\/fr\/wp-json\/wp\/v2\/categories?post=661781"},{"taxonomy":"post_tag","embeddable":true,"href":"https:\/\/www.europesays.com\/fr\/wp-json\/wp\/v2\/tags?post=661781"}],"curies":[{"name":"wp","href":"https:\/\/api.w.org\/{rel}","templated":true}]}}