{"id":661786,"date":"2026-01-14T00:32:30","date_gmt":"2026-01-14T00:32:30","guid":{"rendered":"https:\/\/www.europesays.com\/fr\/661786\/"},"modified":"2026-01-14T00:32:30","modified_gmt":"2026-01-14T00:32:30","slug":"ngolo-kante-proche-dun-retour-en-europe-a-quelques-mois-de-la-coupe-du-monde-2026","status":"publish","type":"post","link":"https:\/\/www.europesays.com\/fr\/661786\/","title":{"rendered":"N&rsquo;Golo Kant\u00e9 proche d&rsquo;un retour en Europe \u00e0 quelques mois de la Coupe du monde 2026"},"content":{"rendered":"<p class=\"tagStyle_z4kqwb-o_O-style_1tcxgp3-o_O-style_1pinbx1-o_O-style_48hmcm\" data-mm-id=\"_vs6k3mrn1\"><strong>Et si N&rsquo;Golo Kant\u00e9 regagnait l&rsquo;Europe en janvier, \u00e0 six mois de la Coupe du Monde 2026 ? L&rsquo;id\u00e9e d&rsquo;un retour s\u00e9duirait l&rsquo;international fran\u00e7ais, qui serait cibl\u00e9 par un club turc.<\/strong><\/p>\n<p class=\"tagStyle_z4kqwb-o_O-style_1tcxgp3-o_O-style_1pinbx1-o_O-style_48hmcm\" data-mm-id=\"_54pfs84dy\">Depuis son arriv\u00e9e \u00e0 Al-Ittihad en 2023, N\u2019Golo Kant\u00e9 a fait le choix assum\u00e9 de poursuivre sa carri\u00e8re loin de l\u2019Europe. En Arabie saoudite, le milieu de terrain fran\u00e7ais n\u2019a rien perdu de sa rigueur ni de son professionnalisme, encha\u00eenant les rencontres et conservant un r\u00f4le central dans l\u2019entrejeu de son \u00e9quipe. Si bien qu&rsquo;en novembre dernier, le champion du monde 2018 faisait son retour en \u00e9quipe de France. A l\u2019approche de la <a class=\"tagStyle_z4kqwb-o_O-style_10eod42\" href=\"https:\/\/www.90min.com\/fr\/coupe-du-monde\" target=\"_blank\" rel=\"noopener\">Coupe du monde 2026<\/a>, la question de son avenir sportif se pose donc avec acuit\u00e9.<\/p>\n<p class=\"tagStyle_z4kqwb-o_O-style_1tcxgp3-o_O-style_1pinbx1-o_O-style_48hmcm\" data-mm-id=\"_oqwo5aulm\">Dans cette optique, un retour en Europe n\u2019est plus \u00e0 exclure. Selon les informations de FootMercato, N\u2019Golo Kant\u00e9 se montrerait attentif \u00e0 <a class=\"tagStyle_z4kqwb-o_O-style_10eod42\" href=\"https:\/\/www.90min.com\/fr\/categories\/transfer\" target=\"_blank\" rel=\"noopener\">l\u2019int\u00e9r\u00eat <\/a>de Fenerbah\u00e7e. Des <a class=\"tagStyle_z4kqwb-o_O-style_10eod42\" href=\"https:\/\/www.90min.com\/fr\/categories\/transfer\" target=\"_blank\" rel=\"noopener\">\u00e9changes <\/a>ont d\u00e9j\u00e0 eu lieu et le club turc lui a soumis une proposition de contrat de deux ans et demi. L\u2019ancien Caennais verrait d\u2019un bon \u0153il l\u2019id\u00e9e de retrouver un championnat europ\u00e9en, au sein d\u2019un projet ambitieux.<\/p>\n<p class=\"tagStyle_z4kqwb-o_O-style_1tcxgp3-o_O-style_1pinbx1-o_O-style_48hmcm\" data-mm-id=\"_4xvxdmvgl\">\u00c0 l\u2019horizon 2026, Kant\u00e9 sait que chaque d\u00e9tail comptera. Revenir dans un environnement plus expos\u00e9 pourrait renforcer sa candidature pour le Mondial, malgr\u00e9 une concurrence relev\u00e9e. \u00c0 bient\u00f4t 35 ans, son exp\u00e9rience et son profil restent des arguments solides pour Didier Deschamps. Rappelons que l&rsquo;\u00e9t\u00e9 dernier, des discussions avec le <a class=\"tagStyle_z4kqwb-o_O-style_10eod42\" href=\"https:\/\/www.90min.com\/fr\/teams\/paris-fc\" target=\"_blank\" rel=\"noopener\">Paris FC<\/a> avaient d\u00e9marr\u00e9, comme l&rsquo;a confirm\u00e9 Antoine Arnault \u00e0 L&rsquo;Equipe. Une rumeur d\u00e9sormais enterr\u00e9e, pour laisser place \u00e0 celle de la Turquie.<\/p>\n<p>RETROUVEZ LES DERNI\u00c8RES ACTUS LES PLUS CHAUDES ET RUMEURS DE TRANSFERTS<\/p>\n","protected":false},"excerpt":{"rendered":"Et si N&rsquo;Golo Kant\u00e9 regagnait l&rsquo;Europe en janvier, \u00e0 six mois de la Coupe du Monde 2026 ?&hellip;\n","protected":false},"author":2,"featured_media":661787,"comment_status":"","ping_status":"","sticky":false,"template":"","format":"standard","meta":{"footnotes":""},"categories":[1586],"tags":[11,1777,674,1011,27,12,25],"class_list":{"0":"post-661786","1":"post","2":"type-post","3":"status-publish","4":"format-standard","5":"has-post-thumbnail","7":"category-europe","8":"tag-actualites","9":"tag-eu","10":"tag-europe","11":"tag-fr","12":"tag-france","13":"tag-news","14":"tag-republique-francaise"},"share_on_mastodon":{"url":"https:\/\/pubeurope.com\/@fr\/115890640946079475","error":""},"_links":{"self":[{"href":"https:\/\/www.europesays.com\/fr\/wp-json\/wp\/v2\/posts\/661786","targetHints":{"allow":["GET"]}}],"collection":[{"href":"https:\/\/www.europesays.com\/fr\/wp-json\/wp\/v2\/posts"}],"about":[{"href":"https:\/\/www.europesays.com\/fr\/wp-json\/wp\/v2\/types\/post"}],"author":[{"embeddable":true,"href":"https:\/\/www.europesays.com\/fr\/wp-json\/wp\/v2\/users\/2"}],"replies":[{"embeddable":true,"href":"https:\/\/www.europesays.com\/fr\/wp-json\/wp\/v2\/comments?post=661786"}],"version-history":[{"count":0,"href":"https:\/\/www.europesays.com\/fr\/wp-json\/wp\/v2\/posts\/661786\/revisions"}],"wp:featuredmedia":[{"embeddable":true,"href":"https:\/\/www.europesays.com\/fr\/wp-json\/wp\/v2\/media\/661787"}],"wp:attachment":[{"href":"https:\/\/www.europesays.com\/fr\/wp-json\/wp\/v2\/media?parent=661786"}],"wp:term":[{"taxonomy":"category","embeddable":true,"href":"https:\/\/www.europesays.com\/fr\/wp-json\/wp\/v2\/categories?post=661786"},{"taxonomy":"post_tag","embeddable":true,"href":"https:\/\/www.europesays.com\/fr\/wp-json\/wp\/v2\/tags?post=661786"}],"curies":[{"name":"wp","href":"https:\/\/api.w.org\/{rel}","templated":true}]}}