{"id":661788,"date":"2026-01-14T00:33:27","date_gmt":"2026-01-14T00:33:27","guid":{"rendered":"https:\/\/www.europesays.com\/fr\/661788\/"},"modified":"2026-01-14T00:33:27","modified_gmt":"2026-01-14T00:33:27","slug":"mes-seins-sont-des-sorteuses-maripier-morin-a-eu-un-probleme-de-bikini-lors-de-ses-dernieres-vacances","status":"publish","type":"post","link":"https:\/\/www.europesays.com\/fr\/661788\/","title":{"rendered":"\u00abMes seins sont des \u201csorteuses\u201d\u00bb: Maripier Morin a eu un probl\u00e8me de bikini lors de ses derni\u00e8res vacances"},"content":{"rendered":"<p><strong>Mesdames (et messieurs, on sait jamais), Maripier Morin a un conseil pour vous lorsque vous ach\u00e8terez votre prochain bikini: faites de grands mouvements en l\u2019essayant.<br \/><\/strong><br \/>Pendant l\u2019\u00e9mission de lundi des Filles du lunch sur les ondes de Rythme FM, l\u2019animatrice de 39 ans a confi\u00e9 \u00e0 sa partenaire Isabelle Racicot (qui rempla\u00e7ait S\u00e9bastien Benoit, qui lui-m\u00eame remplace Marie-\u00c8ve Janvier) qu\u2019elle avait v\u00e9cu une exp\u00e9rience de type \u00abseins espi\u00e8gles\u00bb lors de son plus r\u00e9cent s\u00e9jour \u00e0 l\u2019\u00e9tranger.<\/p>\n<p class=\"toreadalso-fromEMP\"><strong>\u2022 \u00c0 lire aussi: <\/strong><a href=\"https:\/\/www.lesacdechips.com\/2026\/01\/09\/maripier-morin-profite-des-rayons-de-soleil-de-la-republique-dominicaine-en-bikini\" target=\"0caa1216-bf2c-4482-a0fe-958d929ec196\" rel=\"noopener\"><strong>Maripier Morin profite des rayons de soleil de la R\u00e9publique dominicaine en bikini<\/strong><\/a><\/p>\n<p>Mettant en garde les auditrices sur les dangers des triangles de bikinis qui se baladent, Maripier Morin a expliqu\u00e9 que: \u00ab\u00c7a se peut que \u00e7a se prom\u00e8ne, \u00e7a se peut que \u00e7a bouge. J\u2019ai d\u00e9couvert que mes seins \u00e9taient des \u201csorteuses\u201d.\u00bb<\/p>\n<p>Elle a ensuite donn\u00e9 l\u2019exemple d\u2019un maillot qu\u2019elle s\u2019est r\u00e9cemment procur\u00e9. (On ne peut pas vous confirmer ou non <a href=\"https:\/\/www.lesacdechips.com\/2026\/01\/09\/maripier-morin-profite-des-rayons-de-soleil-de-la-republique-dominicaine-en-bikini\" target=\"_blank\" rel=\"noopener\">s\u2019il s\u2019agit de celui-ci<\/a>.)<\/p>\n<p><a href=\"https:\/\/www.youtube.com\/playlist?list=PL_XlDAMOYaWOyx1VifUcH_8iKMtO77L57\" target=\"_blank\" rel=\"noopener\"><br \/>\n    <img decoding=\"async\" src=\"https:\/\/www.europesays.com\/fr\/wp-content\/uploads\/2025\/09\/c337162e-0df1-4228-86f1-dd22d05ad18b_bloc_cliquables2.gif\" class=\"logoJe\"\/><br \/>\n<\/a><\/p>\n<p>\u00abJ\u2019ai d\u00e9couvert que la forme du maillot que j\u2019avais achet\u00e9 en grande quantit\u00e9, comme un peu en triangle, c\u2019est pas la bonne forme pour moi\u00bb, a r\u00e9v\u00e9l\u00e9 l\u2019ancienne participante \u00e0 Occupation double.<\/p>\n<p>Cette m\u00e9saventure qui s\u2019est sold\u00e9e par l\u2019intervention \u00abavec des couteaux dans les yeux\u00bb de la conjointe d\u2019un New Yorkais rencontr\u00e9 sur la plage (alors qu\u2019elle avait \u00abune boule de sortie\u00bb) est, pour la principale int\u00e9ress\u00e9e, la raison pour laquelle il est pr\u00e9f\u00e9rable de faire des grands mouvements dans la cabine d\u2019essayage.<\/p>\n<p class=\"toreadalso-fromEMP\"><strong>\u2022 \u00c0 lire aussi: <\/strong><a href=\"https:\/\/www.lesacdechips.com\/2025\/11\/16\/sebastien-benoit-raconte-avoir-stalke-la-medecin-cute-qui-allait-lui-faire-un-test-de-prostate\" target=\"1e1c046d-1d76-4633-b3f7-c8ca258ff6d6\" rel=\"noopener\"><strong>S\u00e9bastien Beno\u00eet raconte avoir stalk\u00e9 la m\u00e9decin cute qui allait lui faire un test de prostate<\/strong><\/a><\/p>\n<p>Il s&rsquo;agit en effet de s\u2019assurer que vos mamelons, aussi espi\u00e8gles puissent-ils \u00eatre, restent bien prisonniers de leur prison de tissu synth\u00e9tique.<\/p>\n<p>Vous voil\u00e0 avis\u00e9s.<\/p>\n<p>Sondage<\/p>\n<p>Avez-vous les mamelons espi\u00e8gles?<\/p>\n<p><img decoding=\"async\" src=\"\"\/><\/p>\n<p>C&rsquo;EST PAS DE VOS AFFAIRES!!!!<\/p>\n<p><img decoding=\"async\" src=\"\"\/><\/p>\n<p>Oui, je vis avec cet enjeu.<\/p>\n<p><img decoding=\"async\" src=\"\"\/><\/p>\n<p>Oui, mais cela ne m&rsquo;importe gu\u00e8re.<\/p>\n<p><img decoding=\"async\" src=\"\"\/><\/p>\n<p>Non, car j&rsquo;ai lib\u00e9r\u00e9 mes mamelons de leur joug vestimentaire <\/p>\n<p><img decoding=\"async\" alt=\"\" src=\"https:\/\/theme.journaldemontreal.com\/assets\/bc5e6e4\/images\/icon\/social-media\/icon-fb-simple.svg\"\/><\/p>\n<p>Partagez votre r\u00e9sultat sur Facebook<\/p>\n","protected":false},"excerpt":{"rendered":"Mesdames (et messieurs, on sait jamais), Maripier Morin a un conseil pour vous lorsque vous ach\u00e8terez votre prochain&hellip;\n","protected":false},"author":2,"featured_media":661789,"comment_status":"","ping_status":"","sticky":false,"template":"","format":"standard","meta":{"footnotes":""},"categories":[1586],"tags":[11,1777,674,1779,1011,27,12,25,1778,364],"class_list":{"0":"post-661788","1":"post","2":"type-post","3":"status-publish","4":"format-standard","5":"has-post-thumbnail","7":"category-europe","8":"tag-actualites","9":"tag-eu","10":"tag-europe","11":"tag-european-union","12":"tag-fr","13":"tag-france","14":"tag-news","15":"tag-republique-francaise","16":"tag-ue","17":"tag-union-europeenne"},"share_on_mastodon":{"url":"https:\/\/pubeurope.com\/@fr\/115890644943974992","error":""},"_links":{"self":[{"href":"https:\/\/www.europesays.com\/fr\/wp-json\/wp\/v2\/posts\/661788","targetHints":{"allow":["GET"]}}],"collection":[{"href":"https:\/\/www.europesays.com\/fr\/wp-json\/wp\/v2\/posts"}],"about":[{"href":"https:\/\/www.europesays.com\/fr\/wp-json\/wp\/v2\/types\/post"}],"author":[{"embeddable":true,"href":"https:\/\/www.europesays.com\/fr\/wp-json\/wp\/v2\/users\/2"}],"replies":[{"embeddable":true,"href":"https:\/\/www.europesays.com\/fr\/wp-json\/wp\/v2\/comments?post=661788"}],"version-history":[{"count":0,"href":"https:\/\/www.europesays.com\/fr\/wp-json\/wp\/v2\/posts\/661788\/revisions"}],"wp:featuredmedia":[{"embeddable":true,"href":"https:\/\/www.europesays.com\/fr\/wp-json\/wp\/v2\/media\/661789"}],"wp:attachment":[{"href":"https:\/\/www.europesays.com\/fr\/wp-json\/wp\/v2\/media?parent=661788"}],"wp:term":[{"taxonomy":"category","embeddable":true,"href":"https:\/\/www.europesays.com\/fr\/wp-json\/wp\/v2\/categories?post=661788"},{"taxonomy":"post_tag","embeddable":true,"href":"https:\/\/www.europesays.com\/fr\/wp-json\/wp\/v2\/tags?post=661788"}],"curies":[{"name":"wp","href":"https:\/\/api.w.org\/{rel}","templated":true}]}}