{"id":661790,"date":"2026-01-14T00:34:24","date_gmt":"2026-01-14T00:34:24","guid":{"rendered":"https:\/\/www.europesays.com\/fr\/661790\/"},"modified":"2026-01-14T00:34:24","modified_gmt":"2026-01-14T00:34:24","slug":"cest-dommage-parce-que-la-dnc-est-contenue-et-maitrisee-reagit-la-ministre-de-lagriculture","status":"publish","type":"post","link":"https:\/\/www.europesays.com\/fr\/661790\/","title":{"rendered":"\u00ab\u00a0C&rsquo;est dommage\u00a0\u00bb parce que la DNC est \u00ab\u00a0contenue et ma\u00eetris\u00e9e\u00a0\u00bb, r\u00e9agit la ministre de l&rsquo;Agriculture"},"content":{"rendered":"\n<p class=\"c-chapo \">\n  Les organisateurs du Salon de l&rsquo;agriculture ont annonc\u00e9, mardi, qu&rsquo;il n&rsquo;y aurait pas de bovin cette ann\u00e9e pour la premi\u00e8re fois de l&rsquo;histoire de l&rsquo;\u00e9v\u00e9nement.\n<\/p>\n<p>      lire plus tard<\/p>\n<p id=\"dialog__title\" class=\"dialog__title\">Pour sauvegarder cet article, connectez-vous ou cr\u00e9ez un compte franceinfo<\/p>\n<p class=\"dialog__description\">Sans paiement. Sans abonnement.<\/p>\n<p>        Fermer la fen\u00eatre d\u2019activation des notifications France Info<\/p>\n<p>      cr\u00e9er votre compte<\/p>\n<p>      se connecter<\/p>\n<p>      :<\/p>\n<p>        Fermer la fen\u00eatre de pr\u00e9sentation<\/p>\n<p>    <img loading=\"lazy\" decoding=\"async\" class=\"signature__image lazyload\" width=\"100\" height=\"100\" data- alt=\"\" src=\"https:\/\/www.europesays.com\/fr\/wp-content\/uploads\/2025\/05\/64a7df4c5fe71_placeholder-36b69ec8.png\"\/><\/p>\n<p>    Publi\u00e9 le 13\/01\/2026 19:25<\/p>\n<p>      Mis \u00e0 jour le 13\/01\/2026 19:45<\/p>\n<p>        Temps de lecture : 1min<\/p>\n<p>    <img decoding=\"async\"  alt=\"La ministre de l'Agriculture, Annie Genevard, sur franceinfo, le 13 janvier 2025. (FRANCEINFO \/ RADIO FRANCE)\" width=\"432\" height=\"243\" src=\"https:\/\/www.europesays.com\/fr\/wp-content\/uploads\/2026\/01\/untitled-69668c026240a290234079.jpg\" fetchpriority=\"high\"\/><\/p>\n<p>      La ministre de l&rsquo;Agriculture, Annie Genevard, sur franceinfo, le 13 janvier 2025. (FRANCEINFO \/ RADIO FRANCE)<\/p>\n<p>\u00ab\u00a0C&rsquo;est dommage\u00a0\u00bb parce que la dermatose nodulaire contagieuse, \u00ab\u00a0nous la contenons, nous la ma\u00eetrisons\u00a0\u00bb, r\u00e9agit, mardi 13 janvier, sur franceinfo la ministre de l&rsquo;Agriculture Annie Genevard au sujet du Salon de l&rsquo;agriculture qui <a href=\"https:\/\/www.franceinfo.fr\/economie\/emploi\/metiers\/agriculture\/il-n-y-aura-aucun-bovin-au-salon-de-l-agriculture-2026-en-raison-de-la-dermatose-nodulaire-annoncent-les-organisateurs_7738519.html\" target=\"_self\" rel=\"noopener noreferrer nofollow\" data-tooltip-url=\"https:\/\/www.franceinfo.fr\/economie\/emploi\/metiers\/agriculture\/il-n-y-aura-aucun-bovin-au-salon-de-l-agriculture-2026-en-raison-de-la-dermatose-nodulaire-annoncent-les-organisateurs_7738519.html\">n&rsquo;accueillera pas de bovin cette ann\u00e9e pour la premi\u00e8re fois de son histoire<\/a>, en raison de l&rsquo;\u00e9pid\u00e9mie de dermatose bovine. Les organisateurs l&rsquo;ont annonc\u00e9 mardi.<\/p>\n<p>\u00ab\u00a0Aujourd&rsquo;hui il n&rsquo;y a plus un seul cas de dermatose nodulaire contagieuse\u00a0\u00bb, rappelle la ministre. \u00ab\u00a0L&rsquo;\u00e9pizootie est sous contr\u00f4le\u00a0\u00bb, insiste-t-elle. \u00ab\u00a0Seul le Sud-Ouest est concern\u00e9 par une zone r\u00e9glement\u00e9e et vaccinale et on s&rsquo;appr\u00eate \u00e0 lever dans trois jours la zone r\u00e9glement\u00e9e du Jura\u00a0\u00bb, d\u00e9taille Annie Genevard. \u00ab\u00a0L&rsquo;immense majorit\u00e9 du territoire est indemne de cette maladie\u00a0\u00bb, assure la ministre de l&rsquo;Agriculture.<\/p>\n<p>\u00ab\u00a0Je comprends l&rsquo;angoisse, poursuit Annie Genevard. Mais je crois que si on regarde objectivement les choses, il y a des animaux aujourd&rsquo;hui prot\u00e9g\u00e9s. Les organisations de producteurs des races fran\u00e7aises sont t\u00e9tanis\u00e9es par cette maladie, et elle est redoutable en effet, mais nous la contenons, nous la ma\u00eetrisons. Je ne sais pas si les choses \u00e9volueront. En tout cas, il est clair que le Salon de l&rsquo;agriculture 2026 doit se tenir.\u00a0\u00bb<\/p>\n","protected":false},"excerpt":{"rendered":"Les organisateurs du Salon de l&rsquo;agriculture ont annonc\u00e9, mardi, qu&rsquo;il n&rsquo;y aurait pas de bovin cette ann\u00e9e pour&hellip;\n","protected":false},"author":2,"featured_media":661791,"comment_status":"","ping_status":"","sticky":false,"template":"","format":"standard","meta":{"footnotes":""},"categories":[2],"tags":[11,1011,27,12,25],"class_list":{"0":"post-661790","1":"post","2":"type-post","3":"status-publish","4":"format-standard","5":"has-post-thumbnail","7":"category-actualites","8":"tag-actualites","9":"tag-fr","10":"tag-france","11":"tag-news","12":"tag-republique-francaise"},"share_on_mastodon":{"url":"https:\/\/pubeurope.com\/@fr\/115890648927165847","error":""},"_links":{"self":[{"href":"https:\/\/www.europesays.com\/fr\/wp-json\/wp\/v2\/posts\/661790","targetHints":{"allow":["GET"]}}],"collection":[{"href":"https:\/\/www.europesays.com\/fr\/wp-json\/wp\/v2\/posts"}],"about":[{"href":"https:\/\/www.europesays.com\/fr\/wp-json\/wp\/v2\/types\/post"}],"author":[{"embeddable":true,"href":"https:\/\/www.europesays.com\/fr\/wp-json\/wp\/v2\/users\/2"}],"replies":[{"embeddable":true,"href":"https:\/\/www.europesays.com\/fr\/wp-json\/wp\/v2\/comments?post=661790"}],"version-history":[{"count":0,"href":"https:\/\/www.europesays.com\/fr\/wp-json\/wp\/v2\/posts\/661790\/revisions"}],"wp:featuredmedia":[{"embeddable":true,"href":"https:\/\/www.europesays.com\/fr\/wp-json\/wp\/v2\/media\/661791"}],"wp:attachment":[{"href":"https:\/\/www.europesays.com\/fr\/wp-json\/wp\/v2\/media?parent=661790"}],"wp:term":[{"taxonomy":"category","embeddable":true,"href":"https:\/\/www.europesays.com\/fr\/wp-json\/wp\/v2\/categories?post=661790"},{"taxonomy":"post_tag","embeddable":true,"href":"https:\/\/www.europesays.com\/fr\/wp-json\/wp\/v2\/tags?post=661790"}],"curies":[{"name":"wp","href":"https:\/\/api.w.org\/{rel}","templated":true}]}}