{"id":661796,"date":"2026-01-14T00:39:10","date_gmt":"2026-01-14T00:39:10","guid":{"rendered":"https:\/\/www.europesays.com\/fr\/661796\/"},"modified":"2026-01-14T00:39:10","modified_gmt":"2026-01-14T00:39:10","slug":"officiel-jean-kleyn-refuse-le-top-14-et-rejoint-gloucester","status":"publish","type":"post","link":"https:\/\/www.europesays.com\/fr\/661796\/","title":{"rendered":"OFFICIEL : Jean Kleyn refuse le Top 14 et rejoint Gloucester"},"content":{"rendered":"<p>Ces-derniers semaines, une rumeur \u00e9voquait la possible arriv\u00e9e du deuxi\u00e8me ligne international Sud-Africain Jean Kleyn \u00e0 Bayonne.<\/p>\n<p>Finalement, le joueur de 32 ans ne rejoindra ni le Pays Basque ni le Top 14.<\/p>\n<p>Et pour cause, ce-dernier s\u2019est engag\u00e9 en faveur de Gloucester pour les saisons \u00e0 venir.<\/p>\n<p><strong>Le directeur du rugby de Gloucester a exprim\u00e9 sa satisfaction. Extrait:<\/strong><\/p>\n<p>\u00ab Jean est un joueur que j\u2019admire depuis longtemps. Il apporte un v\u00e9ritable atout, de l\u2019exp\u00e9rience et un esprit de comp\u00e9tition qui seront inestimables pour notre \u00e9quipe. Sa pr\u00e9sence physique et son professionnalisme rehausseront le niveau de toute l\u2019\u00e9quipe, et nous sommes ravis de l\u2019accueillir \u00e0 Kingsholm. \u00bb<\/p>\n<p><strong>Le joueur s\u2019est \u00e9galement confi\u00e9. Extrait:<\/strong><\/p>\n<p>\u00ab Je suis ravi de rejoindre Gloucester Rugby la saison prochaine. C\u2019est un club avec une histoire incroyable et des supporters passionn\u00e9s, et la vision qui m\u2019a \u00e9t\u00e9 pr\u00e9sent\u00e9e correspondait parfaitement \u00e0 ce que je recherchais pour la prochaine \u00e9tape de ma carri\u00e8re. J\u2019ai h\u00e2te de commencer, de rencontrer les supporters et de tout donner pour cette \u00e9quipe. \u00bb<\/p>\n","protected":false},"excerpt":{"rendered":"Ces-derniers semaines, une rumeur \u00e9voquait la possible arriv\u00e9e du deuxi\u00e8me ligne international Sud-Africain Jean Kleyn \u00e0 Bayonne. Finalement,&hellip;\n","protected":false},"author":2,"featured_media":661797,"comment_status":"","ping_status":"","sticky":false,"template":"","format":"standard","meta":{"footnotes":""},"categories":[1416],"tags":[1011,27,479,1468,60],"class_list":{"0":"post-661796","1":"post","2":"type-post","3":"status-publish","4":"format-standard","5":"has-post-thumbnail","7":"category-rugby","8":"tag-fr","9":"tag-france","10":"tag-rugby","11":"tag-rugby-football","12":"tag-sports"},"share_on_mastodon":{"url":"https:\/\/pubeurope.com\/@fr\/115890668431093775","error":""},"_links":{"self":[{"href":"https:\/\/www.europesays.com\/fr\/wp-json\/wp\/v2\/posts\/661796","targetHints":{"allow":["GET"]}}],"collection":[{"href":"https:\/\/www.europesays.com\/fr\/wp-json\/wp\/v2\/posts"}],"about":[{"href":"https:\/\/www.europesays.com\/fr\/wp-json\/wp\/v2\/types\/post"}],"author":[{"embeddable":true,"href":"https:\/\/www.europesays.com\/fr\/wp-json\/wp\/v2\/users\/2"}],"replies":[{"embeddable":true,"href":"https:\/\/www.europesays.com\/fr\/wp-json\/wp\/v2\/comments?post=661796"}],"version-history":[{"count":0,"href":"https:\/\/www.europesays.com\/fr\/wp-json\/wp\/v2\/posts\/661796\/revisions"}],"wp:featuredmedia":[{"embeddable":true,"href":"https:\/\/www.europesays.com\/fr\/wp-json\/wp\/v2\/media\/661797"}],"wp:attachment":[{"href":"https:\/\/www.europesays.com\/fr\/wp-json\/wp\/v2\/media?parent=661796"}],"wp:term":[{"taxonomy":"category","embeddable":true,"href":"https:\/\/www.europesays.com\/fr\/wp-json\/wp\/v2\/categories?post=661796"},{"taxonomy":"post_tag","embeddable":true,"href":"https:\/\/www.europesays.com\/fr\/wp-json\/wp\/v2\/tags?post=661796"}],"curies":[{"name":"wp","href":"https:\/\/api.w.org\/{rel}","templated":true}]}}