{"id":661798,"date":"2026-01-14T00:40:11","date_gmt":"2026-01-14T00:40:11","guid":{"rendered":"https:\/\/www.europesays.com\/fr\/661798\/"},"modified":"2026-01-14T00:40:11","modified_gmt":"2026-01-14T00:40:11","slug":"on-a-demontre-quon-avait-notre-place-on-peut-encore-grandir-lopen-doccitanie-le-tournoi-qui-monte-qui-monte","status":"publish","type":"post","link":"https:\/\/www.europesays.com\/fr\/661798\/","title":{"rendered":"\u00ab\u00a0On a d\u00e9montr\u00e9 qu\u2019on avait notre place, on peut encore grandir\u00a0\u00bb\u00a0: l\u2019Open d\u2019Occitanie, le tournoi qui monte, qui monte\u2026"},"content":{"rendered":"<p>\n                                                                Ce mardi soir, dans les locaux de Midi Libre, s\u2019est tenue la conf\u00e9rence de presse de rentr\u00e9e de l\u2019Open d\u2019Occitanie (1er-8 f\u00e9vrier). L\u2019occasion de saluer la singularit\u00e9 d\u2019un tournoi qui commence \u00e0 se tailler une solide r\u00e9putation.<\/p>\n<p>C\u2019est reparti pour un tour. L\u2019Open d\u2019Occitanie (1er-8 f\u00e9vrier), seize ann\u00e9es d\u2019existence, poursuit bon an mal an sa croissance, avec l\u2019ambition de s\u2019imposer comme le fleuron des tournois ATP 250. Pour satisfaire ce devoir d\u2019excellence, Il y a un label \u00e0 d\u00e9fendre, une r\u00e9putation \u00e0 consolider et, bien s\u00fbr, une assiette financi\u00e8re \u00e0 respecter, fragile \u00e9quilibre qui a failli avoir la peau du tournoi l\u2019an dernier. \u00ab\u00a0Il ne reste plus que trois tournois ATP en France et Montpellier en fait partie avec Lyon et le Roller Paris Master, se f\u00e9licite Kamel Chibli, vice-pr\u00e9sident de l\u2019Occitanie en charge des sports. On peut parler d\u00e9sormais d\u2019\u00e9v\u00e9nement iconique. On a d\u00e9montr\u00e9 qu\u2019on avait largement notre place. On peut encore grandir.\u00a0\u00bb<\/p>\n<p>Une place consolid\u00e9e l\u2019an dernier par le Conseil r\u00e9gional et l\u2019Agglom\u00e9ration du Pays de l\u2019Or, repr\u00e9sent\u00e9e hier par son pr\u00e9sident St\u00e9phan Rossignol, maire de la Grande-Motte. \u00ab\u00a0On est l\u00e0 en soutien financier, c\u2019est une chance pour le rayonnement de notre territoire\u00a0\u00bb, a confi\u00e9 ce dernier, tandis que\u00a0la dotation globale du tournoi s\u2019\u00e9l\u00e8vera \u00e0 612\u00a0000\u00a0euros et que\u00a0les retomb\u00e9es indirectes sur la R\u00e9gion avoisinent les plus de dix millions d\u2019euros.<\/p>\n<p>Fils, Cazaux et Wawrinka en vedette<\/p>\n<p>Des chiffres encourageants, qui autorisent \u00e0 voir plus grand au regard du record d\u2019affluence battu l\u2019an dernier avec 60\u00a0000\u00a0spectateurs recens\u00e9s en une semaine.\u00a0\u00ab\u00a0La p\u00e9rennit\u00e9 du tournoi est assur\u00e9e, on est dans notre rythme de croisi\u00e8re\u00a0\u00bb, assure Samir Boudjemaa, directeur g\u00e9n\u00e9ral de TV Sports Events et grand architecte de l\u2019organisation.<\/p>\n<p>Et de valider ses dires par la singularit\u00e9 d\u2019un tournoi m\u00ealant comp\u00e9tition et animations en un seul lieu, \u00e0 la Sud de France Arena. \u00ab\u00a0C\u2019est presque unique au monde, et c\u2019est tr\u00e8s recherch\u00e9 par le public et les joueurs. L\u2019Open d\u2019Occitanie, ce n\u2019est pas seulement un tournoi de tennis mais c\u2019est aussi une plateforme de lien social, un lieu de vie de 11\u00a0heures \u00e0 1\u00a0heure du matin.\u00a0\u00bb Preuve en est le village partenaires de 4000 m2, anim\u00e9 chaque soir par un concert.<\/p>\n<p>Voil\u00e0 pour les coulisses. Ne restait plus qu\u2019\u00e0 \u00eatre au diapason sur le plan sportif. \u00ab\u00a0Ce n\u2019est jamais \u00e9vident de constituer un plateau de qualit\u00e9 mais je suis satisfait\u00a0\u00bb, argue le directeur du tournoi S\u00e9bastien Grosjean, citant p\u00eale-m\u00eale l\u2019espoir tricolore Arthur Fils, qui effectuera son grand retour \u00e0 la comp\u00e9tition apr\u00e8s six mois d\u2019absence, le Suisse Stan Wawrinka (40 ans), inusable champion et ancien triple vainqueur en Grand Chelem, ou encore l\u2019ex-num\u00e9ro un fran\u00e7ais Hugo Humbert, excellent joueur indoor.<\/p>\n<p>Le satisfecit n\u2019aurait pas \u00e9t\u00e9 complet sans l\u2019\u00e9vocation des\u00a0\u00ab\u00a0locaux\u00a0\u00bb de l\u2019\u00e9tape, le fantasque Arthur Cazaux et la r\u00e9v\u00e9lation Valentin Royer. \u00ab\u00a0Cazaux est un magnifique ambassadeur\u00a0\u00bb, s\u2019enthousiasme Grosjean, pour qui la finale id\u00e9ale opposerait un Fran\u00e7ais \u00e0 une t\u00eate d\u2019affiche. Les paris sont pris.<\/p>\n","protected":false},"excerpt":{"rendered":"Ce mardi soir, dans les locaux de Midi Libre, s\u2019est tenue la conf\u00e9rence de presse de rentr\u00e9e de&hellip;\n","protected":false},"author":2,"featured_media":661799,"comment_status":"","ping_status":"","sticky":false,"template":"","format":"standard","meta":{"footnotes":""},"categories":[1415],"tags":[1011,27,517,60,1467],"class_list":{"0":"post-661798","1":"post","2":"type-post","3":"status-publish","4":"format-standard","5":"has-post-thumbnail","7":"category-tennis","8":"tag-fr","9":"tag-france","10":"tag-sport","11":"tag-sports","12":"tag-tennis"},"share_on_mastodon":{"url":"https:\/\/pubeurope.com\/@fr\/115890672268056993","error":""},"_links":{"self":[{"href":"https:\/\/www.europesays.com\/fr\/wp-json\/wp\/v2\/posts\/661798","targetHints":{"allow":["GET"]}}],"collection":[{"href":"https:\/\/www.europesays.com\/fr\/wp-json\/wp\/v2\/posts"}],"about":[{"href":"https:\/\/www.europesays.com\/fr\/wp-json\/wp\/v2\/types\/post"}],"author":[{"embeddable":true,"href":"https:\/\/www.europesays.com\/fr\/wp-json\/wp\/v2\/users\/2"}],"replies":[{"embeddable":true,"href":"https:\/\/www.europesays.com\/fr\/wp-json\/wp\/v2\/comments?post=661798"}],"version-history":[{"count":0,"href":"https:\/\/www.europesays.com\/fr\/wp-json\/wp\/v2\/posts\/661798\/revisions"}],"wp:featuredmedia":[{"embeddable":true,"href":"https:\/\/www.europesays.com\/fr\/wp-json\/wp\/v2\/media\/661799"}],"wp:attachment":[{"href":"https:\/\/www.europesays.com\/fr\/wp-json\/wp\/v2\/media?parent=661798"}],"wp:term":[{"taxonomy":"category","embeddable":true,"href":"https:\/\/www.europesays.com\/fr\/wp-json\/wp\/v2\/categories?post=661798"},{"taxonomy":"post_tag","embeddable":true,"href":"https:\/\/www.europesays.com\/fr\/wp-json\/wp\/v2\/tags?post=661798"}],"curies":[{"name":"wp","href":"https:\/\/api.w.org\/{rel}","templated":true}]}}