{"id":661800,"date":"2026-01-14T00:44:13","date_gmt":"2026-01-14T00:44:13","guid":{"rendered":"https:\/\/www.europesays.com\/fr\/661800\/"},"modified":"2026-01-14T00:44:13","modified_gmt":"2026-01-14T00:44:13","slug":"classiques-tour-de-france-mondiaux-pauline-ferrand-prevot-presente-ses-grands-objectifs-pour-2026","status":"publish","type":"post","link":"https:\/\/www.europesays.com\/fr\/661800\/","title":{"rendered":"Classiques, Tour de France, Mondiaux\u2026 Pauline Ferrand-Pr\u00e9vot pr\u00e9sente ses grands objectifs pour 2026"},"content":{"rendered":"<p>La Visma-Lease a Bike tenait sa pr\u00e9sentation d\u2019\u00e9quipe, ce mardi 13 janvier, en Espagne. L\u2019occasion pour la derni\u00e8re vainqueure du Tour de France femmes, Pauline Ferrand-Pr\u00e9vot, de pr\u00e9senter son programme pour la saison 2026. Strade Bianche, Tour des Flandres, Li\u00e8ge-Bastogne-Li\u00e8ge entre autres avant le Tour de France et les mondiaux, pas de Paris-Roubaix, la fran\u00e7aise se confie sur ses ambitions.<\/p>\n<p><strong>Pauline, apr\u00e8s une saison 2025 plus qu\u2019exceptionnelle, qu\u2019est-ce que vous attendez de 2026 ?<\/strong><\/p>\n<p>Essayer de gagner plus. C&rsquo;est vrai que l&rsquo;ann\u00e9e derni\u00e8re c&rsquo;\u00e9tait une saison un peu test. Notamment sur le d\u00e9but de saison, on ne savait pas trop ce que \u00e7a allait donner. Apr\u00e8s, j&rsquo;ai trouv\u00e9 mes marques et j&rsquo;ai \u00e9t\u00e9 super bien pour le tour. Mais j&rsquo;ai l&rsquo;impression que je peux avoir l&rsquo;\u00e9tat de forme que j&rsquo;avais au Tour, sur les classiques. \u00c7a va \u00eatre se pr\u00e9parer pour les classiques, faire un break et apr\u00e8s se pr\u00e9parer pour le Tour de France. Trois grands blocs avec aussi les championnats du monde. L&rsquo;objectif c&rsquo;est d&rsquo;avoir trois pics de forme pendant la saison. Donc \u00e7a va \u00eatre un challenge.<\/p>\n<p><strong>Un programme avec moins de courses mais plus de grosses courses\u2026<\/strong><\/p>\n<p>Exactement. Je me suis rendue compte que je n&rsquo;aimais pas forc\u00e9ment courir mais que j&rsquo;aime gagner. Donc il a fallu trouver un compromis entre les deux parce que je suis oblig\u00e9e de faire quelques courses quand m\u00eame. Mais s&rsquo;aligner sur des grandes courses pour les gagner, c&rsquo;est vrai que c&rsquo;est l&rsquo;objectif de ma saison. Je ne trouve pas de motivation \u00e0 faire des plus petites courses. Je l&rsquo;ai vu l&rsquo;ann\u00e9e derni\u00e8re. Si on me met sur des courses o\u00f9 je ne suis pas vraiment \u00e0 100%, c&rsquo;est vrai que j&rsquo;ai du mal \u00e0 \u00eatre moi-m\u00eame et que je prends moins de plaisir. Donc autant essayer de faire des grandes courses et de les remporter.<\/p>\n<p><strong><a href=\"https:\/\/rmcsport.bfmtv.com\/cyclisme\/cyclisme-vingegaard-tentera-le-double-giro-tour-de-france-pas-de-paris-roubaix-pour-ferrand-prevot_AV-202601130565.html\" title=\"Cyclisme: Vingegaard tentera le doubl\u00e9 Giro-Tour de France, pas de Paris-Roubaix pour Ferrand-Pr\u00e9vot\" class=\"internal_link\" target=\"_blank\" rel=\"noopener\">Vous ne tenterez pas le doubl\u00e9 sur Paris-Roubaix<\/a>, pourquoi ?<\/strong><\/p>\n<p>Pas de Paris-Roubaix, non. \u00c7a, je le laisse pour Marianne (Vos). Je serai en stage en altitude. Si je veux \u00eatre bien pour Li\u00e8ge notamment, il faut que je fasse un full bloc en altitude. C&rsquo;est pour \u00e7a qu&rsquo;on fait l&rsquo;impasse sur Paris-Roubaix. Mais non, c&rsquo;est bien aussi de changer un peu de programme et de faire autre chose.<\/p>\n<p><strong>Vous vous \u00eates fait op\u00e9rer de la cheville, comment \u00e7a va ?<\/strong><\/p>\n<p>La cheville, \u00e7a a pris du temps \u00e0 se remettre. J&rsquo;ai vraiment \u00e9t\u00e9 \u00e0 l&rsquo;arr\u00eat pendant cinq semaines, je n&rsquo;ai rien fait du tout. Mais je pense que \u00e7a m&rsquo;a fait aussi du bien physiquement de r\u00e9cup\u00e9rer, de pouvoir profiter, de faire autre chose, de voir ma famille. Et puis aussi d\u00e9connecter un peu de toute cette ferveur publique qui a \u00e9t\u00e9 incroyable mais qui a \u00e9t\u00e9 vraiment preneuse en \u00e9nergie. J&rsquo;adore partager avec les gens. Mais au bout d&rsquo;un moment, c&rsquo;est vrai que \u00e7a prend \u00e9norm\u00e9ment d&rsquo;\u00e9nergie et que tu ne peux pas \u00eatre partout.<\/p>\n<p><strong>Vous vous projetez d\u00e9j\u00e0 sur le Tour de France ?<\/strong><\/p>\n<p>L\u2019ann\u00e9e derni\u00e8re, c&rsquo;\u00e9tait incroyable. Et c&rsquo;est vrai que tout de suite apr\u00e8s le Tour, je me suis dit &#8211; je ne sais pas si je suis pr\u00eate \u00e0 revivre toute cette pr\u00e9paration &#8211; et en fait, apr\u00e8s un hiver o\u00f9 j&rsquo;ai bien r\u00e9cup\u00e9r\u00e9 physiquement, mentalement, je me sens pr\u00eate pour repartir de plus belle et d&rsquo;essayer d&rsquo;aller gagner une seconde fois.<\/p>\n<p>Propos recueillis par Maria Az\u00e9, \u00e0 La Nucia (Espagne)<\/p>\n","protected":false},"excerpt":{"rendered":"La Visma-Lease a Bike tenait sa pr\u00e9sentation d\u2019\u00e9quipe, ce mardi 13 janvier, en Espagne. L\u2019occasion pour la derni\u00e8re&hellip;\n","protected":false},"author":2,"featured_media":661801,"comment_status":"","ping_status":"","sticky":false,"template":"","format":"standard","meta":{"footnotes":""},"categories":[1411],"tags":[1154,207,1011,27,60],"class_list":{"0":"post-661800","1":"post","2":"type-post","3":"status-publish","4":"format-standard","5":"has-post-thumbnail","7":"category-cyclisme","8":"tag-cycling","9":"tag-cyclisme","10":"tag-fr","11":"tag-france","12":"tag-sports"},"share_on_mastodon":{"url":"https:\/\/pubeurope.com\/@fr\/115890688057402486","error":""},"_links":{"self":[{"href":"https:\/\/www.europesays.com\/fr\/wp-json\/wp\/v2\/posts\/661800","targetHints":{"allow":["GET"]}}],"collection":[{"href":"https:\/\/www.europesays.com\/fr\/wp-json\/wp\/v2\/posts"}],"about":[{"href":"https:\/\/www.europesays.com\/fr\/wp-json\/wp\/v2\/types\/post"}],"author":[{"embeddable":true,"href":"https:\/\/www.europesays.com\/fr\/wp-json\/wp\/v2\/users\/2"}],"replies":[{"embeddable":true,"href":"https:\/\/www.europesays.com\/fr\/wp-json\/wp\/v2\/comments?post=661800"}],"version-history":[{"count":0,"href":"https:\/\/www.europesays.com\/fr\/wp-json\/wp\/v2\/posts\/661800\/revisions"}],"wp:featuredmedia":[{"embeddable":true,"href":"https:\/\/www.europesays.com\/fr\/wp-json\/wp\/v2\/media\/661801"}],"wp:attachment":[{"href":"https:\/\/www.europesays.com\/fr\/wp-json\/wp\/v2\/media?parent=661800"}],"wp:term":[{"taxonomy":"category","embeddable":true,"href":"https:\/\/www.europesays.com\/fr\/wp-json\/wp\/v2\/categories?post=661800"},{"taxonomy":"post_tag","embeddable":true,"href":"https:\/\/www.europesays.com\/fr\/wp-json\/wp\/v2\/tags?post=661800"}],"curies":[{"name":"wp","href":"https:\/\/api.w.org\/{rel}","templated":true}]}}