{"id":661802,"date":"2026-01-14T00:45:11","date_gmt":"2026-01-14T00:45:11","guid":{"rendered":"https:\/\/www.europesays.com\/fr\/661802\/"},"modified":"2026-01-14T00:45:11","modified_gmt":"2026-01-14T00:45:11","slug":"xabi-alonso-trois-options-loin-du-real-madrid","status":"publish","type":"post","link":"https:\/\/www.europesays.com\/fr\/661802\/","title":{"rendered":"Xabi Alonso : trois options loin du Real Madrid"},"content":{"rendered":"<p>Malgr\u00e9 l\u2019\u00e9chec de son passage sur le banc du Real Madrid, l\u2019Espagnol garde la cote dans le football europ\u00e9en.<\/p>\n<p>Libre depuis son d\u00e9part du Real Madrid hier, Xabi Alonso se retrouve d\u00e9j\u00e0 au centre de nombreuses sp\u00e9culations. Malgr\u00e9 un taux de victoires \u00e9lev\u00e9 depuis son arriv\u00e9e l\u2019\u00e9t\u00e9 dernier, le technicien basque a pay\u00e9 de profonds d\u00e9saccords internes avec plusieurs cadres du vestiaire, ainsi qu\u2019un manque de soutien clair de sa direction. D\u00e9sormais sans club, l\u2019ancien milieu de terrain prend le temps de r\u00e9fl\u00e9chir \u00e0 un nouveau projet, avec la volont\u00e9 affich\u00e9e de ne plus revivre une exp\u00e9rience similaire \u00e0 celle v\u00e9cue \u00e0 Madrid.<\/p>\n<p>Sur la liste des cadors<\/p>\n<p>Selon les informations du journaliste Jamesslfc, trois g\u00e9ants europ\u00e9ens suivent de tr\u00e8s pr\u00e8s sa situation : Liverpool, Manchester City et le Bayern Munich. Les Skyblues anticipent l\u2019apr\u00e8s-Pep Guardiola, tandis que Liverpool s\u2019interroge sur l\u2019avenir d\u2019Arne Slot apr\u00e8s un d\u00e9but de saison compliqu\u00e9. Du c\u00f4t\u00e9 de Munich, malgr\u00e9 un projet actuellement stable sous Vincent Kompany, la direction reste attentive \u00e0 toute opportunit\u00e9 de haut niveau, et Xabi Alonso figure en t\u00eate de liste.<\/p>\n<p>L\u2019ancien entra\u00eeneur de Leverkusen cherche avant tout un environnement o\u00f9 il pourra \u00eatre pleinement \u00e9cout\u00e9 et soutenu par sa direction, avec un staff reconnu et une vision \u00e0 long terme. Un profil qui correspond particuli\u00e8rement aux attentes de Liverpool, d\u00e9sireux de reconstruire un projet durable et identifiable, capable de f\u00e9d\u00e9rer joueurs et supporters. Reste \u00e0 savoir lequel de ces mastodontes saura convaincre Xabi Alonso de relancer sa carri\u00e8re sur de nouvelles bases.<\/p>\n<blockquote class=\"twitter-tweet\">\n<p lang=\"en\" dir=\"ltr\">Xabi Alonso next season <a href=\"https:\/\/t.co\/p3OcwcWft4\">pic.twitter.com\/p3OcwcWft4<\/a><\/p>\n<p>\u2014 Troll Football (@TrollFootball) <a href=\"https:\/\/twitter.com\/TrollFootball\/status\/1762789506879557987?ref_src=twsrc%5Etfw\" target=\"_blank\" rel=\"noopener\">February 28, 2024<\/a><\/p><\/blockquote>\n<p><script async src=\"https:\/\/platform.twitter.com\/widgets.js\" charset=\"utf-8\"><\/script><\/p>\n","protected":false},"excerpt":{"rendered":"Malgr\u00e9 l\u2019\u00e9chec de son passage sur le banc du Real Madrid, l\u2019Espagnol garde la cote dans le football&hellip;\n","protected":false},"author":2,"featured_media":661803,"comment_status":"","ping_status":"","sticky":false,"template":"","format":"standard","meta":{"footnotes":""},"categories":[1410],"tags":[63,1011,27,60],"class_list":{"0":"post-661802","1":"post","2":"type-post","3":"status-publish","4":"format-standard","5":"has-post-thumbnail","7":"category-football","8":"tag-football","9":"tag-fr","10":"tag-france","11":"tag-sports"},"share_on_mastodon":{"url":"https:\/\/pubeurope.com\/@fr\/115890692026449849","error":""},"_links":{"self":[{"href":"https:\/\/www.europesays.com\/fr\/wp-json\/wp\/v2\/posts\/661802","targetHints":{"allow":["GET"]}}],"collection":[{"href":"https:\/\/www.europesays.com\/fr\/wp-json\/wp\/v2\/posts"}],"about":[{"href":"https:\/\/www.europesays.com\/fr\/wp-json\/wp\/v2\/types\/post"}],"author":[{"embeddable":true,"href":"https:\/\/www.europesays.com\/fr\/wp-json\/wp\/v2\/users\/2"}],"replies":[{"embeddable":true,"href":"https:\/\/www.europesays.com\/fr\/wp-json\/wp\/v2\/comments?post=661802"}],"version-history":[{"count":0,"href":"https:\/\/www.europesays.com\/fr\/wp-json\/wp\/v2\/posts\/661802\/revisions"}],"wp:featuredmedia":[{"embeddable":true,"href":"https:\/\/www.europesays.com\/fr\/wp-json\/wp\/v2\/media\/661803"}],"wp:attachment":[{"href":"https:\/\/www.europesays.com\/fr\/wp-json\/wp\/v2\/media?parent=661802"}],"wp:term":[{"taxonomy":"category","embeddable":true,"href":"https:\/\/www.europesays.com\/fr\/wp-json\/wp\/v2\/categories?post=661802"},{"taxonomy":"post_tag","embeddable":true,"href":"https:\/\/www.europesays.com\/fr\/wp-json\/wp\/v2\/tags?post=661802"}],"curies":[{"name":"wp","href":"https:\/\/api.w.org\/{rel}","templated":true}]}}