{"id":661804,"date":"2026-01-14T00:46:12","date_gmt":"2026-01-14T00:46:12","guid":{"rendered":"https:\/\/www.europesays.com\/fr\/661804\/"},"modified":"2026-01-14T00:46:12","modified_gmt":"2026-01-14T00:46:12","slug":"les-souvenirs-du-maire-dormes-40-ans-apres-la-mort-du-chanteur","status":"publish","type":"post","link":"https:\/\/www.europesays.com\/fr\/661804\/","title":{"rendered":"les souvenirs du maire d&rsquo;Ormes, 40 ans apr\u00e8s la mort du chanteur"},"content":{"rendered":"<p>\u00ab\u00a0La mort de Daniel Balavoine m\u2019a marqu\u00e9 en janvier\u00a01986, m\u00eame si je n\u2019avais que 5 ans. L\u2019\u00e9motion du moment \u00e9tait forte\u00a0\u00bb, confie St\u00e9phane Gros, l\u2019enfant d\u2019Ormes, en Bresse, devenu depuis maire de sa commune. \u00ab\u00a0Mon p\u00e8re est un grand fan et il l\u2019adorait. Il \u00e9coutait Le Chanteur  et ses autres chansons dans son camion. Moi, j\u2019aimais sa musique. J\u2019avais donc d\u00e9j\u00e0 une id\u00e9e de qui \u00e9tait Daniel Balavoine. \u00bb<\/p>\n<p>Cette ann\u00e9e-l\u00e0, la commune d\u2019Ormes avait d\u00e9cid\u00e9 de faire construire sa salle des f\u00eates, qui devait \u00eatre inaugur\u00e9e en 1987. Il fallait donc lui trouver un nom. La municipalit\u00e9 avait d\u00e9cid\u00e9 de mettre \u00e0 contribution les enfants des \u00e9coles pour choisir son futur nom. \u00ab\u00a0Les votes des classes de CM1 et de CM2 \u00e9taient&#8230;<\/p>\n","protected":false},"excerpt":{"rendered":"\u00ab\u00a0La mort de Daniel Balavoine m\u2019a marqu\u00e9 en janvier\u00a01986, m\u00eame si je n\u2019avais que 5 ans. L\u2019\u00e9motion du&hellip;\n","protected":false},"author":2,"featured_media":661805,"comment_status":"","ping_status":"","sticky":false,"template":"","format":"standard","meta":{"footnotes":""},"categories":[1359],"tags":[9223,42382,1687,58,6238,59,107,1011,27,873,1391,76305,973,104],"class_list":{"0":"post-661804","1":"post","2":"type-post","3":"status-publish","4":"format-standard","5":"has-post-thumbnail","7":"category-people","8":"tag-carnet-du-jour","9":"tag-cuisery-bassin","10":"tag-culture-loisirs","11":"tag-divertissement","12":"tag-edition-bresse","13":"tag-entertainment","14":"tag-fil-info","15":"tag-fr","16":"tag-france","17":"tag-musique","18":"tag-necrologie","19":"tag-ormes","20":"tag-people","21":"tag-societe"},"share_on_mastodon":{"url":"https:\/\/pubeurope.com\/@fr\/115890696281818894","error":""},"_links":{"self":[{"href":"https:\/\/www.europesays.com\/fr\/wp-json\/wp\/v2\/posts\/661804","targetHints":{"allow":["GET"]}}],"collection":[{"href":"https:\/\/www.europesays.com\/fr\/wp-json\/wp\/v2\/posts"}],"about":[{"href":"https:\/\/www.europesays.com\/fr\/wp-json\/wp\/v2\/types\/post"}],"author":[{"embeddable":true,"href":"https:\/\/www.europesays.com\/fr\/wp-json\/wp\/v2\/users\/2"}],"replies":[{"embeddable":true,"href":"https:\/\/www.europesays.com\/fr\/wp-json\/wp\/v2\/comments?post=661804"}],"version-history":[{"count":0,"href":"https:\/\/www.europesays.com\/fr\/wp-json\/wp\/v2\/posts\/661804\/revisions"}],"wp:featuredmedia":[{"embeddable":true,"href":"https:\/\/www.europesays.com\/fr\/wp-json\/wp\/v2\/media\/661805"}],"wp:attachment":[{"href":"https:\/\/www.europesays.com\/fr\/wp-json\/wp\/v2\/media?parent=661804"}],"wp:term":[{"taxonomy":"category","embeddable":true,"href":"https:\/\/www.europesays.com\/fr\/wp-json\/wp\/v2\/categories?post=661804"},{"taxonomy":"post_tag","embeddable":true,"href":"https:\/\/www.europesays.com\/fr\/wp-json\/wp\/v2\/tags?post=661804"}],"curies":[{"name":"wp","href":"https:\/\/api.w.org\/{rel}","templated":true}]}}