{"id":661806,"date":"2026-01-14T00:47:23","date_gmt":"2026-01-14T00:47:23","guid":{"rendered":"https:\/\/www.europesays.com\/fr\/661806\/"},"modified":"2026-01-14T00:47:23","modified_gmt":"2026-01-14T00:47:23","slug":"sur-la-cote-californienne-une-maison-moderniste-en-fusion-avec-la-foret-de-sequoias","status":"publish","type":"post","link":"https:\/\/www.europesays.com\/fr\/661806\/","title":{"rendered":"Sur la c\u00f4te californienne, une maison moderniste en fusion avec la for\u00eat de s\u00e9quoias"},"content":{"rendered":"<p><img decoding=\"async\" alt=\"Image may contain Indoors Interior Design Sink Bathroom Room Toilet Hardwood Stained Wood Wood and Sink Faucet\" loading=\"lazy\" class=\"ResponsiveImageContainer-eNxvmU cfBbTk responsive-image__image\"   src=\"https:\/\/www.europesays.com\/fr\/wp-content\/uploads\/2026\/01\/CS-241024-25_035-web.jpg\"\/><\/p>\n<p>La salle de bains principale est baign\u00e9e de lumi\u00e8re naturelle gr\u00e2ce aux nouvelles fen\u00eatres qui refl\u00e8tent les carreaux Opal Pacific de Heath Ceramics. Le meuble-lavabo en noyer sur mesure de Chris Naefke est recouvert de <a href=\"https:\/\/www.admagazine.fr\/article\/marbre-appartement-new-yorkais\" target=\"_blank\" rel=\"noopener\">marbre<\/a> IRG. Les suspensions In Common With Eave en rouge oxyde diffusent une douce lumi\u00e8re.<\/p>\n<p>Christopher Stark<\/p>\n<p>Un d\u00e9grad\u00e9 oc\u00e9anique de carreaux Heath ondule dans la salle de bains principale, une ancienne chambre noire, tandis que le lit superpos\u00e9 vermillon de la chambre rappelle le plus grand pont de la Californie du Nord, le Golden Gate Bridge. Dans le salon, des tons pr\u00e9cieux scintillent partout : une <a href=\"https:\/\/www.admagazine.fr\/article\/chicago-appartement-collectionneur-chaises\" target=\"_blank\" rel=\"noopener\">chaise vintage<\/a> couleur cornaline ici, un pouf am\u00e9thyste de Nickey Kehoe l\u00e0, un coussin en velours p\u00e9ridot de Pierce and Ward pour compl\u00e9ter le tout\u2026 La palette est symphonique, mais l\u00e9g\u00e8rement d\u00e9cal\u00e9e. Pendant des ann\u00e9es, Clara Jung a collectionn\u00e9 des combinaisons de couleurs abandonn\u00e9es que ses clients refusaient d\u2019essayer. \u00ab Ce salon est en quelque sorte un \u00eelot de mes r\u00eaves de couleurs bris\u00e9s \u00bb, explique la d\u00e9coratrice, qui d\u00e9ploie une audace chromatique encore plus grande dans son premier livre, Storied Homes: Designs From Banner Day Interiors, publi\u00e9 ce printemps.<\/p>\n<p><img decoding=\"async\" alt=\"Image may contain Indoors Interior Design Floor Wood Architecture Building House Housing Staircase and Hardwood\" loading=\"lazy\" class=\"ResponsiveImageContainer-eNxvmU cfBbTk responsive-image__image\"   src=\"https:\/\/www.europesays.com\/fr\/wp-content\/uploads\/2026\/01\/CS-241024-25_051-web.jpg\"\/><\/p>\n<p>Autrefois approvisionn\u00e9e par les premiers propri\u00e9taires de la <a href=\"https:\/\/www.admagazine.fr\/article\/vignobles-californie-maison-sculpturale\" target=\"_blank\" rel=\"noopener\">maison<\/a>, la cave \u00e0 vin abrite toujours leur collection, un h\u00e9ritage de leur go\u00fbt et de leur histoire. Les supports \u00e0 bouteilles en terre cuite ont inspir\u00e9 le motif circulaire qui se retrouve dans l\u2019entr\u00e9e et le sol en b\u00e9ton de la cuisine, reliant les \u00e9poques et les mat\u00e9riaux par un geste aussi ludique que respectueux.<\/p>\n<p>Christopher StarkLa cave, pi\u00e8ce centrale de la maison<\/p>\n<p>Ce ne sont pas les grands gestes qui font toute la diff\u00e9rence, mais les dizaines de petits d\u00e9tails presque invisibles, comme laisser le lichen pousser sur la chemin\u00e9e en pierre d\u2019origine, ou inverser le sens d\u2019ouverture de la porte de la <a href=\"https:\/\/www.admagazine.fr\/article\/guide-decoratif-rentree-chambre-tendance\" target=\"_blank\" rel=\"noopener\">chambre<\/a> principale pour pouvoir y installer un lit plus grand. M\u00eame la cave est rest\u00e9e intacte : ses plus de 400 bouteilles sont incluses dans la vente, en hommage au pacte conclu \u00e0 Paris autour d\u2019un verre de vin. Le Sea Ranch Wine Club autoproclam\u00e9 a sa propre id\u00e9e du bon moment, \u00e0 savoir jouer \u00e0 la roulette avec les mill\u00e9simes. Clara Jung confie que leurs chances de tomber sur un vin bien vieilli n\u2019ont jamais d\u00e9pass\u00e9 50\u201150.<\/p>\n<p>Dans la cuisine et l\u2019entr\u00e9e, la <a href=\"https:\/\/www.admagazine.fr\/article\/bienvenue-appartements-grands-decorateurs-francais\" target=\"_blank\" rel=\"noopener\">d\u00e9coratrice<\/a> a transpos\u00e9 les supports cylindriques en terre cuite de la cave dans un motif de sol en b\u00e9ton pr\u00e9sentant une irr\u00e9gularit\u00e9 naturelle qui refl\u00e8te la lumi\u00e8re changeante de la for\u00eat, rappelant ainsi que la maison \u00e9volue au rythme du monde qui l\u2019entoure. \u00ab Partout o\u00f9 l\u2019on regarde, on voit la nature se refl\u00e9ter \u00bb, explique-t-elle. \u00ab Ce jeu constant entre l\u2019ext\u00e9rieur et l\u2019int\u00e9rieur est ce qui rend cet endroit si sp\u00e9cial. \u00bb<\/p>\n","protected":false},"excerpt":{"rendered":"La salle de bains principale est baign\u00e9e de lumi\u00e8re naturelle gr\u00e2ce aux nouvelles fen\u00eatres qui refl\u00e8tent les carreaux&hellip;\n","protected":false},"author":2,"featured_media":661807,"comment_status":"","ping_status":"","sticky":false,"template":"","format":"standard","meta":{"footnotes":""},"categories":[1358],"tags":[1348,1384,1385,2139,1386,58,59,1011,27,6997,3798],"class_list":{"0":"post-661806","1":"post","2":"type-post","3":"status-publish","4":"format-standard","5":"has-post-thumbnail","7":"category-arts-et-design","8":"tag-arts","9":"tag-arts-and-design","10":"tag-arts-et-design","11":"tag-californie","12":"tag-design","13":"tag-divertissement","14":"tag-entertainment","15":"tag-fr","16":"tag-france","17":"tag-maison-darchitecte","18":"tag-modernisme"},"share_on_mastodon":{"url":"https:\/\/pubeurope.com\/@fr\/115890699948577412","error":""},"_links":{"self":[{"href":"https:\/\/www.europesays.com\/fr\/wp-json\/wp\/v2\/posts\/661806","targetHints":{"allow":["GET"]}}],"collection":[{"href":"https:\/\/www.europesays.com\/fr\/wp-json\/wp\/v2\/posts"}],"about":[{"href":"https:\/\/www.europesays.com\/fr\/wp-json\/wp\/v2\/types\/post"}],"author":[{"embeddable":true,"href":"https:\/\/www.europesays.com\/fr\/wp-json\/wp\/v2\/users\/2"}],"replies":[{"embeddable":true,"href":"https:\/\/www.europesays.com\/fr\/wp-json\/wp\/v2\/comments?post=661806"}],"version-history":[{"count":0,"href":"https:\/\/www.europesays.com\/fr\/wp-json\/wp\/v2\/posts\/661806\/revisions"}],"wp:featuredmedia":[{"embeddable":true,"href":"https:\/\/www.europesays.com\/fr\/wp-json\/wp\/v2\/media\/661807"}],"wp:attachment":[{"href":"https:\/\/www.europesays.com\/fr\/wp-json\/wp\/v2\/media?parent=661806"}],"wp:term":[{"taxonomy":"category","embeddable":true,"href":"https:\/\/www.europesays.com\/fr\/wp-json\/wp\/v2\/categories?post=661806"},{"taxonomy":"post_tag","embeddable":true,"href":"https:\/\/www.europesays.com\/fr\/wp-json\/wp\/v2\/tags?post=661806"}],"curies":[{"name":"wp","href":"https:\/\/api.w.org\/{rel}","templated":true}]}}