{"id":661808,"date":"2026-01-14T00:49:14","date_gmt":"2026-01-14T00:49:14","guid":{"rendered":"https:\/\/www.europesays.com\/fr\/661808\/"},"modified":"2026-01-14T00:49:14","modified_gmt":"2026-01-14T00:49:14","slug":"le-jeu-de-france-2-deprogramme-en-urgence-apres-une-catastrophe-en-haute-montagne","status":"publish","type":"post","link":"https:\/\/www.europesays.com\/fr\/661808\/","title":{"rendered":"le jeu de France 2\u00a0d\u00e9programm\u00e9 en urgence apr\u00e8s une catastrophe en haute montagne"},"content":{"rendered":"<p class=\"app_entry_lead\">\n<p>                    <a title=\"\u00a0\u00a9\u00a0Thomas Braut - 2P2L - France T\u00e9l\u00e9visions, via PhotoT\u00e9l\u00e9\" href=\"https:\/\/www.europesays.com\/fr\/wp-content\/uploads\/2026\/01\/83983001.jpg\" class=\"fancy\"><\/p>\n<p>                            <img loading=\"lazy\" decoding=\"async\" src=\"https:\/\/www.europesays.com\/fr\/wp-content\/uploads\/2026\/01\/83983001.jpg\" alt=\"L'Anneau\u00a0: le jeu de France 2\u00a0d\u00e9programm\u00e9 en urgence apr\u00e8s une catastrophe en haute montagne\" width=\"1500\" height=\"991\"\/><\/p>\n<p>                    <\/a><\/p>\n<p>                                    France\u00a02\u00a0sacrifie un de ses jeux embl\u00e9matiques de 2026, d\u00e8s les premi\u00e8res diffusions, \u00e0 la suite d&rsquo;un v\u00e9ritable drame.\n                            <\/p>\n<p>                Je m&rsquo;abonne aux Infos \u00e0 ne pas rater<\/p>\n<p>Lancer un nouveau jeu \u00e0 la t\u00e9l\u00e9vision est toujours un pari audacieux pour les cha\u00eenes, surtout durant les f\u00eates de fin d&rsquo;ann\u00e9e. Cette saison hivernale 2025-2026\u00a0restera dans les annales comme particuli\u00e8rement cruelle voire mortelle pour les nouveaux divertissements. Et TF1 et M6 ne diront pas le contraire.<\/p>\n<p>La premi\u00e8re cha\u00eene a ouvert le bal des d\u00e9ceptions avec Bataille navale, une nouvelle id\u00e9e d&rsquo;Arthur coul\u00e9e d\u00e8s la premi\u00e8re sortie en mer. Le concept semblait pourtant prometteur sur le papier :\u00a0jeu connu de tous, adaptation millim\u00e9tr\u00e9e pour la TV, mise en sc\u00e8ne spectaculaire&#8230; Las, le programme n&rsquo;a s\u00e9duit que 1,37\u00a0million de t\u00e9l\u00e9spectateurs lors de son lancement. Un score insuffisant pour la direction de TF1, qui a rapidement compris que la mayonnaise ne prendrait pas.<\/p>\n<p>M6\u00a0n&rsquo;a pas connu meilleure fortune avec Pandore, nouveau jeu d&rsquo;aventures pr\u00e9par\u00e9 depuis des mois. La cha\u00eene avait pourtant mis tous les atouts de son c\u00f4t\u00e9\u00a0: un format international d\u00e9j\u00e0 test\u00e9 aux Pays-Bas et en Hongrie, une production assur\u00e9e par les cr\u00e9ateurs des Tra\u00eetres \u2013 l&rsquo;un des derniers succ\u00e8s de la Six \u2013 et surtout le recrutement tr\u00e8s m\u00e9diatis\u00e9 d&rsquo;Olivier Minne, d\u00e9bauch\u00e9 de France T\u00e9l\u00e9visions. Apr\u00e8s 1,8\u00a0million de curieux lors du lancement du 22\u00a0d\u00e9cembre, l&rsquo;enthousiasme fut de courte dur\u00e9e. D\u00e8s la deuxi\u00e8me semaine, l&rsquo;\u00e9mission perdait la moiti\u00e9 de son audience, un effondrement brutal qui a sonn\u00e9 le glas des ambitions de M6.<\/p>\n<p><img decoding=\"async\" alt=\"\" src=\"https:\/\/www.europesays.com\/fr\/wp-content\/uploads\/2026\/01\/84756699.jpg\"\/><br \/>\n\u00a9\u00a0Thomas Braut &#8211; 2P2L &#8211; France T\u00e9l\u00e9visions via PhotoT\u00e9l\u00e9<\/p>\n<p>Pourquoi L\u2019Anneau a \u00e9t\u00e9 d\u00e9programm\u00e9 d\u00e8s ce mardi 13 janvier ?<\/p>\n<p>Dans ce contexte d\u00e9j\u00e0 morose, France\u00a02\u00a0esp\u00e9rait tirer son \u00e9pingle du jeu avec L&rsquo;Anneau, concept de survie en haute montagne pr\u00e9sent\u00e9 par Laurent Luyat. Le journaliste sportif, habitu\u00e9 des terrasses de Roland-Garros et des arriv\u00e9es d&rsquo;\u00e9tapes du Tour de France, endossait pour l&rsquo;occasion un nouveau costume d&rsquo;animateur de divertissement. Le principe paraissait, une fois encore, s\u00e9duisant\u00a0: treize candidats l\u00e2ch\u00e9s dans des conditions extr\u00eames en haut altitude du c\u00f4t\u00e9 d\u2019Isola 2000, confront\u00e9s \u00e0 des temp\u00e9ratures pouvant descendre jusqu&rsquo;\u00e0 -19\u00b0C, devant survivre et s&rsquo;affronter dans diverses \u00e9preuves physiques et mentales. Une sorte de \u00ab\u00a0Koh-Lanta des neiges\u00a0\u00bb susceptible de captiver le public en qu\u00eate de sensations fortes et d&rsquo;\u00e9motions vraies.<\/p>\n<p>H\u00e9las, d\u00e8s la premi\u00e8re diffusion le 30\u00a0d\u00e9cembre, les signaux d&rsquo;alarme se sont allum\u00e9s. Le d\u00e9marrage timide s&rsquo;est rapidement transform\u00e9 en d\u00e9route\u00a0: 1,09\u00a0million pour le premier \u00e9pisode de la soir\u00e9e (6,1% de part d&rsquo;audience), 803\u00a0000\u00a0pour le deuxi\u00e8me, et seulement 719\u00a0000\u00a0irr\u00e9ductibles pour le troisi\u00e8me. La deuxi\u00e8me soir\u00e9e de diffusion, le 6\u00a0janvier, a confirm\u00e9 la tendance n\u00e9gative avec une audience en chute libre\u00a0: 868\u00a0000\u00a0t\u00e9l\u00e9spectateurs pour le premier \u00e9pisode (4,7% du public), et \u00e0 peine 454\u00a0000\u00a0\u00e2mes en fin de soir\u00e9e. Une vraie catastrophe en haute montagne.<\/p>\n<p>Quand verra-t-on la suite et fin de L\u2019Anneau ?<\/p>\n<p>Face \u00e0 ce naufrage, France\u00a02\u00a0a tranch\u00e9 dans le vif. Dans un communiqu\u00e9 laconique diffus\u00e9 le 8\u00a0janvier en d\u00e9but de soir\u00e9e, la cha\u00eene publique a officialis\u00e9 la d\u00e9programmation imm\u00e9diate de L&rsquo;Anneau, remplac\u00e9 ce mardi par\u00a0<a href=\"https:\/\/www.linternaute.com\/television\/stars\/9609096-claude-francois-derriere-le-mythe-une-fille-cachee-et-une-image-maintes-fois-ecornee\/\" target=\"_blank\" rel=\"noopener\">un num\u00e9ro du Grand \u00c9chiquier consacr\u00e9 \u00e0 Claude Fran\u00e7ois<\/a>. La direction n&rsquo;a pas cherch\u00e9 \u00e0 masquer les raisons de cette d\u00e9cision brutale, \u00e9voquant sans d\u00e9tour une \u00ab\u00a0d\u00e9cote de -19%\u00a0\u00bb de la part d&rsquo;audience sur la case horaire depuis l&rsquo;arriv\u00e9e du programme. Un chiffre qui fait ironiquement \u00e9cho aux temp\u00e9ratures glaciales endur\u00e9es par les candidats.<\/p>\n<p>Le programme qui devait s&rsquo;achever en apoth\u00e9ose ce mardi 13\u00a0janvier en prime time sera finalement rel\u00e9gu\u00e9 en deuxi\u00e8me partie de soir\u00e9e, \u00e0 partir de 23h10. Les t\u00e9l\u00e9spectateurs les plus motiv\u00e9s pourront d\u00e9couvrir l&rsquo;identit\u00e9 du vainqueur aux alentours de 2h20\u00a0du matin. Pour les autres, les \u00e9pisodes 5\u00a0et 6\u00a0sont disponibles depuis le samedi 10\u00a0janvier sur la plateforme france.tv, tandis que les \u00e9pisodes 7\u00a0\u00e0 10\u00a0seront \u00ab\u00a0d\u00e9stock\u00e9s\u00a0\u00bb entre 23\u00a0heures et 2\u00a0heures du matin.<\/p>\n","protected":false},"excerpt":{"rendered":"France\u00a02\u00a0sacrifie un de ses jeux embl\u00e9matiques de 2026, d\u00e8s les premi\u00e8res diffusions, \u00e0 la suite d&rsquo;un v\u00e9ritable drame.&hellip;\n","protected":false},"author":2,"featured_media":661809,"comment_status":"","ping_status":"","sticky":false,"template":"","format":"standard","meta":{"footnotes":""},"categories":[1356],"tags":[76306,51761,58,59,51763,1011,27,51767,5240,252,1364],"class_list":{"0":"post-661808","1":"post","2":"type-post","3":"status-publish","4":"format-standard","5":"has-post-thumbnail","7":"category-television","8":"tag-cms-linternaute-9609066","9":"tag-controller-content","10":"tag-divertissement","11":"tag-entertainment","12":"tag-format-papier","13":"tag-fr","14":"tag-france","15":"tag-parallaxeinfeed","16":"tag-programme","17":"tag-television","18":"tag-tv"},"share_on_mastodon":{"url":"https:\/\/pubeurope.com\/@fr\/115890707894311410","error":""},"_links":{"self":[{"href":"https:\/\/www.europesays.com\/fr\/wp-json\/wp\/v2\/posts\/661808","targetHints":{"allow":["GET"]}}],"collection":[{"href":"https:\/\/www.europesays.com\/fr\/wp-json\/wp\/v2\/posts"}],"about":[{"href":"https:\/\/www.europesays.com\/fr\/wp-json\/wp\/v2\/types\/post"}],"author":[{"embeddable":true,"href":"https:\/\/www.europesays.com\/fr\/wp-json\/wp\/v2\/users\/2"}],"replies":[{"embeddable":true,"href":"https:\/\/www.europesays.com\/fr\/wp-json\/wp\/v2\/comments?post=661808"}],"version-history":[{"count":0,"href":"https:\/\/www.europesays.com\/fr\/wp-json\/wp\/v2\/posts\/661808\/revisions"}],"wp:featuredmedia":[{"embeddable":true,"href":"https:\/\/www.europesays.com\/fr\/wp-json\/wp\/v2\/media\/661809"}],"wp:attachment":[{"href":"https:\/\/www.europesays.com\/fr\/wp-json\/wp\/v2\/media?parent=661808"}],"wp:term":[{"taxonomy":"category","embeddable":true,"href":"https:\/\/www.europesays.com\/fr\/wp-json\/wp\/v2\/categories?post=661808"},{"taxonomy":"post_tag","embeddable":true,"href":"https:\/\/www.europesays.com\/fr\/wp-json\/wp\/v2\/tags?post=661808"}],"curies":[{"name":"wp","href":"https:\/\/api.w.org\/{rel}","templated":true}]}}