{"id":66181,"date":"2025-05-01T05:46:23","date_gmt":"2025-05-01T05:46:23","guid":{"rendered":"https:\/\/www.europesays.com\/fr\/66181\/"},"modified":"2025-05-01T05:46:23","modified_gmt":"2025-05-01T05:46:23","slug":"il-ne-vous-faudra-que-3h10-pour-rattraper-cette-serie-netflix-qui-a-bluffe-les-internautes-de-tele-loisirs","status":"publish","type":"post","link":"https:\/\/www.europesays.com\/fr\/66181\/","title":{"rendered":"Il ne vous faudra que 3h10 pour rattraper cette s\u00e9rie Netflix qui a bluff\u00e9 les internautes de T\u00e9l\u00e9-Loisirs"},"content":{"rendered":"<p>Sortie en 2023, cette s\u00e9rie pla\u00eet toujours aux abonn\u00e9s Netflix et aux internautes de T\u00e9l\u00e9 Loisirs. La bonne nouvelle, c&rsquo;est qu&rsquo;il vous faudra seulement 3h10 pour la voir en int\u00e9gralit\u00e9. <\/p>\n<p>S\u00e9rie nordique + faits divers + Netflix, ne serait-ce pas un cocktail gagnant ? La plateforme sort r\u00e9guli\u00e8rement de nouveaux programmes inspir\u00e9s d\u2019histoires criminelles qui ont r\u00e9ellement eu lieu. Derni\u00e8rement, les abonn\u00e9s ont pu regarder <a href=\"https:\/\/www.programme-tv.net\/news\/series-tv\/361268-monstre-netflix-leffroyable-histoire-vraie-de-lyle-et-erik-menendez\/\" data-api-deeplink=\"teleloisirs:\/\/news\/361268\" target=\"_blank\" rel=\"noopener\">Monstres : l\u2019histoire de Lyle et Erik Menendez<\/a>, par exemple. Mais Netflix excelle aussi dans les s\u00e9ries scandinaves qui happent les spectateurs. En avril, c\u2019est <a href=\"https:\/\/www.programme-tv.net\/news\/series-tv\/377332-exclu-lauteure-camilla-lackberg-le-dome-de-verre-reagit-a-la-serie-erica-avec-julie-de-bona-diffusee-sur-tf1\/\" data-api-deeplink=\"teleloisirs:\/\/news\/377332\" target=\"_blank\" rel=\"noopener\">Le D\u00f4me de verre<\/a> qui a conquis les abonn\u00e9s. En 2023, Netflix avait r\u00e9ussi \u00e0 combiner les deux dans la s\u00e9rie <b>The Nurse<\/b>, qui compte seulement quatre \u00e9pisodes. Cette s\u00e9rie danoise est bas\u00e9e sur une histoire vraie qui a secou\u00e9 le Danemark en 2015. Christina Aistrup Hansen \u00e9tait alors infirmi\u00e8re \u00e0 l\u2019h\u00f4pital Nyk\u00f8bing Falster. The Nurse est inspir\u00e9 du roman \u00e9ponyme \u00e9crit par Kristian Corfixen, qui revient sur les faits qui ont rendu la professionnelle de sant\u00e9 tristement c\u00e9l\u00e8bre.<\/p>\n<p>Les internautes ont ador\u00e9 The Nurse sur Netflix et vous la recommandent<\/p>\n<p>Une nuit de mars 2015, plusieurs patients du service de Christina Aistrup Hansen meurent. Pourtant, leur \u00e9tat de sant\u00e9 ne s&rsquo;\u00e9tait pas particuli\u00e8rement d\u00e9grad\u00e9, et ils n\u2019auraient pas d\u00fb succomber \u00e0 leur passage \u00e0 l\u2019h\u00f4pital. Une enqu\u00eate interne est alors ouverte. Une coll\u00e8gue de Christina, inqui\u00e8te des agissements de cette derni\u00e8re, fait part de ses doutes sur son professionnalisme. Et si Christina \u00e9tait \u00e0 l\u2019origine des d\u00e9c\u00e8s, et bien d\u2019autres encore ? Pour d\u00e9couvrir l\u2019ampleur de cette histoire, il faut regarder les quatre \u00e9pisodes de The Nurse, qui se regardent en 3h10 seulement. Les internautes de T\u00e9l\u00e9 Loisirs sont en tout cas conquis. Sur le groupe Facebook<a href=\"https:\/\/www.facebook.com\/groups\/368619363542041\/permalink\/1906411453096150\/\" target=\"_blank\" rel=\"noopener\"> <\/a>Netflix France g\u00e9r\u00e9 par T\u00e9l\u00e9-Loisirs, ils en parlent encore, deux ans apr\u00e8s la sortie du show. \u00ab\u00a0Suspense garanti\u00a0\u00bb, \u00e9crit un abonn\u00e9. \u00ab\u00a0Vous n\u2019allez pas regretter\u00a0\u00bb, pense un autre. Plusieurs acquiescent et poussent les novices \u00e0 regarder cette s\u00e9rie qu\u2019ils ont \u00ab\u00a0aim\u00e9\u00a0\u00bb voire \u00ab\u00a0ador\u00e9\u00a0\u00bb.<\/p>\n<p>                        Quelle autre s\u00e9rie scandinave voir apr\u00e8s The Nurse ?<\/p>\n<p>The Nurse s\u2019inscrit dans la lign\u00e9e des thrillers scandinaves que l\u2019on adore voir sur Netflix. Au d\u00e9but de l\u2019ann\u00e9e, on s\u2019\u00e9tait tous laiss\u00e9s embarquer dans <a href=\"https:\/\/www.programme-tv.net\/news\/series-tv\/374252-en-attendant-la-saison-2-de-meurtres-a-are-sur-netflix-la-romanciere-viveca-sten-annonce-une-grande-nouvelle\/\" data-api-deeplink=\"teleloisirs:\/\/news\/374252\" target=\"_blank\" rel=\"noopener\">Meurtres \u00e0 \u00c5re<\/a>. On y suivait l\u2019inspectrice de police Hanna qui, pour se d\u00e9tendre apr\u00e8s des d\u00e9boires personnels, quittait Stockholm pour la station de ski d\u2019\u00c5re. L\u00e0, la jeune Amanda disparaissait, obligeant Hanna \u00e0 renfiler son uniforme de polici\u00e8re pour faire la lumi\u00e8re sur ce drame.<\/p>\n<p>Article \u00e9crit en collaboration avec 6M\u00e9dias.<\/p>\n","protected":false},"excerpt":{"rendered":"Sortie en 2023, cette s\u00e9rie pla\u00eet toujours aux abonn\u00e9s Netflix et aux internautes de T\u00e9l\u00e9 Loisirs. La bonne&hellip;\n","protected":false},"author":2,"featured_media":66182,"comment_status":"","ping_status":"","sticky":false,"template":"","format":"standard","meta":{"footnotes":""},"categories":[1356],"tags":[244,58,59,1011,27,127,1722,1721,129,252,16666,1364],"class_list":{"0":"post-66181","1":"post","2":"type-post","3":"status-publish","4":"format-standard","5":"has-post-thumbnail","7":"category-television","8":"tag-commentaire","9":"tag-divertissement","10":"tag-entertainment","11":"tag-fr","12":"tag-france","13":"tag-netflix","14":"tag-pub-streaming-netflix","15":"tag-su00e9rie-netflix","16":"tag-svod","17":"tag-television","18":"tag-the-nurse","19":"tag-tv"},"share_on_mastodon":{"url":"https:\/\/pubeurope.com\/@fr\/114430999493222061","error":""},"_links":{"self":[{"href":"https:\/\/www.europesays.com\/fr\/wp-json\/wp\/v2\/posts\/66181","targetHints":{"allow":["GET"]}}],"collection":[{"href":"https:\/\/www.europesays.com\/fr\/wp-json\/wp\/v2\/posts"}],"about":[{"href":"https:\/\/www.europesays.com\/fr\/wp-json\/wp\/v2\/types\/post"}],"author":[{"embeddable":true,"href":"https:\/\/www.europesays.com\/fr\/wp-json\/wp\/v2\/users\/2"}],"replies":[{"embeddable":true,"href":"https:\/\/www.europesays.com\/fr\/wp-json\/wp\/v2\/comments?post=66181"}],"version-history":[{"count":0,"href":"https:\/\/www.europesays.com\/fr\/wp-json\/wp\/v2\/posts\/66181\/revisions"}],"wp:featuredmedia":[{"embeddable":true,"href":"https:\/\/www.europesays.com\/fr\/wp-json\/wp\/v2\/media\/66182"}],"wp:attachment":[{"href":"https:\/\/www.europesays.com\/fr\/wp-json\/wp\/v2\/media?parent=66181"}],"wp:term":[{"taxonomy":"category","embeddable":true,"href":"https:\/\/www.europesays.com\/fr\/wp-json\/wp\/v2\/categories?post=66181"},{"taxonomy":"post_tag","embeddable":true,"href":"https:\/\/www.europesays.com\/fr\/wp-json\/wp\/v2\/tags?post=66181"}],"curies":[{"name":"wp","href":"https:\/\/api.w.org\/{rel}","templated":true}]}}