{"id":661812,"date":"2026-01-14T00:51:22","date_gmt":"2026-01-14T00:51:22","guid":{"rendered":"https:\/\/www.europesays.com\/fr\/661812\/"},"modified":"2026-01-14T00:51:22","modified_gmt":"2026-01-14T00:51:22","slug":"la-critique-dun-bijou-demotion-signe-sho-miyake","status":"publish","type":"post","link":"https:\/\/www.europesays.com\/fr\/661812\/","title":{"rendered":"la critique d&rsquo;un bijou d&rsquo;\u00e9motion sign\u00e9 Sho Miyake"},"content":{"rendered":"<p>                        <a class=\"author\" href=\"https:\/\/www.parismatch.com\/auteurs\/yannick-vely\" target=\"_blank\" rel=\"noopener\">Yannick Vely<\/a><br \/>\n        13\/01\/2026 \u00e0 21:33, Mis \u00e0 jour le 13\/01\/2026 \u00e0 21:39<\/p>\n<p class=\"intro\">Avant son sublime \u00abUn \u00e9t\u00e9 en hiver\u00bb, r\u00e9compens\u00e9 au Festival de Locarno, le r\u00e9alisateur nippon Sho Miyake d\u00e9montrait la finesse de son \u00e9criture cin\u00e9matographique avec \u00abJusqu&rsquo;\u00e0 l&rsquo;aube\u00bb.<\/p>\n<p><strong>Le synopsis<\/strong><\/p>\n<p>Misa et Takatoshi ne se connaissent pas encore lorsqu\u2019ils rejoignent une petite entreprise japonaise d\u2019astronomie. En qu\u00eate d\u2019un nouvel \u00e9quilibre, ils ont d\u00e9laiss\u00e9 une carri\u00e8re toute trac\u00e9e\u00a0: elle, en raison d\u2019un syndrome pr\u00e9menstruel qui bouleverse son quotidien\u00a0; lui, \u00e0 cause de crises de panique aigu\u00ebs. Peu \u00e0 peu, ils apprennent \u00e0 travailler autrement, se rapprochent, s\u2019apprivoisent\u2026 et d\u00e9couvrent qu\u2019une pr\u00e9sence suffit parfois \u00e0 \u00e9clairer la nuit.<\/p>\n<p>    La suite apr\u00e8s cette publicit\u00e9<\/p>\n<p>La critique de Paris Match (4\/5)<\/p>\n<p>Sur l\u2019affiche fran\u00e7aise du film, figurent deux \u00e9loges de r\u00e9alisateurs japonais illustres, Makoto Shinkai (\u00ab\u00a0Your Name\u00a0\u00bb) et Ryusuke Hamaguchi (\u00ab\u00a0Drive My Car\u00a0\u00bb). Ce n\u2019est pas un hasard (ni une fantaise, NDLR), tant on retrouve dans \u00ab\u00a0Jusqu\u2019\u00e0 l\u2019aube\u00a0\u00bb certaines qualit\u00e9s des films des auteurs pr\u00e9cit\u00e9s\u00a0: une grande finesse d\u2019\u00e9criture bien s\u00fbr, mais aussi une volont\u00e9 de ne pas \u00ab\u00a0forcer\u00a0\u00bb les conflits et de se laisser porter par la rencontre de deux \u00e2mes solitaires. Le point de d\u00e9part de \u00ab\u00a0Jusqu\u2019\u00e0 l\u2019aube\u00a0\u00bb est si minimaliste qu\u2019on doute qu\u2019il puisse tenir la distance, avec pour antih\u00e9ros, deux \u00ab\u00a0asociaux\u00a0\u00bb malgr\u00e9 eux, elle qui souffre de syndrome pr\u00e9menstruel, sujet \u00f4 combien tabou au Japon, lui de crises de panique, y compris en entreprise.<\/p>\n<p>    La suite apr\u00e8s cette publicit\u00e9<\/p>\n<p>Et pourtant\u2026 Le r\u00e9cit tient sur cette ligne de cr\u00eate entre joliesse et bienveillance, avec des id\u00e9es renversantes de po\u00e9sie, comme ce plan\u00e9tarium mobile, qui, finalement, r\u00e9sume parfaitement le projet du film. On doute de son utilit\u00e9, on en rit presque un peu, cynique que nous sommes, mais quand la sc\u00e8ne arrive, les larmes ne sont pas loin, des \u00e9toiles plein les yeux\u2026<\/p>\n<p>De Sho Miyake<br \/>Avec Hokuto Matsumura, Mone Kamishiraishi, Ry\u00f4<\/p>\n","protected":false},"excerpt":{"rendered":"Yannick Vely 13\/01\/2026 \u00e0 21:33, Mis \u00e0 jour le 13\/01\/2026 \u00e0 21:39 Avant son sublime \u00abUn \u00e9t\u00e9 en&hellip;\n","protected":false},"author":2,"featured_media":661813,"comment_status":"","ping_status":"","sticky":false,"template":"","format":"standard","meta":{"footnotes":""},"categories":[1354],"tags":[58,59,1346,1011,27,1360],"class_list":{"0":"post-661812","1":"post","2":"type-post","3":"status-publish","4":"format-standard","5":"has-post-thumbnail","7":"category-films","8":"tag-divertissement","9":"tag-entertainment","10":"tag-films","11":"tag-fr","12":"tag-france","13":"tag-movies"},"share_on_mastodon":{"url":"https:\/\/pubeurope.com\/@fr\/115890715792828274","error":""},"_links":{"self":[{"href":"https:\/\/www.europesays.com\/fr\/wp-json\/wp\/v2\/posts\/661812","targetHints":{"allow":["GET"]}}],"collection":[{"href":"https:\/\/www.europesays.com\/fr\/wp-json\/wp\/v2\/posts"}],"about":[{"href":"https:\/\/www.europesays.com\/fr\/wp-json\/wp\/v2\/types\/post"}],"author":[{"embeddable":true,"href":"https:\/\/www.europesays.com\/fr\/wp-json\/wp\/v2\/users\/2"}],"replies":[{"embeddable":true,"href":"https:\/\/www.europesays.com\/fr\/wp-json\/wp\/v2\/comments?post=661812"}],"version-history":[{"count":0,"href":"https:\/\/www.europesays.com\/fr\/wp-json\/wp\/v2\/posts\/661812\/revisions"}],"wp:featuredmedia":[{"embeddable":true,"href":"https:\/\/www.europesays.com\/fr\/wp-json\/wp\/v2\/media\/661813"}],"wp:attachment":[{"href":"https:\/\/www.europesays.com\/fr\/wp-json\/wp\/v2\/media?parent=661812"}],"wp:term":[{"taxonomy":"category","embeddable":true,"href":"https:\/\/www.europesays.com\/fr\/wp-json\/wp\/v2\/categories?post=661812"},{"taxonomy":"post_tag","embeddable":true,"href":"https:\/\/www.europesays.com\/fr\/wp-json\/wp\/v2\/tags?post=661812"}],"curies":[{"name":"wp","href":"https:\/\/api.w.org\/{rel}","templated":true}]}}