{"id":661822,"date":"2026-01-14T00:56:11","date_gmt":"2026-01-14T00:56:11","guid":{"rendered":"https:\/\/www.europesays.com\/fr\/661822\/"},"modified":"2026-01-14T00:56:11","modified_gmt":"2026-01-14T00:56:11","slug":"salope-je-vais-vous-torturer-insultes-punaises-de-lit-et-sous-effectifs-les-agents-de-la-mediatheque-de-la-canopee-a-paris-sont-a-bout","status":"publish","type":"post","link":"https:\/\/www.europesays.com\/fr\/661822\/","title":{"rendered":"\u00ab\u00a0Salope\u00a0\u00bb, \u00ab\u00a0Je vais vous torturer\u00a0\u00bb\u00a0: insultes, punaises de lit et sous-effectifs, les agents de la m\u00e9diath\u00e8que de la Canop\u00e9e \u00e0 Paris sont \u00e0 bout"},"content":{"rendered":"<p class=\"paragraph text_align_left lp-f-body-02\">\u00ab Les conditions ne sont pas remplies pour permettre une r\u00e9ouverture de la m\u00e9diath\u00e8que. \u00bb Depuis plusieurs semaines, ce message en rouge s\u2019affiche inlassablement sur le site de la mairie de Paris concernant la m\u00e9diath\u00e8que de la Canop\u00e9e.<\/p>\n<p class=\"\">Ferm\u00e9 depuis le 19 d\u00e9cembre dernier pour \u00ab suspicion de punaises de lit \u00bb, l\u2019\u00e9tablissement du <a href=\"https:\/\/www.leparisien.fr\/paris-75\/paris-75001\/\" target=\"_blank\" rel=\"noreferrer noopener\">Ier arrondissement<\/a> reste clos, sans date de r\u00e9ouverture en vue. Mais derri\u00e8re ce probl\u00e8me sanitaire se cache une crise sociale bien plus profonde.<\/p>\n<p>Succession d\u2019infestations<\/p>\n<p class=\"\">Lundi 12 janvier, le syndicat SUPAP-FSU a publi\u00e9 un communiqu\u00e9 de presse d\u00e9non\u00e7ant les \u00ab graves difficult\u00e9s \u00bb subies par les biblioth\u00e9caires. Depuis ce lundi apr\u00e8s-midi, plusieurs agents exercent leur droit de retrait, refusant l\u2019ouverture au public r\u00e9clam\u00e9e par leur hi\u00e9rarchie. Le syndicat a d\u00e9clench\u00e9 une alerte pour \u00ab Danger Grave et Imminent \u00bb, entra\u00eenant une co-enqu\u00eate avec l\u2019administration.<\/p>\n<p class=\"\">Les probl\u00e8mes sanitaires ne datent pas d\u2019hier. Dans une lettre ouverte adress\u00e9e le 10 d\u00e9cembre \u00e0 l\u2019ensemble du r\u00e9seau <a href=\"https:\/\/www.leparisien.fr\/paris-75\/livres-cd-dvd-a-paris-les-bibliotheques-priees-detaler-leurs-depenses-03-10-2024-5EGRR4RIXBHSNCUTOFQBAULO2U.php\" target=\"_blank\" rel=\"noreferrer noopener\">des biblioth\u00e8ques de la Ville de Paris<\/a> rappelait que depuis 2023, l\u2019\u00e9tablissement subit des infestations r\u00e9currentes de punaises de lit et de poux de corps, ayant entra\u00een\u00e9 \u00ab plusieurs fermetures \u00bb.<\/p>\n<p class=\"\">La Ville de Paris relativise. Elle indique qu\u2019en novembre dernier, le SMASH a constat\u00e9 \u00ab la pr\u00e9sence d\u2019une punaise vivante isol\u00e9e ne pr\u00e9sentant aucun risque d\u2019infestation \u00bb. \u00ab Plusieurs mesures de pr\u00e9cautions \u00bb ont \u00e9t\u00e9 prises : passage d\u2019un chien d\u00e9tecteur, d\u00e9sinfection g\u00e9n\u00e9rale et lavage de la moquette effectu\u00e9 lundi 12 janvier.<\/p>\n<p>Agressions quotidiennes et climat de violence<\/p>\n<p class=\"\">Mais c\u2019est surtout le climat de violence qui mine l\u2019\u00e9quipe. En octobre 2025, dix-sept incidents de niveau 2 ou plus ont \u00e9t\u00e9 recens\u00e9s sur vingt-cinq jours d\u2019ouverture, dont deux agressions caract\u00e9ris\u00e9es sur agents et des menaces de mort. Les biblioth\u00e9caires rapportent des insultes \u00e0 caract\u00e8re raciste, sexiste et validiste. \u00ab Va te faire enculer salope, tu es mal bais\u00e9e \u00bb, \u00ab Si tu me fais chier je te d\u00e9fonce la gueule \u00bb, ou encore \u00ab Vous \u00eates une merde \u00bb et \u00ab Je vais vous torturer \u00bb : autant de propos recens\u00e9s dans les fiches d\u2019incidents.<\/p>\n<p class=\"\">Avec 16 000 visiteurs par mois en moyenne, pouvant atteindre 20 900, la m\u00e9diath\u00e8que de la Canop\u00e9e figure parmi les plus fr\u00e9quent\u00e9es du r\u00e9seau parisien. \u00ab Pourtant, l\u2019\u00e9quipe ne compte que 23 agents, contre 41 \u00e0 H\u00e9l\u00e8ne Berr et 49 \u00e0 Marguerite Duras. Actuellement, seuls 13 \u00e9quivalents temps plein sont pr\u00e9sents, soit \u00ab moins 30 \u00e0 40 % de l\u2019effectif cible \u00bb, d\u00e9nonce le syndicat.<\/p>\n<p class=\"\">L\u2019\u00e9tablissement ouvre 41 heures par semaine, soit plus que la plupart <a href=\"https:\/\/www.leparisien.fr\/paris-75\/paris-une-dizaine-de-bibliotheques-perturbees-ou-en-sont-les-reparations-09-03-2025-UNDDVZUYVVDSNISDFBFXCFOMXQ.php\" target=\"_blank\" rel=\"noreferrer noopener\">des biblioth\u00e8ques du r\u00e9seau<\/a>, mais ne dispose que de 1 050 m2 et 35 places assises. Les agents r\u00e9clament entre autres \u00ab l\u2019instauration de la NBI \u00bb (Nouvelle Bonification Indiciaire), \u00ab la pr\u00e9sence d\u2019un vigile \u00bb et \u00ab une r\u00e9duction drastique de l\u2019amplitude horaire \u00bb.<\/p>\n<p>Des mesures annonc\u00e9es par la Ville<\/p>\n<p class=\"\">La Ville de Paris assure que \u00ab la s\u00e9curit\u00e9 de ses agents \u00bb est \u00ab la priorit\u00e9 \u00bb. Plusieurs mesures ont \u00e9t\u00e9 annonc\u00e9es : des horaires d\u2019ouverture am\u00e9nag\u00e9s (14h-18h du mardi au vendredi au lieu de 12h-19h), \u00ab l\u2019arriv\u00e9e d\u2019un agent de s\u00e9curit\u00e9 pr\u00e9sent tous les jours aux horaires d\u2019ouverture \u00bb pour un co\u00fbt de 35 000 euros, et \u00ab l\u2019arriv\u00e9e de 4 nouveaux agents pr\u00e9vue le 1er f\u00e9vrier \u00bb.<\/p>\n<p class=\"\">Mais pour le syndicat, ces annonces ne suffisent pas. La semaine derni\u00e8re, alors que la pr\u00e9sence de punaises \u00e9tait confirm\u00e9e et pas encore trait\u00e9e, le Service des biblioth\u00e8ques et de la lecture (SBL) aurait exig\u00e9 la r\u00e9ouverture, selon le syndicat. Apr\u00e8s intervention des repr\u00e9sentants du personnel, l\u2019administration a recul\u00e9.<\/p>\n<p class=\"\">Mais quelques heures apr\u00e8s une r\u00e9union avec l\u2019\u00e9quipe lundi dernier, \u00ab le chef du SBL adresse un mail \u00e0 l\u2019\u00e9tablissement demandant la r\u00e9ouverture imm\u00e9diate \u00bb, d\u00e9nonce le SUPAP-FSU, qui pointe \u00ab l\u2019absence totale d\u2019empathie \u00bb. L\u2019\u00e9quipe \u00e9voque des \u00ab arr\u00eats maladie \u00bb, des \u00ab consultations en urgence de la m\u00e9decine du travail \u00bb, des \u00ab d\u00e9parts \u00bb et une \u00ab non-attractivit\u00e9 des fiches de poste \u00bb.<\/p>\n<p>R\u00e9ouverture repouss\u00e9e \u00e0 d\u00e9but f\u00e9vrier<\/p>\n<p class=\"\">Compte tenu de la proc\u00e9dure de danger grave et imminent d\u00e9clench\u00e9e par le syndicat, une \u00ab enqu\u00eate conjointe administration\/syndicat \u00bb doit commencer \u00ab au plus t\u00f4t afin d\u2019objectiver la situation \u00bb, indique la Ville. \u00ab Dans ce contexte, il est probable que la biblioth\u00e8que demeure ferm\u00e9e au moins jusqu\u2019au d\u00e9but de f\u00e9vrier \u00bb, pr\u00e9cise-t-elle.<\/p>\n<p class=\"\">Le 18 d\u00e9cembre 2025, le SUPAP-FSU avait d\u00e9pos\u00e9 un pr\u00e9avis de gr\u00e8ve pour toute l\u2019ann\u00e9e 2026, comme ce fut le cas en 2025 et affirme dans son dernier communiqu\u00e9 \u00eatre \u00ab pr\u00eats \u00e0 appeler \u00e0 la gr\u00e8ve \u00bb.<\/p>\n","protected":false},"excerpt":{"rendered":"\u00ab Les conditions ne sont pas remplies pour permettre une r\u00e9ouverture de la m\u00e9diath\u00e8que. \u00bb Depuis plusieurs semaines,&hellip;\n","protected":false},"author":2,"featured_media":661823,"comment_status":"","ping_status":"","sticky":false,"template":"","format":"standard","meta":{"footnotes":""},"categories":[6],"tags":[35,33,34,1011,27,1944,626],"class_list":{"0":"post-661822","1":"post","2":"type-post","3":"status-publish","4":"format-standard","5":"has-post-thumbnail","7":"category-economie","8":"tag-business","9":"tag-economie","10":"tag-economy","11":"tag-fr","12":"tag-france","13":"tag-ma-ville","14":"tag-paris"},"share_on_mastodon":{"url":"https:\/\/pubeurope.com\/@fr\/115890735242266879","error":""},"_links":{"self":[{"href":"https:\/\/www.europesays.com\/fr\/wp-json\/wp\/v2\/posts\/661822","targetHints":{"allow":["GET"]}}],"collection":[{"href":"https:\/\/www.europesays.com\/fr\/wp-json\/wp\/v2\/posts"}],"about":[{"href":"https:\/\/www.europesays.com\/fr\/wp-json\/wp\/v2\/types\/post"}],"author":[{"embeddable":true,"href":"https:\/\/www.europesays.com\/fr\/wp-json\/wp\/v2\/users\/2"}],"replies":[{"embeddable":true,"href":"https:\/\/www.europesays.com\/fr\/wp-json\/wp\/v2\/comments?post=661822"}],"version-history":[{"count":0,"href":"https:\/\/www.europesays.com\/fr\/wp-json\/wp\/v2\/posts\/661822\/revisions"}],"wp:featuredmedia":[{"embeddable":true,"href":"https:\/\/www.europesays.com\/fr\/wp-json\/wp\/v2\/media\/661823"}],"wp:attachment":[{"href":"https:\/\/www.europesays.com\/fr\/wp-json\/wp\/v2\/media?parent=661822"}],"wp:term":[{"taxonomy":"category","embeddable":true,"href":"https:\/\/www.europesays.com\/fr\/wp-json\/wp\/v2\/categories?post=661822"},{"taxonomy":"post_tag","embeddable":true,"href":"https:\/\/www.europesays.com\/fr\/wp-json\/wp\/v2\/tags?post=661822"}],"curies":[{"name":"wp","href":"https:\/\/api.w.org\/{rel}","templated":true}]}}