{"id":66183,"date":"2025-05-01T05:47:08","date_gmt":"2025-05-01T05:47:08","guid":{"rendered":"https:\/\/www.europesays.com\/fr\/66183\/"},"modified":"2025-05-01T05:47:08","modified_gmt":"2025-05-01T05:47:08","slug":"jai-savoure-chaque-minute-aupres-de-ce-poete-faustine-bollaert-sous-le-charme-dun-celebre-chanteur-francais","status":"publish","type":"post","link":"https:\/\/www.europesays.com\/fr\/66183\/","title":{"rendered":"\u00ab\u00a0J\u2019ai savour\u00e9 chaque minute aupr\u00e8s de ce po\u00e8te\u2026\u00a0\u00bb : Faustine Bollaert sous le charme d&rsquo;un c\u00e9l\u00e8bre chanteur fran\u00e7ais"},"content":{"rendered":"<p>      R\u00e9sum\u00e9<\/p>\n<p>Faustine Bollaert exprime toute son admiration pour Serge Lama lors d&rsquo;un hommage t\u00e9l\u00e9vis\u00e9, marquant ses 60 ans de carri\u00e8re.<\/p>\n<p>        Sommaire<\/p>\n<p>Apr\u00e8s Alain Chamfort et Sylvie Vartan, <a href=\"https:\/\/www.public.fr\/serge-lama-a-la-retraite-il-fait-une-grande-annonce\" target=\"_blank\" rel=\"noopener\"><strong>Serge Lama<\/strong> a pris la triste d\u00e9cision de mettre un terme \u00e0 sa carri\u00e8re<\/a>. <\/p>\n<p>\u00ab\u00a0J&rsquo;ai vu des grands chanteurs chanter assis pour leur derni\u00e8re fois, je trouvais que c&rsquo;\u00e9tait tr\u00e8s moche. \u00c7a m&rsquo;a fait beaucoup de peine.\u00a0Trenet notamment ou Reggiani, qui \u00e9tait comme emmur\u00e9 dans une cage, il ne pouvait rien faire. On l\u2019amenait sur sc\u00e8ne, comme \u00e7a\u2026 <strong>Je refuse de montrer au public quelque chose pour lequel il ne vient pas<\/strong>.\u00a0C&rsquo;est un m\u00e9tier de vie, c&rsquo;est un m\u00e9tier d&rsquo;\u00e9lan, donc il faut le faire tant qu&rsquo;on peut le faire\u00a0\u00bb, a-t-il confi\u00e9 sur le plateau de C \u00e0 vous avant d&rsquo;annoncer la date de son d\u00e9part : le 11 f\u00e9vrier 2024, jour de son passage dans l&rsquo;\u00e9mission Vivement dimanche, anim\u00e9e par Michel Drucker.<\/p>\n<p>Hommage \u00e0 Serge Lama sur France T\u00e9l\u00e9visions<\/p>\n<p>Malgr\u00e9 ce d\u00e9sir de s&rsquo;\u00e9loigner des projecteurs, Serge Lama sera de nouveau \u00e0 l&rsquo;honneur tr\u00e8s prochainement. <a href=\"https:\/\/www.public.fr\/serge-lama-une-derniere-apparition-tele-zaz-lara-fabian-pascal-obispo-convoques\" target=\"_blank\" rel=\"noopener\">France T\u00e9l\u00e9visions a en effet choisi de rendre hommage au chanteur<\/a> de 82 ans \u00e0 l&rsquo;occasion de ses <strong>60 ans de carri\u00e8re<\/strong>. Un \u00e9v\u00e8nement que <a href=\"https:\/\/www.public.fr\/tag\/faustine-bollaert\" target=\"_blank\" rel=\"noopener\">Faustine Bollaert<\/a> ne pouvait visiblement pas manquer.<\/p>\n<p>Ce mercredi 30 avril 2025, l&rsquo;animatrice vedette a justement pris la parole sur ses <a href=\"https:\/\/www.instagram.com\/faustinebollaert\/\" target=\"_blank\" rel=\"noreferrer noopener\">r\u00e9seaux sociaux<\/a> pour clamer haut et fort toute son admiration pour l&rsquo;artiste. <\/p>\n<p>Faustine Bollaert aux anges<\/p>\n<p>\u00ab\u00a0Il y a des soirs comme \u00e7a o\u00f9 le temps s\u2019arr\u00eate. Au th\u00e9\u00e2tre Marigny il y a quelques heures, entour\u00e9e des plus grands artistes venus rendre hommage \u00e0 Serge Lama\u2026 <strong>j\u2019ai savour\u00e9 chaque minute aupr\u00e8s de ce po\u00e8te, aussi impressionnant que touchant<\/strong>\u00ab\u00a0, a confi\u00e9 celle qui a eu le privil\u00e8ge d&rsquo;animer Serge Lama : Le Dernier Rappel au th\u00e9\u00e2tre Marigny, dans le 8e arrondissement de Paris. Une \u00e9mission \u00e9v\u00e9nement dont la date de diffusion reste, pour l&rsquo;instant, tenue secr\u00e8te.<\/p>\n<p>Et d&rsquo;ajouter : \u00ab\u00a0Avec un sentiment profond de gratitude de pouvoir vivre ces moments privil\u00e9gi\u00e9s. J\u2019aime infiniment mon m\u00e9tier. Merci \u00e0 tous ceux autour de moi qui me permettent de l\u2019exercer. Ils se reconna\u00eetront. Le dernier rappel de @sergelama.officiel c\u2019est bient\u00f4t sur @francetelevisions @jeanfifous @alecredde et toutes leurs \u00e9quipes\u00a0\u00bb. Une publication qui n&rsquo;a pas manqu\u00e9 de mettre l&rsquo;eau \u00e0 la bouche des fans. <\/p>\n<p>      Mentionn\u00e9s dans cet article<\/p>\n<p>\u00c0 lire aussi<\/p>\n<p><script async src=\"\/\/www.instagram.com\/embed.js\"><\/script><\/p>\n","protected":false},"excerpt":{"rendered":"R\u00e9sum\u00e9 Faustine Bollaert exprime toute son admiration pour Serge Lama lors d&rsquo;un hommage t\u00e9l\u00e9vis\u00e9, marquant ses 60 ans&hellip;\n","protected":false},"author":2,"featured_media":66184,"comment_status":"","ping_status":"","sticky":false,"template":"","format":"standard","meta":{"footnotes":""},"categories":[1355],"tags":[58,59,6308,1011,27,1361,873,10942],"class_list":{"0":"post-66183","1":"post","2":"type-post","3":"status-publish","4":"format-standard","5":"has-post-thumbnail","7":"category-musique","8":"tag-divertissement","9":"tag-entertainment","10":"tag-faustine-bollaert","11":"tag-fr","12":"tag-france","13":"tag-music","14":"tag-musique","15":"tag-serge-lama"},"share_on_mastodon":{"url":"https:\/\/pubeurope.com\/@fr\/114431003596464946","error":""},"_links":{"self":[{"href":"https:\/\/www.europesays.com\/fr\/wp-json\/wp\/v2\/posts\/66183","targetHints":{"allow":["GET"]}}],"collection":[{"href":"https:\/\/www.europesays.com\/fr\/wp-json\/wp\/v2\/posts"}],"about":[{"href":"https:\/\/www.europesays.com\/fr\/wp-json\/wp\/v2\/types\/post"}],"author":[{"embeddable":true,"href":"https:\/\/www.europesays.com\/fr\/wp-json\/wp\/v2\/users\/2"}],"replies":[{"embeddable":true,"href":"https:\/\/www.europesays.com\/fr\/wp-json\/wp\/v2\/comments?post=66183"}],"version-history":[{"count":0,"href":"https:\/\/www.europesays.com\/fr\/wp-json\/wp\/v2\/posts\/66183\/revisions"}],"wp:featuredmedia":[{"embeddable":true,"href":"https:\/\/www.europesays.com\/fr\/wp-json\/wp\/v2\/media\/66184"}],"wp:attachment":[{"href":"https:\/\/www.europesays.com\/fr\/wp-json\/wp\/v2\/media?parent=66183"}],"wp:term":[{"taxonomy":"category","embeddable":true,"href":"https:\/\/www.europesays.com\/fr\/wp-json\/wp\/v2\/categories?post=66183"},{"taxonomy":"post_tag","embeddable":true,"href":"https:\/\/www.europesays.com\/fr\/wp-json\/wp\/v2\/tags?post=66183"}],"curies":[{"name":"wp","href":"https:\/\/api.w.org\/{rel}","templated":true}]}}