{"id":661834,"date":"2026-01-14T01:02:19","date_gmt":"2026-01-14T01:02:19","guid":{"rendered":"https:\/\/www.europesays.com\/fr\/661834\/"},"modified":"2026-01-14T01:02:19","modified_gmt":"2026-01-14T01:02:19","slug":"entretien-de-lirenee-jacques-delors-les-paradoxes-dun-homme-detat-europeen-factuel","status":"publish","type":"post","link":"https:\/\/www.europesays.com\/fr\/661834\/","title":{"rendered":"[Entretien de l&rsquo;IRENEE] Jacques Delors, Les paradoxes d&rsquo;un homme d&rsquo;\u00c9tat europ\u00e9en &#8211; Factuel"},"content":{"rendered":"<p>Temps de lecture : 2 minutes<\/p>\n<p>Informations pratiques<\/p>\n<p><strong>Localisation : <\/strong>Salle des assembl\u00e9es &#8211; Facult\u00e9 de droit de Nancy<\/p>\n<p> <strong>Date de d\u00e9but :<\/strong> 22\/01\/2026 14:00 <strong>Date de fin : <\/strong> 22\/01\/2026 16:00<\/p>\n<p>Pr\u00e9sentation de l\u2019ouvrage Jacques Delors, Les paradoxes d\u2019un homme d\u2019\u00c9tat europ\u00e9en (La documentation fran\u00e7aise, 2025), par Michel MANGENOT, Professeur de science politique, Universit\u00e9 Paris 8 \/ CRESPPA UMR 7217, suivie d\u2019une discussion avec Gildas RENOU, Ma\u00eetre de conf\u00e9rences en science politique, Universit\u00e9 de Lorraine \/ IRENEE UR7303 et Anne-Laure RIOTTE, Post-doctorante en science politique.<\/p>\n<p><strong>R\u00e9sum\u00e9 de l\u2019ouvrage :<\/strong> Avec Jean Monnet et Helmut Kohl, Jacques Delors (1925-2023) est l\u2019un des trois seuls \u00ab\u00a0citoyens d\u2019honneur de l\u2019Europe\u00a0\u00bb, honor\u00e9s par le Conseil europ\u00e9en. \u00c0 l\u2019occasion du centenaire de sa naissance et trente ans apr\u00e8s son d\u00e9part de la pr\u00e9sidence de la Commission europ\u00e9enne, cet ouvrage collectif porte sur la trajectoire singuli\u00e8re qui fut la sienne.<br \/>Il pr\u00e9sente des moments m\u00e9connus de la carri\u00e8re de Jacques Delors, comme professeur \u00e0 l\u2019ENA ou d\u00e9put\u00e9 europ\u00e9en, avant son exp\u00e9rience de ministre de l\u2019\u00c9conomie et des Finances puis de pr\u00e9sident de la Commission.<br \/>De Paris \u00e0 Bruxelles, quelles continuit\u00e9s peut-on distinguer dans sa pens\u00e9e ? Marginalis\u00e9 en France, comment est-il devenu un homme d\u2019\u00c9tat europ\u00e9en ? Peut-on parler d\u2019un \u00ab\u00a0moment Delors\u00a0\u00bb ? Quelles ont \u00e9t\u00e9 ses relations avec des partenaires de premier plan comme Kohl, Thatcher et Gonz\u00e1lez ? Rassemblant quatorze historiens, politistes et juriste ainsi que cinq t\u00e9moins ayant travaill\u00e9 avec lui, Cet ouvrage contient \u00e9galement la reproduction de l\u2019un de ses cours donn\u00e9s \u00e0 l\u2019ENA et, pour la premi\u00e8re fois, la liste de l\u2019ensemble des publications de 1956 \u00e0 2022 de cet intellectuel autodidacte.<\/p>\n<p>\u00a0<\/p>\n<p><\/p>\n","protected":false},"excerpt":{"rendered":"Temps de lecture : 2 minutes Informations pratiques Localisation : Salle des assembl\u00e9es &#8211; Facult\u00e9 de droit de&hellip;\n","protected":false},"author":2,"featured_media":661835,"comment_status":"","ping_status":"","sticky":false,"template":"","format":"standard","meta":{"footnotes":""},"categories":[9635],"tags":[1111,11,1777,674,1011,27,775,1702,12,25],"class_list":{"0":"post-661834","1":"post","2":"type-post","3":"status-publish","4":"format-standard","5":"has-post-thumbnail","7":"category-nancy","8":"tag-actu","9":"tag-actualites","10":"tag-eu","11":"tag-europe","12":"tag-fr","13":"tag-france","14":"tag-grand-est","15":"tag-nancy","16":"tag-news","17":"tag-republique-francaise"},"share_on_mastodon":{"url":"https:\/\/pubeurope.com\/@fr\/115890758777988534","error":""},"_links":{"self":[{"href":"https:\/\/www.europesays.com\/fr\/wp-json\/wp\/v2\/posts\/661834","targetHints":{"allow":["GET"]}}],"collection":[{"href":"https:\/\/www.europesays.com\/fr\/wp-json\/wp\/v2\/posts"}],"about":[{"href":"https:\/\/www.europesays.com\/fr\/wp-json\/wp\/v2\/types\/post"}],"author":[{"embeddable":true,"href":"https:\/\/www.europesays.com\/fr\/wp-json\/wp\/v2\/users\/2"}],"replies":[{"embeddable":true,"href":"https:\/\/www.europesays.com\/fr\/wp-json\/wp\/v2\/comments?post=661834"}],"version-history":[{"count":0,"href":"https:\/\/www.europesays.com\/fr\/wp-json\/wp\/v2\/posts\/661834\/revisions"}],"wp:featuredmedia":[{"embeddable":true,"href":"https:\/\/www.europesays.com\/fr\/wp-json\/wp\/v2\/media\/661835"}],"wp:attachment":[{"href":"https:\/\/www.europesays.com\/fr\/wp-json\/wp\/v2\/media?parent=661834"}],"wp:term":[{"taxonomy":"category","embeddable":true,"href":"https:\/\/www.europesays.com\/fr\/wp-json\/wp\/v2\/categories?post=661834"},{"taxonomy":"post_tag","embeddable":true,"href":"https:\/\/www.europesays.com\/fr\/wp-json\/wp\/v2\/tags?post=661834"}],"curies":[{"name":"wp","href":"https:\/\/api.w.org\/{rel}","templated":true}]}}