{"id":661836,"date":"2026-01-14T01:03:28","date_gmt":"2026-01-14T01:03:28","guid":{"rendered":"https:\/\/www.europesays.com\/fr\/661836\/"},"modified":"2026-01-14T01:03:28","modified_gmt":"2026-01-14T01:03:28","slug":"100-sluc-la-quotidienne-entre-promesses-et-fragilite-le-paradoxe-du-sluc-nancy-basket","status":"publish","type":"post","link":"https:\/\/www.europesays.com\/fr\/661836\/","title":{"rendered":"100% SLUC, la quotidienne. Entre promesses et fragilit\u00e9\u00a0: le paradoxe du SLUC Nancy Basket"},"content":{"rendered":"<p class=\"PopSlotParagraph qg-tx2 qg-xtra-lh svelte-1r0pyek\">\u00c0 l\u2019heure du bilan de mi-saison, le constat est sans appel\u00a0: le SLUC Nancy, 11e (6V-9D) navigue \u00e0 vue, incapable de maintenir un cap lin\u00e9aire sur quarante minutes. Cette \u00e9quipe souffle le chaud et le froid, alternant des s\u00e9quences de jeu s\u00e9duisantes avec d&rsquo;inqui\u00e9tants effondrements, tant techniques qu\u2019\u00e9motionnels.<\/p>\n<p class=\"PopSlotParagraph qg-tx2 qg-xtra-lh svelte-1r0pyek\">La jeunesse de l\u2019effectif, si elle apporte une \u00e9nergie ind\u00e9niable, se heurte aujourd&rsquo;hui au mur de l\u2019exigence du haut niveau et d&rsquo;une Betclic Elite tr\u00e8s relev\u00e9e. Le manque de v\u00e9cu collectif et l&rsquo;inexp\u00e9rience individuelle de certains se font ressentir dans les moments de v\u00e9rit\u00e9, l\u00e0 o\u00f9 la lucidit\u00e9 devrait primer sur l&rsquo;instinct.<\/p>\n<p class=\"PopSlotParagraph qg-tx2 qg-xtra-lh svelte-1r0pyek\">Malgr\u00e9 un potentiel athl\u00e9tique et offensif \u00e9vident, le groupe ne parvient pas \u00e0 b\u00e2tir une identit\u00e9 solide. Les limites actuelles ne sont pas li\u00e9es \u00e0 un manque de talent, mais \u00e0 une instabilit\u00e9 chronique qui emp\u00eache de transformer les promesses en victoires probantes. Pour la suite du championnat, l&rsquo;enjeu est clair\u00a0: trouver enfin cette maturit\u00e9 n\u00e9cessaire pour ne plus subir les \u00e9v\u00e9nements. Le SLUC Nancy trouvera-t-il la solution\u00a0? Laurent Pilloni pose la question dans\u00a0<strong>100% SLUC.<\/strong><\/p>\n","protected":false},"excerpt":{"rendered":"\u00c0 l\u2019heure du bilan de mi-saison, le constat est sans appel\u00a0: le SLUC Nancy, 11e (6V-9D) navigue \u00e0&hellip;\n","protected":false},"author":2,"featured_media":661837,"comment_status":"","ping_status":"","sticky":false,"template":"","format":"standard","meta":{"footnotes":""},"categories":[9635],"tags":[1111,11,1777,674,1011,27,775,1702,12,25],"class_list":{"0":"post-661836","1":"post","2":"type-post","3":"status-publish","4":"format-standard","5":"has-post-thumbnail","7":"category-nancy","8":"tag-actu","9":"tag-actualites","10":"tag-eu","11":"tag-europe","12":"tag-fr","13":"tag-france","14":"tag-grand-est","15":"tag-nancy","16":"tag-news","17":"tag-republique-francaise"},"share_on_mastodon":{"url":"https:\/\/pubeurope.com\/@fr\/115890762783086689","error":""},"_links":{"self":[{"href":"https:\/\/www.europesays.com\/fr\/wp-json\/wp\/v2\/posts\/661836","targetHints":{"allow":["GET"]}}],"collection":[{"href":"https:\/\/www.europesays.com\/fr\/wp-json\/wp\/v2\/posts"}],"about":[{"href":"https:\/\/www.europesays.com\/fr\/wp-json\/wp\/v2\/types\/post"}],"author":[{"embeddable":true,"href":"https:\/\/www.europesays.com\/fr\/wp-json\/wp\/v2\/users\/2"}],"replies":[{"embeddable":true,"href":"https:\/\/www.europesays.com\/fr\/wp-json\/wp\/v2\/comments?post=661836"}],"version-history":[{"count":0,"href":"https:\/\/www.europesays.com\/fr\/wp-json\/wp\/v2\/posts\/661836\/revisions"}],"wp:featuredmedia":[{"embeddable":true,"href":"https:\/\/www.europesays.com\/fr\/wp-json\/wp\/v2\/media\/661837"}],"wp:attachment":[{"href":"https:\/\/www.europesays.com\/fr\/wp-json\/wp\/v2\/media?parent=661836"}],"wp:term":[{"taxonomy":"category","embeddable":true,"href":"https:\/\/www.europesays.com\/fr\/wp-json\/wp\/v2\/categories?post=661836"},{"taxonomy":"post_tag","embeddable":true,"href":"https:\/\/www.europesays.com\/fr\/wp-json\/wp\/v2\/tags?post=661836"}],"curies":[{"name":"wp","href":"https:\/\/api.w.org\/{rel}","templated":true}]}}