{"id":661842,"date":"2026-01-14T01:06:17","date_gmt":"2026-01-14T01:06:17","guid":{"rendered":"https:\/\/www.europesays.com\/fr\/661842\/"},"modified":"2026-01-14T01:06:17","modified_gmt":"2026-01-14T01:06:17","slug":"pepite-le-vide-greniers-de-la-halle-tropisme-fait-son-grand-retour","status":"publish","type":"post","link":"https:\/\/www.europesays.com\/fr\/661842\/","title":{"rendered":"P\u00e9pite, le vide-greniers de la Halle Tropisme, fait son grand retour"},"content":{"rendered":"<p>\n                                                                Le premier rendez-vous de ce rituel dominical est annonc\u00e9 pour le 11 f\u00e9vrier.\n                            <\/p>\n<p>Bonne nouvelle pour les chineurs montpelli\u00e9rains : P\u00e9pite, le vide-greniers embl\u00e9matique de la Halle Tropisme, signera son retour le dimanche 11 f\u00e9vrier au c\u0153ur de la Cit\u00e9 Cr\u00e9ative.<\/p>\n<p>Cet \u00e9v\u00e9nement hebdomadaire marque le d\u00e9but de l\u2019ann\u00e9e 2026 dans un rendez-vous populaire et convivial.<\/p>\n<p>Install\u00e9 sur la grande terrasse de la Halle Tropisme, lieu culturel incontournable du quartier, P\u00e9pite r\u00e9investit les lieux tous les dimanches matin de 10 h \u00e0 15 h. Une partie de la terrasse ainsi que l\u2019espace ext\u00e9rieur situ\u00e9 derri\u00e8re les pr\u00e9fabriqu\u00e9s se transforment en un v\u00e9ritable march\u00e9 de seconde main, ouvert \u00e0 toutes celles et ceux qui souhaitent donner une nouvelle vie \u00e0 leurs tr\u00e9sors oubli\u00e9s.<\/p>\n<p><b>Entre vingt et trente-cinq exposants<\/b><\/p>\n<p>V\u00eatements, bijoux, vaisselle, livres, d\u00e9coration, jouets\u2026 Les \u00e9tals regorgent de bonnes affaires et de trouvailles inattendues. Entre 20 et 35 exposants sont pr\u00e9sents \u00e0 chaque rendez-vous, majoritairement des particuliers, accompagn\u00e9s de quelques professionnels.<\/p>\n<p>Il est pens\u00e9 avant tout pour les habitants du secteur comme pour l\u2019ensemble des habitants qui viennent faire de bonnes affaires. C\u2019est le cas de St\u00e9phanie, les mains bien remplies : \u00ab\u00a0J\u2019habite dans le quartier Croix-d\u2019Argent. C\u2019est ma petite balade du dimanche matin\u00a0\u00bb, dit-elle.<\/p>\n<p>Une fois le tour de la brocante termin\u00e9, les chineurs profitent du lieu, le tout dans une ambiance d\u00e9tendue : du soleil, un caf\u00e9 et le plaisir de chiner \u00e0 ciel ouvert. Le vide-grenier s\u2019impose alors comme un moment de partage et de proximit\u00e9, de quoi faire de P\u00e9pite le nouveau rituel du dimanche.<\/p>\n<p>Correspondante Midi Libre : 07 83 23 80 89<\/p>\n","protected":false},"excerpt":{"rendered":"Le premier rendez-vous de ce rituel dominical est annonc\u00e9 pour le 11 f\u00e9vrier. Bonne nouvelle pour les chineurs&hellip;\n","protected":false},"author":2,"featured_media":661843,"comment_status":"","ping_status":"","sticky":false,"template":"","format":"standard","meta":{"footnotes":""},"categories":[9599],"tags":[1111,11,872,1777,674,1011,27,70255,71059,2208,12,2680,25],"class_list":{"0":"post-661842","1":"post","2":"type-post","3":"status-publish","4":"format-standard","5":"has-post-thumbnail","7":"category-montpellier","8":"tag-actu","9":"tag-actualites","10":"tag-culture-et-loisirs","11":"tag-eu","12":"tag-europe","13":"tag-fr","14":"tag-france","15":"tag-gastronomie-et-terroir","16":"tag-marchu00e9s","17":"tag-montpellier","18":"tag-news","19":"tag-occitanie","20":"tag-republique-francaise"},"share_on_mastodon":{"url":"https:\/\/pubeurope.com\/@fr\/115890774559018662","error":""},"_links":{"self":[{"href":"https:\/\/www.europesays.com\/fr\/wp-json\/wp\/v2\/posts\/661842","targetHints":{"allow":["GET"]}}],"collection":[{"href":"https:\/\/www.europesays.com\/fr\/wp-json\/wp\/v2\/posts"}],"about":[{"href":"https:\/\/www.europesays.com\/fr\/wp-json\/wp\/v2\/types\/post"}],"author":[{"embeddable":true,"href":"https:\/\/www.europesays.com\/fr\/wp-json\/wp\/v2\/users\/2"}],"replies":[{"embeddable":true,"href":"https:\/\/www.europesays.com\/fr\/wp-json\/wp\/v2\/comments?post=661842"}],"version-history":[{"count":0,"href":"https:\/\/www.europesays.com\/fr\/wp-json\/wp\/v2\/posts\/661842\/revisions"}],"wp:featuredmedia":[{"embeddable":true,"href":"https:\/\/www.europesays.com\/fr\/wp-json\/wp\/v2\/media\/661843"}],"wp:attachment":[{"href":"https:\/\/www.europesays.com\/fr\/wp-json\/wp\/v2\/media?parent=661842"}],"wp:term":[{"taxonomy":"category","embeddable":true,"href":"https:\/\/www.europesays.com\/fr\/wp-json\/wp\/v2\/categories?post=661842"},{"taxonomy":"post_tag","embeddable":true,"href":"https:\/\/www.europesays.com\/fr\/wp-json\/wp\/v2\/tags?post=661842"}],"curies":[{"name":"wp","href":"https:\/\/api.w.org\/{rel}","templated":true}]}}