{"id":661846,"date":"2026-01-14T01:08:12","date_gmt":"2026-01-14T01:08:12","guid":{"rendered":"https:\/\/www.europesays.com\/fr\/661846\/"},"modified":"2026-01-14T01:08:12","modified_gmt":"2026-01-14T01:08:12","slug":"cultura-va-installer-un-nouveau-magasin-dans-cette-grande-zone-commerciale","status":"publish","type":"post","link":"https:\/\/www.europesays.com\/fr\/661846\/","title":{"rendered":"Cultura va installer un nouveau magasin dans cette grande zone commerciale"},"content":{"rendered":"<p>                    Par<br \/>\n        <strong><br \/>\n            <a href=\"https:\/\/actu.fr\/auteur\/aurelien-delavaud\" title=\"Consulter tous les articles de Aur\u00e9lien Delavaud\" target=\"_blank\" rel=\"noopener\">Aur\u00e9lien Delavaud<\/a><br \/>\n                    <\/strong><\/p>\n<p>        Publi\u00e9 le<\/p>\n<p>            13 janv. 2026 \u00e0 16h58        <\/p>\n<p>Apr\u00e8s le d\u00e9m\u00e9nagement r\u00e9cent de son magasin de Barentin, pour de nouveaux locaux, <b>Cultura<\/b> est d\u00e9cid\u00e9 \u00e0 accro\u00eetre sa pr\u00e9sence dans la r\u00e9gion Normandie. Le mardi 13\u00a0janvier 2026, par le biais d\u2019un communiqu\u00e9, l\u2019enseigne sp\u00e9cialis\u00e9e dans les livres, CD, jeux et autres loisirs cr\u00e9atifs a annonc\u00e9 l\u2019ouverture au cours de l\u2019ann\u00e9e de son <b>cinqui\u00e8me magasin<\/b> normand, dans une grande zone commerciale.<\/p>\n<p>Un magasin de 1\u2009600 m\u00b2<\/p>\n<p class=\" wall-content\">Pour cette nouvelle ouverture, qu\u2019elle programme pour \u00ab\u2009la rentr\u00e9e des classes 2026\u2009\u00bb, la marque a jet\u00e9 son d\u00e9volu sur <a href=\"https:\/\/actu.fr\/normandie\/tourville-la-riviere_76705\" target=\"_blank\" rel=\"noopener\">Tourville-la-Rivi\u00e8re (Seine-Maritime)<\/a>. C\u2019est l\u00e0, dans la zone commerciale du Clos aux Antes, qu\u2019un <b>magasin de 1\u2009600 m\u00b2<\/b> va voir le jour.<\/p>\n<p class=\" wall-content\">Dans son communiqu\u00e9 de presse, Cultura pr\u00e9cise bien que ses futurs clients trouveront dans ce nouveau magasin \u00ab\u2009l\u2019ensemble des univers th\u00e9matiques de l\u2019enseigne\u2009\u00bb.<\/p>\n<p>Des recrutements pr\u00e9vus<\/p>\n<p class=\" wall-content\">Pour faire tourner la boutique, Cultura annonce d\u2019ores et d\u00e9j\u00e0 le <b>recrutement<\/b> de 19\u00a0personnes. Dans le d\u00e9tail, il y a trois postes de responsables de secteur et 16 postes de conseillers de vente \u00e0 pourvoir.<\/p>\n<p class=\" wall-content\">Pour les personnes int\u00e9ress\u00e9es, certains postes sont d\u00e9j\u00e0 ouverts aux candidatures, <a href=\"https:\/\/cultura.wd3.myworkdayjobs.com\/fr-FR\/Cultura\" target=\"_blank\" rel=\"noopener\">sur le site de recrutement de Cultura<\/a>.<\/p>\n<p class=\" wall-content\">Personnalisez votre actualit\u00e9 en ajoutant vos villes et m\u00e9dias en favori avec <a href=\"https:\/\/moncompte.actu.fr\" title=\"D\u00e9couvez Mon Actu\" rel=\"nofollow noopener\" data-trk=\"{&quot;cta&quot;:{&quot;action&quot;:&quot;https:\\\/\\\/moncompte.actu.fr&quot;,&quot;category&quot;:&quot;mon compte&quot;,&quot;from&quot;:&quot;article footer&quot;,&quot;name&quot;:&quot;Mon actu&quot;,&quot;type&quot;:&quot;cta&quot;}}\" target=\"_blank\">Mon Actu<\/a>.<\/p>\n","protected":false},"excerpt":{"rendered":"Par Aur\u00e9lien Delavaud Publi\u00e9 le 13 janv. 2026 \u00e0 16h58 Apr\u00e8s le d\u00e9m\u00e9nagement r\u00e9cent de son magasin de&hellip;\n","protected":false},"author":2,"featured_media":661847,"comment_status":"","ping_status":"","sticky":false,"template":"","format":"standard","meta":{"footnotes":""},"categories":[9587],"tags":[1111,11,215,1777,674,1011,27,1380,12,5161,25,9590,104],"class_list":{"0":"post-661846","1":"post","2":"type-post","3":"status-publish","4":"format-standard","5":"has-post-thumbnail","7":"category-rouen","8":"tag-actu","9":"tag-actualites","10":"tag-commerce","11":"tag-eu","12":"tag-europe","13":"tag-fr","14":"tag-france","15":"tag-livres","16":"tag-news","17":"tag-normandie","18":"tag-republique-francaise","19":"tag-rouen","20":"tag-societe"},"share_on_mastodon":{"url":"https:\/\/pubeurope.com\/@fr\/115890783771002390","error":""},"_links":{"self":[{"href":"https:\/\/www.europesays.com\/fr\/wp-json\/wp\/v2\/posts\/661846","targetHints":{"allow":["GET"]}}],"collection":[{"href":"https:\/\/www.europesays.com\/fr\/wp-json\/wp\/v2\/posts"}],"about":[{"href":"https:\/\/www.europesays.com\/fr\/wp-json\/wp\/v2\/types\/post"}],"author":[{"embeddable":true,"href":"https:\/\/www.europesays.com\/fr\/wp-json\/wp\/v2\/users\/2"}],"replies":[{"embeddable":true,"href":"https:\/\/www.europesays.com\/fr\/wp-json\/wp\/v2\/comments?post=661846"}],"version-history":[{"count":0,"href":"https:\/\/www.europesays.com\/fr\/wp-json\/wp\/v2\/posts\/661846\/revisions"}],"wp:featuredmedia":[{"embeddable":true,"href":"https:\/\/www.europesays.com\/fr\/wp-json\/wp\/v2\/media\/661847"}],"wp:attachment":[{"href":"https:\/\/www.europesays.com\/fr\/wp-json\/wp\/v2\/media?parent=661846"}],"wp:term":[{"taxonomy":"category","embeddable":true,"href":"https:\/\/www.europesays.com\/fr\/wp-json\/wp\/v2\/categories?post=661846"},{"taxonomy":"post_tag","embeddable":true,"href":"https:\/\/www.europesays.com\/fr\/wp-json\/wp\/v2\/tags?post=661846"}],"curies":[{"name":"wp","href":"https:\/\/api.w.org\/{rel}","templated":true}]}}