{"id":661848,"date":"2026-01-14T01:09:26","date_gmt":"2026-01-14T01:09:26","guid":{"rendered":"https:\/\/www.europesays.com\/fr\/661848\/"},"modified":"2026-01-14T01:09:26","modified_gmt":"2026-01-14T01:09:26","slug":"passe-recompose-experimenter-le-reemploi-exposition-a-rouen-dates-horaires-tarifs","status":"publish","type":"post","link":"https:\/\/www.europesays.com\/fr\/661848\/","title":{"rendered":"\u00ab\u00a0Pass\u00e9 Recompos\u00e9, exp\u00e9rimenter le r\u00e9emploi\u00a0\u00bb, Exposition \u00e0 Rouen : dates, horaires, tarifs"},"content":{"rendered":"<p class=\"fw-bold font-size-16 my-1\"> Du 20\/01\/2026 au 25\/04\/2026<\/p>\n<p class=\"fw-bold font-size-16 my-1\"> 48 Rue Victor Hugo | <a href=\"https:\/\/www.jds.fr\/rouen\/\" target=\"_blank\" rel=\"noopener\">Rouen<\/a><\/p>\n<p class=\"fw-bold font-size-16 my-1\"> NC <\/p>\n<p>Du 20 janvier au 25 avril 2026<\/p>\n<p>Une exposition des projets de recherche et d\u2019\u00e9tude dans une d\u00e9marche de r\u00e9emploi, men\u00e9s par les \u00e9tudiants de l\u2019\u00c9cole nationale sup\u00e9rieure d\u2019architecture de Normandie.<\/p>\n<p>Maquettes, dessins, recherches et exp\u00e9rimentations\u00a0: autant d\u2019approches qui t\u00e9moignent du travail men\u00e9 pour valider leur semestre, avec l\u2019accompagnement de leurs enseignants, Julien Choppin et Soraya Hafaf.<\/p>\n<p>Projet men\u00e9 dans le cadre des Exp\u00e9rimentales, port\u00e9es par la Fondation QUARTUS.<\/p>\n<p>\ud83d\udcc5 <strong>Vernissage\u00a0:<\/strong> mardi 20 janvier 2026 \u00e0 19 h<\/p>\n<p>Une belle occasion de rencontrer les \u00e9tudiants, leurs professeurs et de partager leurs d\u00e9marches cr\u00e9atives.<\/p>\n<p><strong>Acc\u00e8s libre et gratuit<\/strong><\/p>\n<ul>\n<li>Du mardi au samedi\u00a0: 14 h\u00a0\u2013 18 h (ferm\u00e9 les jours f\u00e9ri\u00e9s)<\/li>\n<li>Accueil des groupes et des scolaires sur rendez-vous<\/li>\n<li>Pour joindre l\u2019\u00e9quipe, du lundi au vendredi\u00a0: 02 35 03 40 31<\/li>\n<\/ul>\n<p class=\"text-italic font-size-12\">Cet \u00e9v\u00e9nement a \u00e9t\u00e9 renseign\u00e9 par un organisme institutionnel (Office de tourisme Rouen tourisme). Date de derni\u00e8re mise \u00e0 jour le 11\/01\/2026.<\/p>\n<p>            Renseignements<\/p>\n<p><strong class=\"font-size-18\">O\u00f9\u00a0:<\/strong><br \/> 48 Rue Victor Hugo<a class=\"mt-1 d-block ps-4\" href=\"https:\/\/www.jds.fr\/rouen\/\" target=\"_blank\" rel=\"noopener\"> 76000 Rouen<\/a><\/p>\n<p>Dates et horaires\u00a0: <\/p>\n<ul class=\"liste-dates list-unstyled\" id=\"liste-dates-6966cfed32b35\">\n<li>Tous les jours sauf les Lundis et Dimanches, du Mardi 20 Janvier 2026 au Samedi 25 Avril 2026 de 14h \u00e0 18h<\/li>\n<\/ul>\n<p>Tarifs\u00a0:  <\/p>\n<p>Dans la m\u00eame rubrique<\/p>\n<ul class=\"mt-3 list-unstyled list-articles-v2\" id=\"liste-dates-6966ecc44baeb\">\n<li class=\"col-12 pt-4\" data-view-id-type=\"1\" data-view-id=\"1303944\" data-view-bc=\"0\"><a class=\"d-block titre text-black mb-1 mb-md-2\" href=\"https:\/\/www.jds.fr\/le-havre\/expos\/exposition-jaky-la-brune-1303944_A\" target=\"_blank\" rel=\"noopener\">Exposition\u00a0: Jaky La Brune<\/a>Du 14\/01\/2026 au 21\/02\/2026 Le HavreJaky La Brune est une plasticienne vivant et travaillant entre Paris et Berlin. Elle a fait ses premi\u00e8res armes dans le monde de l\u2019art underground apr\u00e8s avoir d\u00e9couvert la [\u2026]<a class=\"image\" href=\"https:\/\/www.jds.fr\/le-havre\/expos\/exposition-jaky-la-brune-1303944_A\" target=\"_blank\" rel=\"noopener\"><img decoding=\"async\" loading=\"lazy\" src=\"https:\/\/www.europesays.com\/fr\/wp-content\/uploads\/2025\/07\/expositions-1-127052-180-180.webp.webp\" width=\"180\" height=\"180\" alt=\"Exposition : Jaky La Brune\" class=\"border\"\/><\/a><\/li>\n<li class=\"col-12 pt-4\" data-view-id-type=\"1\" data-view-id=\"839810\" data-view-bc=\"0\"><a class=\"d-block titre text-black mb-1 mb-md-2\" href=\"https:\/\/www.jds.fr\/rouen\/expos\/exposition-fantastique-physique-839810_A\" target=\"_blank\" rel=\"noopener\">Exposition \u00ab\u00a0Fantastique physique\u00a0!\u00a0\u00bb<\/a>Jusqu&rsquo;au 30\/09\/2026 RouenThermom\u00e8tre de Kinnersley, machine de Ramsden, bobine de Ruhmkorff, tubes de Crookes\u2026 Ces instruments aux noms \u00e9nigmatiques sont les pr\u00e9cieux \u00e9l\u00e9ments d\u2019un patrimoine [\u2026]<a class=\"image\" href=\"https:\/\/www.jds.fr\/rouen\/expos\/exposition-fantastique-physique-839810_A\" target=\"_blank\" rel=\"noopener\"><img decoding=\"async\" loading=\"lazy\" src=\"https:\/\/www.europesays.com\/fr\/wp-content\/uploads\/2025\/07\/expositions-1-127052-180-180.webp.webp\" width=\"180\" height=\"180\" alt=\"Exposition Fantastique physique !\" class=\"border\"\/><\/a><\/li>\n<li class=\"li_gp_div\">\n<\/li>\n<li class=\"col-12 pt-4\" data-view-id-type=\"1\" data-view-id=\"813589\" data-view-bc=\"0\"><a class=\"image\" href=\"https:\/\/www.jds.fr\/rouen\/expos\/stop-les-toxiques-l-expo-qui-fait-du-bien-a-ma-sante-813589_A\" target=\"_blank\" rel=\"noopener\"><img decoding=\"async\" loading=\"lazy\" src=\"https:\/\/www.europesays.com\/fr\/wp-content\/uploads\/2025\/07\/expositions-1-127052-180-180.webp.webp\" width=\"180\" height=\"180\" alt=\"Stop les toxiques, l'expo qui fait du bien \u00e0 ma sant\u00e9\" class=\"border\"\/><\/a><\/li>\n<li class=\"col-12 pt-4\" data-view-id-type=\"1\" data-view-id=\"1228809\" data-view-bc=\"0\"><a class=\"image\" href=\"https:\/\/www.jds.fr\/rouen\/expos\/exposition-rouen-retrouvee-une-ville-au-temps-des-revolutions-1228809_A\" target=\"_blank\" rel=\"noopener\"><img decoding=\"async\" loading=\"lazy\" src=\"https:\/\/www.europesays.com\/fr\/wp-content\/uploads\/2025\/07\/expositions-1-127052-180-180.webp.webp\" width=\"180\" height=\"180\" alt=\"Exposition - Rouen retrouv\u00e9e, une ville au temps des r\u00e9volutions\" class=\"border\"\/><\/a><\/li>\n<li class=\"col-12 pt-4\" data-view-id-type=\"1\" data-view-id=\"1199777\" data-view-bc=\"0\"><a class=\"d-block titre text-black mb-1 mb-md-2\" href=\"https:\/\/www.jds.fr\/rouen\/expos\/exposition-sophie-kuijken-1199777_A\" target=\"_blank\" rel=\"noopener\">Exposition  Sophie Kuijken<\/a>Jusqu&rsquo;au 01\/02\/2026 Saint-Pierre-de-VarengevilleLes portraits de Sophie Kuijken sont \u00e0 la fois familiers et intrigants. L\u2019artiste place ces personnages \u00e0 la peau p\u00e2le sur un fond sombre et sans d\u00e9tails. Ils semblent [\u2026]<a class=\"image\" href=\"https:\/\/www.jds.fr\/rouen\/expos\/exposition-sophie-kuijken-1199777_A\" target=\"_blank\" rel=\"noopener\"><img decoding=\"async\" loading=\"lazy\" src=\"https:\/\/www.europesays.com\/fr\/wp-content\/uploads\/2025\/07\/expositions-1-127052-180-180.webp.webp\" width=\"180\" height=\"180\" alt=\"Exposition  Sophie Kuijken\" class=\"border\"\/><\/a><\/li>\n<li class=\"li_gp_div li_gp_div_infeed\"\/>\n<li class=\"col-12 pt-4\" data-view-id-type=\"1\" data-view-id=\"1216485\" data-view-bc=\"0\"><a class=\"d-block titre text-black mb-1 mb-md-2\" href=\"https:\/\/www.jds.fr\/rouen\/expos\/vitrines-d-actualite-a-la-table-des-faienciers-1216485_A\" target=\"_blank\" rel=\"noopener\">Vitrines d&rsquo;actualit\u00e9 &#8211; A la table des faienciers<\/a>Jusqu&rsquo;au 08\/03\/2026 Martainville-\u00c9preville<br \/>\nDu 18 octobre 2025 au 8 mars 2026, au mus\u00e9e des traditions et arts normands &#8211; ch\u00e2teau de Martainville.<\/p>\n<p>Les vitrines d&rsquo;actualit\u00e9s \u00c0 la table des fa\u00efenciers vous invitent \u00e0 [\u2026]<a class=\"image\" href=\"https:\/\/www.jds.fr\/rouen\/expos\/vitrines-d-actualite-a-la-table-des-faienciers-1216485_A\" target=\"_blank\" rel=\"noopener\"><img decoding=\"async\" loading=\"lazy\" src=\"https:\/\/www.europesays.com\/fr\/wp-content\/uploads\/2025\/07\/expositions-1-127052-180-180.webp.webp\" width=\"180\" height=\"180\" alt=\"Vitrines d'actualit\u00e9 - A la table des faienciers\" class=\"border\"\/><\/a><\/li>\n<li class=\"col-12 pt-4\" data-view-id-type=\"1\" data-view-id=\"1228812\" data-view-bc=\"0\"><a class=\"d-block titre text-black mb-1 mb-md-2\" href=\"https:\/\/www.jds.fr\/rouen\/expos\/ray-k-metzker-obscurites-radieuses-1228812_A\" target=\"_blank\" rel=\"noopener\">Ray K. Metzker \u00ab Obscurit\u00e9s radieuses\u00a0\u00bb<\/a>Jusqu&rsquo;au 24\/01\/2026 RouenRay K. Metzker (1931-2014) est une figure majeure et discr\u00e8te de la photographie am\u00e9ricaine de la deuxi\u00e8me moiti\u00e9 du vingti\u00e8me si\u00e8cle. Auteur d\u2019une \u0153uvre qui se [\u2026]<a class=\"image\" href=\"https:\/\/www.jds.fr\/rouen\/expos\/ray-k-metzker-obscurites-radieuses-1228812_A\" target=\"_blank\" rel=\"noopener\"><img decoding=\"async\" loading=\"lazy\" src=\"https:\/\/www.europesays.com\/fr\/wp-content\/uploads\/2025\/07\/expositions-1-127052-180-180.webp.webp\" width=\"180\" height=\"180\" alt=\"Ray K. Metzker \u00ab Obscurit\u00e9s radieuses \u00bb\" class=\"border\"\/><\/a><\/li>\n<li class=\"col-12 pt-4\" data-view-id-type=\"1\" data-view-id=\"1283196\" data-view-bc=\"0\"><a class=\"image\" href=\"https:\/\/www.jds.fr\/rouen\/expos\/exposition-charles-frechon-1856-1929-neo-impressionniste-1283196_A\" target=\"_blank\" rel=\"noopener\"><img decoding=\"async\" loading=\"lazy\" src=\"https:\/\/www.europesays.com\/fr\/wp-content\/uploads\/2025\/07\/expositions-1-127052-180-180.webp.webp\" width=\"180\" height=\"180\" alt=\"Exposition Charles Frechon (1856-1929) N\u00e9o-impressionniste\" class=\"border\"\/><\/a><\/li>\n<li class=\"col-12 pt-4\" data-view-id-type=\"1\" data-view-id=\"1307958\" data-view-bc=\"0\"><a class=\"d-block titre text-black mb-1 mb-md-2\" href=\"https:\/\/www.jds.fr\/rouen\/expos\/louis-runemberg-1307958_A\" target=\"_blank\" rel=\"noopener\">Louis Runemberg<\/a>Jusqu&rsquo;au 24\/01\/2026<a href=\"https:\/\/www.jds.fr\/rouen\/art\/la-galerie-de-rouen-23418_L\" class=\"lieu font-size-14 text-gray-700 d-block lh-sm my-1\" target=\"_blank\" rel=\"noopener\"> La Galerie de Rouen <\/a>La Galerie de Rouen pr\u00e9sente Louis RUNEMBERG artiste peintre sculpteur r\u00e9f\u00e9rence de l&rsquo;histoire de l&rsquo;art. Cr\u00e9ateur du concept Windows Art en 1999, membre [\u2026]<a class=\"image\" href=\"https:\/\/www.jds.fr\/rouen\/expos\/louis-runemberg-1307958_A\" target=\"_blank\" rel=\"noopener\"><img decoding=\"async\" loading=\"lazy\" src=\"https:\/\/www.europesays.com\/fr\/wp-content\/uploads\/2026\/01\/0-99972400-1767314516-812084-180-180.webp.webp\" width=\"180\" height=\"180\" alt=\"Louis Runemberg\" class=\"border\"\/><\/a><\/li>\n<li class=\"li_gp_div li_gp_div_infeed\"\/>\n<li class=\"col-12 pt-4\" data-view-id-type=\"1\" data-view-id=\"1317152\" data-view-bc=\"0\"><a class=\"d-block titre text-black mb-1 mb-md-2\" href=\"https:\/\/www.jds.fr\/le-havre\/expos\/exposition-naitre-fille-1317152_A\" target=\"_blank\" rel=\"noopener\">Exposition: Na\u00eetre fille<\/a>Jusqu&rsquo;au 11\/02\/2026 HarfleurSelon son pays de naissance, na\u00eetre fille n\u2019offre pas les m\u00eames perspectives\u2026<br \/>\nCinq jeunes filles du monde entier racontent leur quotidien et ce que signifie pour elles [\u2026]<a class=\"image\" href=\"https:\/\/www.jds.fr\/le-havre\/expos\/exposition-naitre-fille-1317152_A\" target=\"_blank\" rel=\"noopener\"><img decoding=\"async\" loading=\"lazy\" src=\"https:\/\/www.europesays.com\/fr\/wp-content\/uploads\/2025\/07\/expositions-1-127052-180-180.webp.webp\" width=\"180\" height=\"180\" alt=\"Exposition: Na\u00eetre fille\" class=\"border\"\/><\/a><\/li>\n<li class=\"col-12 pt-4\" data-view-id-type=\"1\" data-view-id=\"1103891\" data-view-bc=\"0\"><a class=\"image\" href=\"https:\/\/www.jds.fr\/rouen\/expos\/boomerang-exposition-des-photographies-de-dominique-cordier-et-olivier-cosson-1103891_A\" target=\"_blank\" rel=\"noopener\"><img decoding=\"async\" loading=\"lazy\" src=\"https:\/\/www.europesays.com\/fr\/wp-content\/uploads\/2025\/07\/expositions-1-127052-180-180.webp.webp\" width=\"180\" height=\"180\" alt=\"Boomerang Exposition des photographies de Dominique Cordier et Olivier Cosson\" class=\"border\"\/><\/a><\/li>\n<li class=\"col-12 pt-4\" data-view-id-type=\"1\" data-view-id=\"1103979\" data-view-bc=\"0\"><a class=\"image\" href=\"https:\/\/www.jds.fr\/rouen\/expos\/karim-jaafar-exposition-des-calligraphies-de-karim-jaafar-1103979_A\" target=\"_blank\" rel=\"noopener\"><img decoding=\"async\" loading=\"lazy\" src=\"https:\/\/www.europesays.com\/fr\/wp-content\/uploads\/2025\/07\/expositions-1-127052-180-180.webp.webp\" width=\"180\" height=\"180\" alt=\"Karim Ja\u00e2far Exposition des calligraphies de Karim Ja\u00e2far\" class=\"border\"\/><\/a><\/li>\n<li class=\"col-12 pt-4\" data-view-id-type=\"1\" data-view-id=\"1303970\" data-view-bc=\"0\"><a class=\"image\" href=\"https:\/\/www.jds.fr\/rouen\/expos\/exposition-le-jardin-des-peintres-impressionnistes-a-bois-guilbert-de-jean-marc-de-pas-1303970_A\" target=\"_blank\" rel=\"noopener\"><img decoding=\"async\" loading=\"lazy\" src=\"https:\/\/www.europesays.com\/fr\/wp-content\/uploads\/2025\/07\/expositions-1-127052-180-180.webp.webp\" width=\"180\" height=\"180\" alt=\"Exposition : Le Jardin des peintres impressionnistes \u00e0 Bois-Guilbert, de Jean-Marc de Pas\" class=\"border\"\/><\/a><\/li>\n<li class=\"li_gp_div li_gp_div_infeed\"\/>\n<li class=\"col-12 pt-4\" data-view-id-type=\"1\" data-view-id=\"1319846\" data-view-bc=\"0\"><a class=\"d-block titre text-black mb-1 mb-md-2\" href=\"https:\/\/www.jds.fr\/rouen\/expos\/exposition-cleres-modelisme-1319846_A\" target=\"_blank\" rel=\"noopener\">Exposition Cl\u00e8res Mod\u00e9lisme<\/a>Du 04\/04\/2026 au 05\/04\/2026 Cl\u00e8resExposition de maquettes, radiocommandes, trains, voitures, figurines, Meccano et bourse d\u2019\u00e9change.<br \/>\nBuvette sur place.<a class=\"image\" href=\"https:\/\/www.jds.fr\/rouen\/expos\/exposition-cleres-modelisme-1319846_A\" target=\"_blank\" rel=\"noopener\"><img decoding=\"async\" loading=\"lazy\" src=\"https:\/\/www.europesays.com\/fr\/wp-content\/uploads\/2025\/07\/expositions-1-127052-180-180.webp.webp\" width=\"180\" height=\"180\" alt=\"Exposition Cl\u00e8res Mod\u00e9lisme\" class=\"border\"\/><\/a><\/li>\n<li class=\"col-12 pt-4\" data-view-id-type=\"1\" data-view-id=\"1303926\" data-view-bc=\"0\"><a class=\"image\" href=\"https:\/\/www.jds.fr\/rouen\/expos\/exposition-les-jardins-impressionnistes-de-l-ecole-de-rouen-1303926_A\" target=\"_blank\" rel=\"noopener\"><img decoding=\"async\" loading=\"lazy\" src=\"https:\/\/www.europesays.com\/fr\/wp-content\/uploads\/2025\/07\/expositions-1-127052-180-180.webp.webp\" width=\"180\" height=\"180\" alt=\"Exposition : Les Jardins impressionnistes de l'Ecole de Rouen\" class=\"border\"\/><\/a><\/li>\n<li class=\"col-12 pt-4\" data-view-id-type=\"1\" data-view-id=\"1102558\" data-view-bc=\"0\"><a class=\"d-block titre text-black mb-1 mb-md-2\" href=\"https:\/\/www.jds.fr\/rouen\/expos\/marie-mignot-exposition-des-illustrations-de-l-artiste-1102558_A\" target=\"_blank\" rel=\"noopener\">Marie Mignot Exposition des illustrations de l&rsquo;artiste<\/a>Du 06\/05\/2026 au 21\/05\/2026 Mont-Saint-Aignan<br \/>\nL\u2019Espace Marc Sangnier pr\u00e9sente l\u2019exposition de Marie Mignot, illustratrice install\u00e9e \u00e0 Mont-Saint-Aignan.<\/p>\n<p>Dipl\u00f4m\u00e9e des arts d\u00e9coratifs de Strasbourg, elle a d\u00e9but\u00e9 [\u2026]<a class=\"image\" href=\"https:\/\/www.jds.fr\/rouen\/expos\/marie-mignot-exposition-des-illustrations-de-l-artiste-1102558_A\" target=\"_blank\" rel=\"noopener\"><img decoding=\"async\" loading=\"lazy\" src=\"https:\/\/www.europesays.com\/fr\/wp-content\/uploads\/2025\/07\/expositions-1-127052-180-180.webp.webp\" width=\"180\" height=\"180\" alt=\"Marie Mignot Exposition des illustrations de l'artiste\" class=\"border\"\/><\/a><\/li>\n<li class=\"col-12 pt-4\" data-view-id-type=\"1\" data-view-id=\"1102526\" data-view-bc=\"0\"><a class=\"d-block titre text-black mb-1 mb-md-2\" href=\"https:\/\/www.jds.fr\/rouen\/expos\/rien-danse-par-la-compagnie-monsieur-k-1102526_A\" target=\"_blank\" rel=\"noopener\">Rien\u00a0? Danse par la Compagnie Monsieur\u00a0K<\/a>Le 31\/05\/2026 Mont-Saint-AignanVous n\u2019avez jamais bay\u00e9 aux corneilles\u00a0? C\u2019est pourtant souvent dans les moments d\u2019ennui que peut germer la bonne id\u00e9e. Ne rien faire, mais le mieux possible, avec [\u2026]<a class=\"image\" href=\"https:\/\/www.jds.fr\/rouen\/expos\/rien-danse-par-la-compagnie-monsieur-k-1102526_A\" target=\"_blank\" rel=\"noopener\"><img decoding=\"async\" loading=\"lazy\" src=\"https:\/\/www.europesays.com\/fr\/wp-content\/uploads\/2025\/07\/expositions-1-127052-180-180.webp.webp\" width=\"180\" height=\"180\" alt=\"Rien ? Danse par la Compagnie Monsieur K\" class=\"border\"\/><\/a><\/li>\n<li class=\"li_gp_div li_gp_div_infeed\"\/>\n<li class=\"col-12 pt-4\" data-view-id-type=\"1\" data-view-id=\"1303916\" data-view-bc=\"0\"><a class=\"d-block titre text-black mb-1 mb-md-2\" href=\"https:\/\/www.jds.fr\/rouen\/expos\/exposition-l-unicite-de-la-couleur-1303916_A\" target=\"_blank\" rel=\"noopener\">Exposition\u00a0: L&rsquo;Unicit\u00e9 de la couleur<\/a>Du 04\/07\/2026 au 01\/11\/2026 Bois-GuilbertDu 4 juillet au 1er novembre, le Jardin des sculptures et Caroline Coppey vous invitent \u00e0 l\u2019exposition L\u2019Unicit\u00e9 de la couleur.<br \/>\nArtiste plasticienne contemporaine et [\u2026]<a class=\"image\" href=\"https:\/\/www.jds.fr\/rouen\/expos\/exposition-l-unicite-de-la-couleur-1303916_A\" target=\"_blank\" rel=\"noopener\"><img decoding=\"async\" loading=\"lazy\" src=\"https:\/\/www.europesays.com\/fr\/wp-content\/uploads\/2025\/07\/expositions-1-127052-180-180.webp.webp\" width=\"180\" height=\"180\" alt=\"Exposition : L'Unicit\u00e9 de la couleur\" class=\"border\"\/><\/a><\/li>\n<\/ul>\n<p class=\"mt-0 mb-3 h2\">Newsletter JDS Rouen<\/p>\n<p class=\"font-size-18 fw-normal lh-sm\">Pr\u00eat pour un week-end de folie\u00a0? Chaque jeudi tous les bons plans sorties<\/p>\n","protected":false},"excerpt":{"rendered":"Du 20\/01\/2026 au 25\/04\/2026 48 Rue Victor Hugo | Rouen NC Du 20 janvier au 25 avril 2026&hellip;\n","protected":false},"author":2,"featured_media":40537,"comment_status":"","ping_status":"","sticky":false,"template":"","format":"standard","meta":{"footnotes":""},"categories":[9587],"tags":[1111,11,1777,674,1011,27,12,5161,25,9590],"class_list":{"0":"post-661848","1":"post","2":"type-post","3":"status-publish","4":"format-standard","5":"has-post-thumbnail","7":"category-rouen","8":"tag-actu","9":"tag-actualites","10":"tag-eu","11":"tag-europe","12":"tag-fr","13":"tag-france","14":"tag-news","15":"tag-normandie","16":"tag-republique-francaise","17":"tag-rouen"},"share_on_mastodon":{"url":"https:\/\/pubeurope.com\/@fr\/115890787153648371","error":""},"_links":{"self":[{"href":"https:\/\/www.europesays.com\/fr\/wp-json\/wp\/v2\/posts\/661848","targetHints":{"allow":["GET"]}}],"collection":[{"href":"https:\/\/www.europesays.com\/fr\/wp-json\/wp\/v2\/posts"}],"about":[{"href":"https:\/\/www.europesays.com\/fr\/wp-json\/wp\/v2\/types\/post"}],"author":[{"embeddable":true,"href":"https:\/\/www.europesays.com\/fr\/wp-json\/wp\/v2\/users\/2"}],"replies":[{"embeddable":true,"href":"https:\/\/www.europesays.com\/fr\/wp-json\/wp\/v2\/comments?post=661848"}],"version-history":[{"count":0,"href":"https:\/\/www.europesays.com\/fr\/wp-json\/wp\/v2\/posts\/661848\/revisions"}],"wp:featuredmedia":[{"embeddable":true,"href":"https:\/\/www.europesays.com\/fr\/wp-json\/wp\/v2\/media\/40537"}],"wp:attachment":[{"href":"https:\/\/www.europesays.com\/fr\/wp-json\/wp\/v2\/media?parent=661848"}],"wp:term":[{"taxonomy":"category","embeddable":true,"href":"https:\/\/www.europesays.com\/fr\/wp-json\/wp\/v2\/categories?post=661848"},{"taxonomy":"post_tag","embeddable":true,"href":"https:\/\/www.europesays.com\/fr\/wp-json\/wp\/v2\/tags?post=661848"}],"curies":[{"name":"wp","href":"https:\/\/api.w.org\/{rel}","templated":true}]}}